{"id":16796,"date":"2024-12-23T18:15:51","date_gmt":"2024-12-23T21:15:51","guid":{"rendered":"https:\/\/www.visionweb.com.ar\/?p=16796"},"modified":"2024-12-23T18:15:51","modified_gmt":"2024-12-23T21:15:51","slug":"salud-mental-habra-menos-trabas-administrativas-para-abrir-centros-especializados","status":"publish","type":"post","link":"https:\/\/www.visionweb.com.ar\/?p=16796","title":{"rendered":"Salud mental: Habr\u00e1 menos trabas administrativas para abrir centros especializados"},"content":{"rendered":"<p><em><strong>El Gobierno nacional introdujo cambios significativos en los requisitos para la habilitaci\u00f3n y fiscalizaci\u00f3n de centros de salud mental y adicciones.<\/strong><\/em><!--more--><\/p>\n<div id=\"attachment_16797\" style=\"width: 310px\" class=\"wp-caption alignright\"><img loading=\"lazy\" decoding=\"async\" aria-describedby=\"caption-attachment-16797\" class=\"wp-image-16797 size-medium\" src=\"https:\/\/www.visionweb.com.ar\/wp-content\/uploads\/2024\/12\/mario-lugones-min-salud-300x171.png\" alt=\"\" width=\"300\" height=\"171\" srcset=\"https:\/\/www.visionweb.com.ar\/wp-content\/uploads\/2024\/12\/mario-lugones-min-salud-300x171.png 300w, https:\/\/www.visionweb.com.ar\/wp-content\/uploads\/2024\/12\/mario-lugones-min-salud.png 574w\" sizes=\"auto, (max-width: 300px) 100vw, 300px\" \/><p id=\"caption-attachment-16797\" class=\"wp-caption-text\">Ministro de Salud, Mario Lugones<\/p><\/div>\n<p><strong> \u00a0\u00a0\u00a0\u00a0\u00a0\u00a0\u00a0\u00a0 E<\/strong>l\u00a0<strong>Gobierno nacional<\/strong>\u00a0implement\u00f3 cambios en los requisitos para la habilitaci\u00f3n y fiscalizaci\u00f3n de centros de tratamiento de salud mental y adicciones, seg\u00fan lo dispuesto en la\u00a0<strong>Resoluci\u00f3n 6155\/2024<\/strong>\u00a0del Ministerio de Salud de la Naci\u00f3n, publicada este lunes en el\u00a0<strong><a href=\"https:\/\/www.boletinoficial.gob.ar\/\">Bolet\u00edn Oficial<\/a><\/strong>.<\/p>\n<p>De esta manera, se deroga una normativa anterior implementada por la gesti\u00f3n de<strong>\u00a0Alberto Fern\u00e1ndez<\/strong>, que contempla, en uno de los ejes centrales, la eliminaci\u00f3n de la consulta vinculante con la\u00a0<strong>Secretar\u00eda de Derechos Humanos de la Naci\u00f3n<\/strong>\u00a0para la apertura y fiscalizaci\u00f3n de instituciones de ese rubro.<\/p>\n<p>Desde la\u00a0<strong>cartera sanitaria nacional<\/strong>, explicaron que esa consulta previa generaba demoras en los tr\u00e1mites y, en algunos casos, imped\u00eda la habilitaci\u00f3n de nuevos establecimientos.<\/p>\n<p>\u201cLa resoluci\u00f3n anterior provocaba demoras o imposibilidad de habilitaciones, ya que establec\u00eda una consulta vinculante con la\u00a0<strong>Secretar\u00eda de Derechos Humanos<\/strong>. Esta situaci\u00f3n no se correspond\u00eda con lo establecido por la norma superior vigente, la<strong>\u00a0Ley Nacional de Salud Mental<\/strong>\u00a0(LNSM). Por lo tanto, la modificaci\u00f3n obedece no s\u00f3lo a ubicar la resoluci\u00f3n acorde al art\u00edculo 34 de la LNSM, sino a efectivizar el procedimiento, de forma eficiente y expeditiva\u201d, detallaron desde el\u00a0<strong>Ejecutivo<\/strong>\u00a0en un comunicado oficial.<\/p>\n<p>La nueva normativa apunta a promover un modelo de atenci\u00f3n basado en la comunidad, que fomente la inclusi\u00f3n social de las personas y garantice una atenci\u00f3n integral, interdisciplinaria, intersectorial y con enfoque de derechos en torno a las problem\u00e1ticas de\u00a0<strong>salud mental<\/strong>. En este sentido, destacan dispositivos como consultorios externos, centros de d\u00eda comunitarios y hospitales de d\u00eda con componente de internaci\u00f3n, adaptados a estas necesidades.<\/p>\n<p>La resoluci\u00f3n tambi\u00e9n establece que la\u00a0<strong>Direcci\u00f3n Nacional de Habilitaci\u00f3n, Fiscalizaci\u00f3n y Sanidad de Fronteras<\/strong>\u00a0ser\u00e1 la encargada de evaluar los establecimientos y servicios. Si se detectan incongruencias, se dar\u00e1 intervenci\u00f3n a la\u00a0<strong>Direcci\u00f3n Nacional de Abordaje Integral de Salud Mental<\/strong>, que podr\u00e1 solicitar asistencia a la\u00a0<strong>Comisi\u00f3n Permanente de Trabajo y Asistencia T\u00e9cnica<\/strong>.<\/p>\n<p><strong>El Ministerio de Salud apunta a fortalecer la red de servicios<\/strong><\/p>\n<p>Desde el\u00a0<strong>Gobierno<\/strong>\u00a0<strong>libertario\u00a0<\/strong>aseguraron que la nueva resoluci\u00f3n simplifica los procedimientos administrativos de acuerdo con los principios establecidos en la\u00a0<strong>Ley N\u00ba 27.742<\/strong>\u00a0<strong>de Bases y Punto de Partida para la Libertad de los Argentinos<\/strong>.<\/p>\n<p>\u201cSe adecua el procedimiento de habilitaciones de estos dispositivos a fin de garantizar un proceso \u00e1gil, din\u00e1mico y diligente, fortaleciendo la red de servicios mediante la creaci\u00f3n de dispositivos comunitarios\u201d, se\u00f1alaron oficialmente.<\/p>\n<p>Entre las principales modificaciones, se incluye un enfoque renovado para la definici\u00f3n y optimizaci\u00f3n de dispositivos orientados al abordaje de consumos problem\u00e1ticos. Adem\u00e1s, se destacan los esfuerzos para la continuidad de cuidados y la externaci\u00f3n sustentable de pacientes, con la participaci\u00f3n de equipos interdisciplinarios.<\/p>\n<p>Estas medidas buscan garantizar la seguridad y calidad en los tratamientos, disminuyendo los riesgos asociados y asegurando mejores resultados terap\u00e9uticos.<\/p>\n<p>En este marco, el\u00a0<strong>Ministerio de Salud<\/strong>\u00a0tambi\u00e9n subray\u00f3 que estas modificaciones receptan, ampl\u00edan y garantizan los derechos de los pacientes contemplados en las normativas vigentes. \u201c<strong>Se propicia la accesibilidad, seguridad y calidad en los establecimientos<\/strong>, lo que conlleva una disminuci\u00f3n de los riesgos en los tratamientos institucionales y una mayor calidad de los mismos\u201d, destacaron.<\/p>\n<p>Finalmente, subrayaron que esta reforma fortalece la red asistencial, garantizando un abordaje integral y sustentable para las personas que requieren atenci\u00f3n en salud mental y consumos problem\u00e1ticos. \u201cSe propicia un trato digno y respetuoso, con equipos interdisciplinarios que aseguren la calidad y continuidad del cuidado\u201d, concluyeron. <strong>(VW)<\/strong><\/p>\n","protected":false},"excerpt":{"rendered":"<p>El Gobierno nacional introdujo cambios significativos en los requisitos para la habilitaci\u00f3n y fiscalizaci\u00f3n de centros de salud mental y adicciones.<\/p>\n","protected":false},"author":4,"featured_media":16797,"comment_status":"closed","ping_status":"closed","sticky":false,"template":"","format":"standard","meta":{"_monsterinsights_skip_tracking":false,"_monsterinsights_sitenote_active":false,"_monsterinsights_sitenote_note":"","_monsterinsights_sitenote_category":0,"footnotes":""},"categories":[4],"tags":[7110,7111,2146],"class_list":["post-16796","post","type-post","status-publish","format-standard","has-post-thumbnail","hentry","category-politica","tag-habilitacion-de-centros","tag-sacan-trabas-para-habilitaciones","tag-salud-mental"],"_links":{"self":[{"href":"https:\/\/www.visionweb.com.ar\/index.php?rest_route=\/wp\/v2\/posts\/16796","targetHints":{"allow":["GET"]}}],"collection":[{"href":"https:\/\/www.visionweb.com.ar\/index.php?rest_route=\/wp\/v2\/posts"}],"about":[{"href":"https:\/\/www.visionweb.com.ar\/index.php?rest_route=\/wp\/v2\/types\/post"}],"author":[{"embeddable":true,"href":"https:\/\/www.visionweb.com.ar\/index.php?rest_route=\/wp\/v2\/users\/4"}],"replies":[{"embeddable":true,"href":"https:\/\/www.visionweb.com.ar\/index.php?rest_route=%2Fwp%2Fv2%2Fcomments&post=16796"}],"version-history":[{"count":1,"href":"https:\/\/www.visionweb.com.ar\/index.php?rest_route=\/wp\/v2\/posts\/16796\/revisions"}],"predecessor-version":[{"id":16798,"href":"https:\/\/www.visionweb.com.ar\/index.php?rest_route=\/wp\/v2\/posts\/16796\/revisions\/16798"}],"wp:featuredmedia":[{"embeddable":true,"href":"https:\/\/www.visionweb.com.ar\/index.php?rest_route=\/wp\/v2\/media\/16797"}],"wp:attachment":[{"href":"https:\/\/www.visionweb.com.ar\/index.php?rest_route=%2Fwp%2Fv2%2Fmedia&parent=16796"}],"wp:term":[{"taxonomy":"category","embeddable":true,"href":"https:\/\/www.visionweb.com.ar\/index.php?rest_route=%2Fwp%2Fv2%2Fcategories&post=16796"},{"taxonomy":"post_tag","embeddable":true,"href":"https:\/\/www.visionweb.com.ar\/index.php?rest_route=%2Fwp%2Fv2%2Ftags&post=16796"}],"curies":[{"name":"wp","href":"https:\/\/api.w.org\/{rel}","templated":true}]}}