{"id":16793,"date":"2024-12-23T17:52:31","date_gmt":"2024-12-23T20:52:31","guid":{"rendered":"https:\/\/www.visionweb.com.ar\/?p=16793"},"modified":"2024-12-23T17:52:31","modified_gmt":"2024-12-23T20:52:31","slug":"la-provincia-se-prepara-para-el-verano","status":"publish","type":"post","link":"https:\/\/www.visionweb.com.ar\/?p=16793","title":{"rendered":"La Provincia se prepara para el verano"},"content":{"rendered":"<p><strong><em> Durante la temporada, el Ministerio de Producci\u00f3n, Ciencia e Innovaci\u00f3n Tecnol\u00f3gica tendr\u00e1 presencia con dos paradores de ReCreo en Villa Gesell y Miramar.<\/em><\/strong><!--more--><\/p>\n<p><img loading=\"lazy\" decoding=\"async\" class=\"size-medium wp-image-16794 alignleft\" src=\"https:\/\/www.visionweb.com.ar\/wp-content\/uploads\/2024\/12\/TURISMO-BONAERENSE-300x150.png\" alt=\"\" width=\"300\" height=\"150\" srcset=\"https:\/\/www.visionweb.com.ar\/wp-content\/uploads\/2024\/12\/TURISMO-BONAERENSE-300x150.png 300w, https:\/\/www.visionweb.com.ar\/wp-content\/uploads\/2024\/12\/TURISMO-BONAERENSE.png 640w\" sizes=\"auto, (max-width: 300px) 100vw, 300px\" \/>El gobernador bonaerense,\u00a0 Axel Kicillof encabez\u00f3 este jueves la presentaci\u00f3n del Operativo de Sol a Sol 2024\/25, que desplegar\u00e1 dispositivos de seguridad, salud y transporte en todos los destinos tur\u00edsticos y puntos estrat\u00e9gicos de la provincia de Buenos Aires.<\/p>\n<p><strong>Seguridad<\/strong><\/p>\n<p>Con un despliegue de m\u00e1s de 25.000 efectivos policiales, 200 patrulleros, 150 camionetas y 600 motos se dispondr\u00e1n tareas de prevenci\u00f3n y cuidado de las familias que deseen vacacionar en la costa atl\u00e1ntica o en los principales cetros tur\u00edsticos que incluyen sierras y lagos, se inform\u00f3 desde la Provincia.<\/p>\n<p>Adem\u00e1s, se incrementar\u00e1n los medios log\u00edsticos y t\u00e9cnicos sobre las principales rutas para brindar asistencia, prevenir siniestros viales, fiscalizar el transporte y llevar a cabo controles de alcoholemia.<\/p>\n<p><strong>Atenci\u00f3n de emergencias\u00a0<\/strong><\/p>\n<p>En materia de salud, se dispondr\u00e1 de 50 ambulancias y helic\u00f3pteros sanitarios; se contar\u00e1 con 20 postas de prevenci\u00f3n y promoci\u00f3n de la salud; y se fortalecer\u00e1 el Sistema de Atenci\u00f3n al Turista (SAT) para casos de urgencia.<\/p>\n<p>Asimismo, IOMA llevar\u00e1 adelante una campa\u00f1a para impulsar el cuidado de la salud en el universo afiliatorio con m\u00e1s de 60 agentes sanitarios en distintos puntos tur\u00edsticos estrat\u00e9gicos.<\/p>\n<p><strong>Recreaci\u00f3n<\/strong><\/p>\n<p>Por otra parte, durante la temporada, el Ministerio de Producci\u00f3n, Ciencia e Innovaci\u00f3n Tecnol\u00f3gica tendr\u00e1 presencia con dos paradores de <strong>ReCreo en Villa Gesell y Miramar,<\/strong> los cuales ofrecer\u00e1n desde el 4 de enero m\u00e1s de 20 actividades diarias para todo p\u00fablico, <strong>clases de baile, talleres deportivos y servicios de sombrillas, reposeras y ba\u00f1os<\/strong>.<\/p>\n<p>Adem\u00e1s, funcionar\u00e1 un cami\u00f3n itinerante que <strong>recorrer\u00e1 las fiestas populares de los distintos municipios ofreciendo productos regionales, actividades y juegos para toda la familia.<\/strong><\/p>\n<p>En tanto, el Instituto Cultural llevar\u00e1 adelante una programaci\u00f3n de <strong>m\u00e1s de 600 funciones y espect\u00e1culos en diferentes puntos tur\u00edsticos<\/strong> que permitir\u00e1 garantizar el acceso a la cultura y generar empleo para m\u00e1s de 1.000 artistas de la Provincia.<\/p>\n<p>Las propuestas incluyen shows musicales y teatrales, eventos de humor, talleres, ciclos de lecturas y exposiciones para las infancias.<\/p>\n<p>Por su parte, el Banco Provincia ofrecer\u00e1 cuotas sin inter\u00e9s con tarjetas de cr\u00e9dito en rubros vinculados al turismo y continuar\u00e1 con la pol\u00edtica de reintegros a trav\u00e9s de Cuenta DNI <strong>(VW)<\/strong>.<\/p>\n","protected":false},"excerpt":{"rendered":"<p>Durante la temporada, el Ministerio de Producci\u00f3n, Ciencia e Innovaci\u00f3n Tecnol\u00f3gica tendr\u00e1 presencia con dos paradores de ReCreo en Villa Gesell y Miramar.<\/p>\n","protected":false},"author":3,"featured_media":16794,"comment_status":"closed","ping_status":"closed","sticky":false,"template":"","format":"standard","meta":{"_monsterinsights_skip_tracking":false,"_monsterinsights_sitenote_active":false,"_monsterinsights_sitenote_note":"","_monsterinsights_sitenote_category":0,"footnotes":""},"categories":[8,700],"tags":[2809,583,328,100,49],"class_list":["post-16793","post","type-post","status-publish","format-standard","has-post-thumbnail","hentry","category-interes-general","category-turismo","tag-dni","tag-emergencias","tag-miramar","tag-salud","tag-turismo"],"_links":{"self":[{"href":"https:\/\/www.visionweb.com.ar\/index.php?rest_route=\/wp\/v2\/posts\/16793","targetHints":{"allow":["GET"]}}],"collection":[{"href":"https:\/\/www.visionweb.com.ar\/index.php?rest_route=\/wp\/v2\/posts"}],"about":[{"href":"https:\/\/www.visionweb.com.ar\/index.php?rest_route=\/wp\/v2\/types\/post"}],"author":[{"embeddable":true,"href":"https:\/\/www.visionweb.com.ar\/index.php?rest_route=\/wp\/v2\/users\/3"}],"replies":[{"embeddable":true,"href":"https:\/\/www.visionweb.com.ar\/index.php?rest_route=%2Fwp%2Fv2%2Fcomments&post=16793"}],"version-history":[{"count":1,"href":"https:\/\/www.visionweb.com.ar\/index.php?rest_route=\/wp\/v2\/posts\/16793\/revisions"}],"predecessor-version":[{"id":16795,"href":"https:\/\/www.visionweb.com.ar\/index.php?rest_route=\/wp\/v2\/posts\/16793\/revisions\/16795"}],"wp:featuredmedia":[{"embeddable":true,"href":"https:\/\/www.visionweb.com.ar\/index.php?rest_route=\/wp\/v2\/media\/16794"}],"wp:attachment":[{"href":"https:\/\/www.visionweb.com.ar\/index.php?rest_route=%2Fwp%2Fv2%2Fmedia&parent=16793"}],"wp:term":[{"taxonomy":"category","embeddable":true,"href":"https:\/\/www.visionweb.com.ar\/index.php?rest_route=%2Fwp%2Fv2%2Fcategories&post=16793"},{"taxonomy":"post_tag","embeddable":true,"href":"https:\/\/www.visionweb.com.ar\/index.php?rest_route=%2Fwp%2Fv2%2Ftags&post=16793"}],"curies":[{"name":"wp","href":"https:\/\/api.w.org\/{rel}","templated":true}]}}