{"id":16780,"date":"2024-12-20T13:54:10","date_gmt":"2024-12-20T16:54:10","guid":{"rendered":"https:\/\/www.visionweb.com.ar\/?p=16780"},"modified":"2024-12-20T13:54:10","modified_gmt":"2024-12-20T16:54:10","slug":"jubilados-nada-para-festejar-y-nada-con-que-celebrar","status":"publish","type":"post","link":"https:\/\/www.visionweb.com.ar\/?p=16780","title":{"rendered":"Jubilados: \u201cNada para festejar y nada con qu\u00e9 celebrar\u201d"},"content":{"rendered":"<p><em><strong>Desde La Plata, jubilados brindar\u00e1n con pan y agua frente al PAMI. La iniciativa se realizar\u00e1 el pr\u00f3ximo 23 de diciembre y se replicar\u00e1 en otras delegaciones del pa\u00eds. A las 17.30 habr\u00e1 una concentraci\u00f3n en Plaza de Mayo.<\/strong><\/em><!--more--><\/p>\n<p><img loading=\"lazy\" decoding=\"async\" class=\"size-medium wp-image-12327 alignright\" src=\"https:\/\/www.visionweb.com.ar\/wp-content\/uploads\/2023\/10\/jubilados-300x174.png\" alt=\"\" width=\"300\" height=\"174\" srcset=\"https:\/\/www.visionweb.com.ar\/wp-content\/uploads\/2023\/10\/jubilados-300x174.png 300w, https:\/\/www.visionweb.com.ar\/wp-content\/uploads\/2023\/10\/jubilados.png 576w\" sizes=\"auto, (max-width: 300px) 100vw, 300px\" \/>\u00a0 <strong>I<\/strong>ntegrantes de la <strong>Multisectorial de jubilados y pensionados de La Plata, Berisso y Ensenada<\/strong>, se reunir\u00e1n el pr\u00f3ximo <strong>lunes 23 de diciembre en la sede del PAMI<\/strong>, ubicada en 51 entre 8 y 9 a las 10.30, y brindar\u00e1n, en forma simb\u00f3lica, con pan y agua. Bajo la consigna\u00a0<strong>\u201cNada para festejar y nada con qu\u00e9 celebrar\u201d<\/strong>.<\/p>\n<p><strong>En la \u00faltima reuni\u00f3n del a\u00f1o de la multisectorial de jubilados, pensionados y personas con discapacidad de La Plata <\/strong>se evalu\u00f3 el trabajo realizado hasta el momento<strong>\u00a0<\/strong>y <strong>se defini\u00f3 la acci\u00f3n del lunes 23 de diciembre a las 10.30, para reclamar contra la quita de medicamentos, la atenci\u00f3n m\u00e9dica, por alimentos, y el aumento en los salarios m\u00ednimos<\/strong> para que alcance al costo de la canasta b\u00e1sica, inform\u00f3 DIB.<\/p>\n<p>\u201cInvitamos a trabajadores, estudiantes, organizaciones sindicales, sociales, culturales, pol\u00edticas y al pueblo de La Plata y de la regi\u00f3n en general a que nos acompa\u00f1en y de esa manera demostrarle al Gobierno y a sus aliados \u2018dialoguistas\u2019 que, aunque vengan degollando, sabremos dar pelea\u201d, inform\u00f3 la <strong>organizaci\u00f3n de jubilados en un comunicado<\/strong>.<\/p>\n<p><img loading=\"lazy\" decoding=\"async\" class=\"size-medium wp-image-11519 alignleft\" src=\"https:\/\/www.visionweb.com.ar\/wp-content\/uploads\/2023\/08\/PAMI-300x225.png\" alt=\"\" width=\"300\" height=\"225\" srcset=\"https:\/\/www.visionweb.com.ar\/wp-content\/uploads\/2023\/08\/PAMI-300x225.png 300w, https:\/\/www.visionweb.com.ar\/wp-content\/uploads\/2023\/08\/PAMI-320x240.png 320w, https:\/\/www.visionweb.com.ar\/wp-content\/uploads\/2023\/08\/PAMI.png 640w\" sizes=\"auto, (max-width: 300px) 100vw, 300px\" \/>\u201cLo hacemos en ese lugar porque la<strong> Obra Social m\u00e1s grande de la Argentina y de Latinoam\u00e9rica<\/strong> es una de las herramientas utilizadas por el presidente <strong>Javier Milei para aplicar su inmensa crueldad sobre nosotros<\/strong>\u201d, apunt\u00f3 el texto.<\/p>\n<p><strong>La actividad se realizar\u00e1 en la capital bonaerense durante la ma\u00f1ana, ya que a las 17.30 habr\u00e1 una movilizaci\u00f3n en Plaza de Mayo, en CABA, donde tambi\u00e9n se brindar\u00e1 con pan y agua.<\/strong><\/p>\n<p>Se busca, adem\u00e1s, que la iniciativa se replique en <strong>delegaciones de PAMI del interior del pa\u00eds<\/strong> tambi\u00e9n. \u201cInvitamos a todas las regionales de la provincia de Buenos Aires a que este 23, todos lo que puedan, realicen acciones en las delegaciones del PAMI brindando con pan y agua para <strong>denunciar este genocidio silencioso que est\u00e1 llevando adelante el gobierno nacional<\/strong>\u201d, sostuvo la <strong>secretaria de Previsi\u00f3n Social de la CTA Aut\u00f3noma Bonaerense, Alejandra Brillante<\/strong>.<\/p>\n<p>Desde la Multisectorial exigen al gobierno un aumento de emergencia, <strong>haber m\u00ednimo igual a la canasta del adulto mayor calculado por la Defensor\u00eda de la Tercera Edad de C.A.B.A. en $980.000<\/strong> y proporcional al resto de la escala, y la <strong>cobertura del 100% de todos los medicamentos<\/strong> por parte del PAMI. <strong>(VW)<\/strong><\/p>\n","protected":false},"excerpt":{"rendered":"<p>Desde La Plata, jubilados brindar\u00e1n con pan y agua frente al PAMI. La iniciativa se realizar\u00e1 el pr\u00f3ximo 23 de diciembre y se replicar\u00e1 en otras delegaciones del pa\u00eds. A las 17.30 habr\u00e1 una&#46;&#46;&#46;<\/p>\n","protected":false},"author":4,"featured_media":12327,"comment_status":"closed","ping_status":"closed","sticky":false,"template":"","format":"standard","meta":{"_monsterinsights_skip_tracking":false,"_monsterinsights_sitenote_active":false,"_monsterinsights_sitenote_note":"","_monsterinsights_sitenote_category":0,"footnotes":""},"categories":[4,5],"tags":[7105,569,7103,7104],"class_list":["post-16780","post","type-post","status-publish","format-standard","has-post-thumbnail","hentry","category-politica","category-sociedad","tag-brindis-con-pan-y-agua-frente-a-pami","tag-jubilados","tag-multisectorial-la-plata","tag-nada-para-festejar-y-nada-con-que-celebrar"],"_links":{"self":[{"href":"https:\/\/www.visionweb.com.ar\/index.php?rest_route=\/wp\/v2\/posts\/16780","targetHints":{"allow":["GET"]}}],"collection":[{"href":"https:\/\/www.visionweb.com.ar\/index.php?rest_route=\/wp\/v2\/posts"}],"about":[{"href":"https:\/\/www.visionweb.com.ar\/index.php?rest_route=\/wp\/v2\/types\/post"}],"author":[{"embeddable":true,"href":"https:\/\/www.visionweb.com.ar\/index.php?rest_route=\/wp\/v2\/users\/4"}],"replies":[{"embeddable":true,"href":"https:\/\/www.visionweb.com.ar\/index.php?rest_route=%2Fwp%2Fv2%2Fcomments&post=16780"}],"version-history":[{"count":1,"href":"https:\/\/www.visionweb.com.ar\/index.php?rest_route=\/wp\/v2\/posts\/16780\/revisions"}],"predecessor-version":[{"id":16781,"href":"https:\/\/www.visionweb.com.ar\/index.php?rest_route=\/wp\/v2\/posts\/16780\/revisions\/16781"}],"wp:featuredmedia":[{"embeddable":true,"href":"https:\/\/www.visionweb.com.ar\/index.php?rest_route=\/wp\/v2\/media\/12327"}],"wp:attachment":[{"href":"https:\/\/www.visionweb.com.ar\/index.php?rest_route=%2Fwp%2Fv2%2Fmedia&parent=16780"}],"wp:term":[{"taxonomy":"category","embeddable":true,"href":"https:\/\/www.visionweb.com.ar\/index.php?rest_route=%2Fwp%2Fv2%2Fcategories&post=16780"},{"taxonomy":"post_tag","embeddable":true,"href":"https:\/\/www.visionweb.com.ar\/index.php?rest_route=%2Fwp%2Fv2%2Ftags&post=16780"}],"curies":[{"name":"wp","href":"https:\/\/api.w.org\/{rel}","templated":true}]}}