{"id":16775,"date":"2024-12-20T09:10:34","date_gmt":"2024-12-20T12:10:34","guid":{"rendered":"https:\/\/www.visionweb.com.ar\/?p=16775"},"modified":"2024-12-20T17:24:27","modified_gmt":"2024-12-20T20:24:27","slug":"el-banco-central-modifica-la-operatoria-de-ls-tarjetas-pre-pagas","status":"publish","type":"post","link":"https:\/\/www.visionweb.com.ar\/?p=16775","title":{"rendered":"El Banco Central modifica la operatoria de las tarjetas pre pagas"},"content":{"rendered":"<p class=\"td-post-sub-title\"><em><strong>El Banco Central y la Secretar\u00eda de Comercio decidieron bajar a dos d\u00edas h\u00e1biles los plazos de acreditaci\u00f3n de las compras hechas con esa herramienta.<\/strong><\/em><!--more--><\/p>\n<p><img loading=\"lazy\" decoding=\"async\" class=\"size-medium wp-image-6431 alignleft\" src=\"https:\/\/www.visionweb.com.ar\/wp-content\/uploads\/2022\/07\/tarjetas-credito-2-300x185.jpg\" alt=\"\" width=\"300\" height=\"185\" srcset=\"https:\/\/www.visionweb.com.ar\/wp-content\/uploads\/2022\/07\/tarjetas-credito-2-300x185.jpg 300w, https:\/\/www.visionweb.com.ar\/wp-content\/uploads\/2022\/07\/tarjetas-credito-2.jpg 574w\" sizes=\"auto, (max-width: 300px) 100vw, 300px\" \/>El Banco Central y la Secretar\u00eda de Comercio anunciaron\u00a0<strong>una serie de cambios que modificar\u00e1 la forma en la que operan las tarjetas prepagas (funcionan como d\u00e9bito y cr\u00e9dito), <\/strong>asociadas a las billeteras virtuales, y que impacta en los comerciantes.<\/p>\n<p>Por un lado, a partir de una decisi\u00f3n del Central se dispuso<strong>\u00a0bajar a dos d\u00edas h\u00e1biles el plazo de acreditaci\u00f3n de las compras realizas con estos pl\u00e1sticos<\/strong>. Al mismo tiempo, se insta a las billeteras a<strong>\u00a0detallar claramente el comercio donde se realicen las compras<\/strong>\u00a0con este tipo de tarjetas.<\/p>\n<p>La medida, se inform\u00f3, tiene como finalidad\u00a0<strong>modernizar los medios de pago,<\/strong>\u00a0promover la transparencia en las transacciones y garantizar una mayor protecci\u00f3n de los fondos de los comercios.<\/p>\n<p>Actualmente<strong>, aunque el dinero se debita del comprador al momento del consumo, los pagos a los comercios suelen demorar hasta un mes.<\/strong>\u00a0La nueva disposici\u00f3n busca revertir esta situaci\u00f3n, devolviendo al sistema su esencia como instrumento de pago \u00e1gil, a la vez que refuerza el poder adquisitivo de los fondos de los comercios.<\/p>\n<p>El\u00a0<strong>beneficio es mayor para los peque\u00f1os comerciantes,<\/strong>\u00a0ya que mejora su flujo de capital de trabajo, contribuyendo as\u00ed a reducir la inflaci\u00f3n y a fomentar una industria de medios de pago m\u00e1s competitiva y eficiente. De esa forma, el funcionamiento de las tarjetas prepagas\u00a0<strong>se asimilar\u00e1 a las tarjetas de d\u00e9bito<\/strong>\u00a0y no a las de cr\u00e9dito, como sucede hasta ahora.<\/p>\n<p>Mercado Pago, principal emisor de tarjetas prepagas del pa\u00eds, ofrece a los comerciantes plazos de acreditaci\u00f3n de hasta 70 d\u00edas cobrando comisi\u00f3n 0. A partir de ahora,\u00a0<strong>deber\u00e1 pagarle al comerciante a las 48 horas h\u00e1biles\u00a0<\/strong>siempre que se pague con una tarjeta prepaga, ya sea en formato\u00a0<strong>f\u00edsico o virtual<\/strong>, cargada en una billetera. La medida no afectar\u00e1 a los pagos hechos v\u00eda QR con dinero en cuenta.<\/p>\n<p>La normativa comenzar\u00e1 a regir para las transacciones realizadas a partir\u00a0<strong>del 1\u00b0 de agosto de 2025.<\/strong>\u00a0Sin embargo, los comercios clasificados como micro y peque\u00f1as empresas podr\u00e1n beneficiarse de esta disposici\u00f3n anticipadamente, a\u00a0<strong>partir del 1\u00b0 de marzo de 2025.<\/strong><\/p>\n<p>Esta iniciativa se enmarca en los esfuerzos realizados por la Secretar\u00eda de Industria y Comercio durante el \u00faltimo a\u00f1o para simplificar tr\u00e1mites, formalizar la econom\u00eda y reducir los costos burocr\u00e1ticos que impactan tanto a comerciantes como a consumidores, lo que en \u00faltima instancia contribuye a\u00a0<strong>aliviar la presi\u00f3n sobre los precios.(VW)<\/strong><\/p>\n<div class=\"td-module-meta-info\"><\/div>\n","protected":false},"excerpt":{"rendered":"<p>El Banco Central y la Secretar\u00eda de Comercio decidieron bajar a dos d\u00edas h\u00e1biles los plazos de acreditaci\u00f3n de las compras hechas con esa herramienta.<\/p>\n","protected":false},"author":3,"featured_media":6431,"comment_status":"closed","ping_status":"closed","sticky":false,"template":"","format":"standard","meta":{"_monsterinsights_skip_tracking":false,"_monsterinsights_sitenote_active":false,"_monsterinsights_sitenote_note":"","_monsterinsights_sitenote_category":0,"footnotes":""},"categories":[8,749],"tags":[7100,3283,1716],"class_list":["post-16775","post","type-post","status-publish","format-standard","has-post-thumbnail","hentry","category-interes-general","category-pymes","tag-bcr","tag-prepagas","tag-tarjetas"],"_links":{"self":[{"href":"https:\/\/www.visionweb.com.ar\/index.php?rest_route=\/wp\/v2\/posts\/16775","targetHints":{"allow":["GET"]}}],"collection":[{"href":"https:\/\/www.visionweb.com.ar\/index.php?rest_route=\/wp\/v2\/posts"}],"about":[{"href":"https:\/\/www.visionweb.com.ar\/index.php?rest_route=\/wp\/v2\/types\/post"}],"author":[{"embeddable":true,"href":"https:\/\/www.visionweb.com.ar\/index.php?rest_route=\/wp\/v2\/users\/3"}],"replies":[{"embeddable":true,"href":"https:\/\/www.visionweb.com.ar\/index.php?rest_route=%2Fwp%2Fv2%2Fcomments&post=16775"}],"version-history":[{"count":2,"href":"https:\/\/www.visionweb.com.ar\/index.php?rest_route=\/wp\/v2\/posts\/16775\/revisions"}],"predecessor-version":[{"id":16786,"href":"https:\/\/www.visionweb.com.ar\/index.php?rest_route=\/wp\/v2\/posts\/16775\/revisions\/16786"}],"wp:featuredmedia":[{"embeddable":true,"href":"https:\/\/www.visionweb.com.ar\/index.php?rest_route=\/wp\/v2\/media\/6431"}],"wp:attachment":[{"href":"https:\/\/www.visionweb.com.ar\/index.php?rest_route=%2Fwp%2Fv2%2Fmedia&parent=16775"}],"wp:term":[{"taxonomy":"category","embeddable":true,"href":"https:\/\/www.visionweb.com.ar\/index.php?rest_route=%2Fwp%2Fv2%2Fcategories&post=16775"},{"taxonomy":"post_tag","embeddable":true,"href":"https:\/\/www.visionweb.com.ar\/index.php?rest_route=%2Fwp%2Fv2%2Ftags&post=16775"}],"curies":[{"name":"wp","href":"https:\/\/api.w.org\/{rel}","templated":true}]}}