{"id":16772,"date":"2024-12-20T08:41:26","date_gmt":"2024-12-20T11:41:26","guid":{"rendered":"https:\/\/www.visionweb.com.ar\/?p=16772"},"modified":"2024-12-20T08:41:26","modified_gmt":"2024-12-20T11:41:26","slug":"balladares-es-sistematica-la-destruccion-de-la-sociedad-argentina","status":"publish","type":"post","link":"https:\/\/www.visionweb.com.ar\/?p=16772","title":{"rendered":"Balladares: \u00abEs sistem\u00e1tica la destrucci\u00f3n de la sociedad argentina\u00bb"},"content":{"rendered":"<p><strong><em>As\u00ed lo aseguro el principal referente de Frente Pol\u00edtico De Lan\u00fas para Lan\u00fas. adem\u00e1s de los ediles en ejercicio de su mandato,\u00a0 se sumaron tambi\u00e9n ex concejales y ex funcionarios.<\/em><\/strong>\u00a0 <!--more--><\/p>\n<p><img loading=\"lazy\" decoding=\"async\" class=\"size-medium wp-image-16773 alignleft\" src=\"https:\/\/www.visionweb.com.ar\/wp-content\/uploads\/2024\/12\/BALLADARES-300x200.jpeg\" alt=\"\" width=\"300\" height=\"200\" srcset=\"https:\/\/www.visionweb.com.ar\/wp-content\/uploads\/2024\/12\/BALLADARES-300x200.jpeg 300w, https:\/\/www.visionweb.com.ar\/wp-content\/uploads\/2024\/12\/BALLADARES.jpeg 640w\" sizes=\"auto, (max-width: 300px) 100vw, 300px\" \/>Bajo la consigna\u00a0 \u201cRefundar la Esperanza. Defender la Patria\u201d,\u00a0 se realiz\u00f3 este jueves\u00a0 en la sede del Sindicato\u00a0 del Papel ubicado en C\u00f3rdoba al 1300, el tradicional brindis de fin de a\u00f1o, organizado por El Frente Pol\u00edtico De Lan\u00fas para Lan\u00fas.<\/p>\n<p>El encuentro fue encabezado por el Presidente del Honorable Concejo Deliberante de Lan\u00fas, y principal referente del Frente, Agust\u00edn Balladares, quien al hablar a la militancia asegur\u00f3 que \u201cHemos tenido grandes gobiernos despu\u00e9s de Per\u00f3n y Evita, como los de N\u00e9stor y Cristina Kirchner\u00bb.<\/p>\n<p>A la reuni\u00f3n asistieron cientos de militantes, dirigentes pol\u00edticos, sociales y sindicales, referentes barriales, concejales, funcionarios del ejecutivo y legislativo comunal e\u00a0 integrantes del secretariado del Partido Justicialista local.<\/p>\n<p>La apertura del encuentro estuvo a cargo del Secretario General del Sindicato anfitri\u00f3n, Cristian Cardozo, quien di\u00d3 la bienvenida a la militancia local.<\/p>\n<p>Balladares agradeci\u00f3 el inmenso\u00a0 esfuerzo puesto de manifiesto\u00a0 en cada barrio de Lan\u00fas, donde se sinti\u00f3 fuertemente la falta de trabajo y en donde cada d\u00eda m\u00e1s familias se acercan a los comedores populares a recibir en la mayor\u00eda de los casos, el \u00fanico plato de comida del d\u00eda.<\/p>\n<p>\u00abEl Peronismo est\u00e1 de pie para dar las batallas que haya que dar contra este Gobierno Nacional Vende Patria\u201d, sostuvo Balladares, que adem\u00e1s de presidir el CD de Lan\u00fas, desempe\u00f1a los cargos de Vicepresidente del PJ local y Congresal Nacional del PJ.<\/p>\n<p>\u201cEs sistem\u00e1tica la destrucci\u00f3n de la sociedad argentina. Javier Milei instal\u00f3 la crueldad como par\u00e1metro de la pol\u00edtica argentina, en donde los trabajadores se quedan en la calle mientras los poderosos se llenan los bolsillos\u201d, advirti\u00f3 Balladares.<\/p>\n<p>Con respecto al pasado hist\u00f3rico de nuestro pa\u00eds, el vicepresidente del PJ local a\u00f1adi\u00f3 \u201cArgentina supo ser s\u00f3lida\u00a0 y lo vamos a volver a ser. Por Argentina pas\u00f3 Per\u00f3n que llen\u00f3 de Derechos a los trabajadores, adem\u00e1s de ser el pensador m\u00e1s importante del Siglo XX. Nuestro sentir y accionar peronista no nos lo\u00a0 va\u00a0 a arrebatar nadie. Somos el Movimiento que le da dignidad a los pobres,\u00a0 a los que menos tienen,\u00a0 a los trabajadores, eso somos los peronistas\u00bb.<\/p>\n<p>En cuanto\u00a0 a la situaci\u00f3n de los jubilados, Balladares agreg\u00f3 que: \u00abLamentablemente, levantamos una baldosa\u00a0 y ah\u00ed hay un argentino\u00a0 que necesita una mano. <strong>As\u00ed pasa con los jubilados, con los medicamentos, con los enfermos en situaci\u00f3n muy cr\u00edtica, con nuestros pibes, y millones de familias en Lan\u00fas y en toda la Argentina\u00bb.<\/strong><\/p>\n<p>Por \u00faltimo, el titular del CD local convoc\u00f3 a sus partidarios \u00aba la lucha y la militancia que sigue ma\u00f1ana y, el a\u00f1o que viene llenaremos de votos las urnas\u00a0 para poner un freno a estas\u00a0 pol\u00edticas <strong>que da\u00f1an profundamente a la inmensa mayor\u00eda de los argentinos<\/strong>. A militar compa\u00f1eros, solidariamente, como nos ense\u00f1aron Per\u00f3n y Evita\u201d.<\/p>\n<p>Adem\u00e1s de Balladares se sumaron los concejales y ex concejales; funcionarios y ex funcionarios \u00a0comunales y legislativos, integrantes del secretarias del PJ local; \u00a0\u00a0dirigentes pol\u00edticos, sociales y sindicales, \u00a0secretarios generales de Unidades B\u00e1sicas, y fundamentalmente militantes peronistas; vecinos y vecinas de Lan\u00fas que se acercaron desde diferentes barrios del distrito,\u00a0 entre otros<strong>(VW)<\/strong>.<\/p>\n","protected":false},"excerpt":{"rendered":"<p>As\u00ed lo aseguro el principal referente de Frente Pol\u00edtico De Lan\u00fas para Lan\u00fas. adem\u00e1s de los ediles en ejercicio de su mandato,\u00a0 se sumaron tambi\u00e9n ex concejales y ex funcionarios.\u00a0<\/p>\n","protected":false},"author":3,"featured_media":16773,"comment_status":"closed","ping_status":"closed","sticky":false,"template":"","format":"standard","meta":{"_monsterinsights_skip_tracking":false,"_monsterinsights_sitenote_active":false,"_monsterinsights_sitenote_note":"","_monsterinsights_sitenote_category":0,"footnotes":""},"categories":[4],"tags":[1071,1569,3064,7099,490],"class_list":["post-16772","post","type-post","status-publish","format-standard","has-post-thumbnail","hentry","category-politica","tag-balladares","tag-brindis","tag-militantes","tag-papeleros","tag-pj"],"_links":{"self":[{"href":"https:\/\/www.visionweb.com.ar\/index.php?rest_route=\/wp\/v2\/posts\/16772","targetHints":{"allow":["GET"]}}],"collection":[{"href":"https:\/\/www.visionweb.com.ar\/index.php?rest_route=\/wp\/v2\/posts"}],"about":[{"href":"https:\/\/www.visionweb.com.ar\/index.php?rest_route=\/wp\/v2\/types\/post"}],"author":[{"embeddable":true,"href":"https:\/\/www.visionweb.com.ar\/index.php?rest_route=\/wp\/v2\/users\/3"}],"replies":[{"embeddable":true,"href":"https:\/\/www.visionweb.com.ar\/index.php?rest_route=%2Fwp%2Fv2%2Fcomments&post=16772"}],"version-history":[{"count":1,"href":"https:\/\/www.visionweb.com.ar\/index.php?rest_route=\/wp\/v2\/posts\/16772\/revisions"}],"predecessor-version":[{"id":16774,"href":"https:\/\/www.visionweb.com.ar\/index.php?rest_route=\/wp\/v2\/posts\/16772\/revisions\/16774"}],"wp:featuredmedia":[{"embeddable":true,"href":"https:\/\/www.visionweb.com.ar\/index.php?rest_route=\/wp\/v2\/media\/16773"}],"wp:attachment":[{"href":"https:\/\/www.visionweb.com.ar\/index.php?rest_route=%2Fwp%2Fv2%2Fmedia&parent=16772"}],"wp:term":[{"taxonomy":"category","embeddable":true,"href":"https:\/\/www.visionweb.com.ar\/index.php?rest_route=%2Fwp%2Fv2%2Fcategories&post=16772"},{"taxonomy":"post_tag","embeddable":true,"href":"https:\/\/www.visionweb.com.ar\/index.php?rest_route=%2Fwp%2Fv2%2Ftags&post=16772"}],"curies":[{"name":"wp","href":"https:\/\/api.w.org\/{rel}","templated":true}]}}