{"id":16767,"date":"2024-12-19T11:54:14","date_gmt":"2024-12-19T14:54:14","guid":{"rendered":"https:\/\/www.visionweb.com.ar\/?p=16767"},"modified":"2024-12-19T12:03:13","modified_gmt":"2024-12-19T15:03:13","slug":"indec-el-desempleo-llego-al-6-9-en-el-tercer-trimestre-del-ano","status":"publish","type":"post","link":"https:\/\/www.visionweb.com.ar\/?p=16767","title":{"rendered":"INDEC: El desempleo lleg\u00f3 al 6.9% en el tercer trimestre del a\u00f1o"},"content":{"rendered":"<p><em><strong>En la comparativa anual, la tasa de desocupaci\u00f3n ascendi\u00f3 1,2 puntos porcentuales, de 5,7% a 6,9%. Seg\u00fan las cifras publicadas, las tasas de actividad, empleo y desocupaci\u00f3n se ubicaron en 48,3%, 45% y 6,9% respectivamente en los meses de julio, agosto y septiembre.<\/strong><\/em><!--more--><\/p>\n<p><strong> <img loading=\"lazy\" decoding=\"async\" class=\"size-medium wp-image-5563 alignright\" src=\"https:\/\/www.visionweb.com.ar\/wp-content\/uploads\/2022\/05\/DESOCUPACION-300x187.png\" alt=\"\" width=\"300\" height=\"187\" srcset=\"https:\/\/www.visionweb.com.ar\/wp-content\/uploads\/2022\/05\/DESOCUPACION-300x187.png 300w, https:\/\/www.visionweb.com.ar\/wp-content\/uploads\/2022\/05\/DESOCUPACION-768x478.png 768w, https:\/\/www.visionweb.com.ar\/wp-content\/uploads\/2022\/05\/DESOCUPACION.png 800w\" sizes=\"auto, (max-width: 300px) 100vw, 300px\" \/>\u00a0 E<\/strong>l Instituto Nacional de Estad\u00edstica y Censos de la Rep\u00fablica Argentina (INDEC) inform\u00f3 los datos del <strong>desempleo<\/strong>, que<strong> en el tercer trimestre del a\u00f1o, se ubic\u00f3 en el 6,9%, lo cual representa una suba del 1,2 puntos respecto del 5,7 del mismo trimestre del 2023, cifra que denota que alrededor de 300 mil personas ampliaron el n\u00famero de desocupados.<\/strong><\/p>\n<p>Mientras que este dato de<strong> desocupaci\u00f3n trimestral del 6,9%,\u00a0present\u00f3 una leve desaceleraci\u00f3n en comparaci\u00f3n con el trimestre anterior, que fue del 7,6%.<\/strong><\/p>\n<p>En cuanto a<strong>\u00a0la cantidad de personas que estando ocupadas buscan m\u00e1s trabajo, creci\u00f3 casi un 18 por ciento.<\/strong><\/p>\n<p><strong>En el tercer trimestre de 2024, la tasa de actividad (TA), que mide la poblaci\u00f3n econ\u00f3micamente\u00a0<\/strong>activa (PEA) sobre el total de la poblaci\u00f3n, alcanz\u00f3 el 48,3%. Por su parte, la tasa de empleo (TE), que representa la proporci\u00f3n de personas ocupadas con relaci\u00f3n a la poblaci\u00f3n total, se ubic\u00f3 en 45,0%.<\/p>\n<p><img loading=\"lazy\" decoding=\"async\" class=\"size-medium wp-image-16769 alignleft\" src=\"https:\/\/www.visionweb.com.ar\/wp-content\/uploads\/2024\/12\/Desempleo-3er-trim-24-280x300.png\" alt=\"\" width=\"280\" height=\"300\" srcset=\"https:\/\/www.visionweb.com.ar\/wp-content\/uploads\/2024\/12\/Desempleo-3er-trim-24-280x300.png 280w, https:\/\/www.visionweb.com.ar\/wp-content\/uploads\/2024\/12\/Desempleo-3er-trim-24.png 485w\" sizes=\"auto, (max-width: 280px) 100vw, 280px\" \/>La tasa de subocupaci\u00f3n result\u00f3 del 11,4% de la PEA, mientras que los otros ocupados demandantes y los otros ocupados no demandantes disponibles alcanzaron, en conjunto, el 11,9% de la PEA.<\/p>\n<p>Consecuentemente,\u00a0<strong>la presi\u00f3n sobre el mercado laboral<\/strong>, conformada por el universo de desocupados, subocupados, ocupados demandantes y ocupados no demandantes disponibles,\u00a0<strong>alcanz\u00f3 el 30,2% de la PEA.<\/strong><\/p>\n<p>Desde un an\u00e1lisis geogr\u00e1fico, las regiones con mayores tasas de actividad en el segundo trimestre de 2024 fueron Gran Buenos Aires (49,4%), Pampeana (49,1%) y Cuyo (47,4%). En contraste,\u00a0<strong>la regi\u00f3n con la tasa de actividad m\u00e1s baja fue el Noreste, con un 44,5%<\/strong>.<\/p>\n<p>Cuando se proyectan estos datos a nivel nacional, se estima que la cantidad de personas <strong>desocupadas<\/strong> en el segundo trimestre de 2024 fue de 1,7 millones, lo que supone un <strong>aumento de 300 mil personas <\/strong>en comparaci\u00f3n con el mismo per\u00edodo de 2023. <strong>(VW)<\/strong><\/p>\n","protected":false},"excerpt":{"rendered":"<p>En la comparativa anual, la tasa de desocupaci\u00f3n ascendi\u00f3 1,2 puntos porcentuales, de 5,7% a 6,9%. Seg\u00fan las cifras publicadas, las tasas de actividad, empleo y desocupaci\u00f3n se ubicaron en 48,3%, 45% y 6,9%&#46;&#46;&#46;<\/p>\n","protected":false},"author":4,"featured_media":5563,"comment_status":"closed","ping_status":"closed","sticky":false,"template":"","format":"standard","meta":{"_monsterinsights_skip_tracking":false,"_monsterinsights_sitenote_active":false,"_monsterinsights_sitenote_note":"","_monsterinsights_sitenote_category":0,"footnotes":""},"categories":[6,5],"tags":[75,7098],"class_list":["post-16767","post","type-post","status-publish","format-standard","has-post-thumbnail","hentry","category-economia","category-sociedad","tag-indec","tag-indice-de-desocupacion"],"_links":{"self":[{"href":"https:\/\/www.visionweb.com.ar\/index.php?rest_route=\/wp\/v2\/posts\/16767","targetHints":{"allow":["GET"]}}],"collection":[{"href":"https:\/\/www.visionweb.com.ar\/index.php?rest_route=\/wp\/v2\/posts"}],"about":[{"href":"https:\/\/www.visionweb.com.ar\/index.php?rest_route=\/wp\/v2\/types\/post"}],"author":[{"embeddable":true,"href":"https:\/\/www.visionweb.com.ar\/index.php?rest_route=\/wp\/v2\/users\/4"}],"replies":[{"embeddable":true,"href":"https:\/\/www.visionweb.com.ar\/index.php?rest_route=%2Fwp%2Fv2%2Fcomments&post=16767"}],"version-history":[{"count":3,"href":"https:\/\/www.visionweb.com.ar\/index.php?rest_route=\/wp\/v2\/posts\/16767\/revisions"}],"predecessor-version":[{"id":16771,"href":"https:\/\/www.visionweb.com.ar\/index.php?rest_route=\/wp\/v2\/posts\/16767\/revisions\/16771"}],"wp:featuredmedia":[{"embeddable":true,"href":"https:\/\/www.visionweb.com.ar\/index.php?rest_route=\/wp\/v2\/media\/5563"}],"wp:attachment":[{"href":"https:\/\/www.visionweb.com.ar\/index.php?rest_route=%2Fwp%2Fv2%2Fmedia&parent=16767"}],"wp:term":[{"taxonomy":"category","embeddable":true,"href":"https:\/\/www.visionweb.com.ar\/index.php?rest_route=%2Fwp%2Fv2%2Fcategories&post=16767"},{"taxonomy":"post_tag","embeddable":true,"href":"https:\/\/www.visionweb.com.ar\/index.php?rest_route=%2Fwp%2Fv2%2Ftags&post=16767"}],"curies":[{"name":"wp","href":"https:\/\/api.w.org\/{rel}","templated":true}]}}