{"id":16765,"date":"2024-12-19T11:15:05","date_gmt":"2024-12-19T14:15:05","guid":{"rendered":"https:\/\/www.visionweb.com.ar\/?p=16765"},"modified":"2024-12-19T11:15:05","modified_gmt":"2024-12-19T14:15:05","slug":"el-gobierno-anuncio-el-servicio-civico-para-jovenes-que-no-trabajan-ni-estudian","status":"publish","type":"post","link":"https:\/\/www.visionweb.com.ar\/?p=16765","title":{"rendered":"El Gobierno anunci\u00f3 el Servicio C\u00edvico para j\u00f3venes que no trabajan ni estudian"},"content":{"rendered":"<p><em><strong>Se trata de un proyecto que Patricia Bullrich implement\u00f3 en 2019 y que se pondr\u00e1 en marcha en once ciudades del pa\u00eds. Ser\u00e1 voluntario, aclar\u00f3 el Gobierno. Tambi\u00e9n habr\u00e1 cambios en el r\u00e9gimen penitenciario federal.<\/strong><\/em><!--more--><\/p>\n<p><strong><img loading=\"lazy\" decoding=\"async\" class=\"size-medium wp-image-12986 alignright\" src=\"https:\/\/www.visionweb.com.ar\/wp-content\/uploads\/2023\/12\/Bullrich-protocolo-300x197.png\" alt=\"\" width=\"300\" height=\"197\" srcset=\"https:\/\/www.visionweb.com.ar\/wp-content\/uploads\/2023\/12\/Bullrich-protocolo-300x197.png 300w, https:\/\/www.visionweb.com.ar\/wp-content\/uploads\/2023\/12\/Bullrich-protocolo.png 542w\" sizes=\"auto, (max-width: 300px) 100vw, 300px\" \/>\u00a0\u00a0\u00a0\u00a0 L<\/strong>a ministra de Seguridad,\u00a0<strong>Patricia Bullrich<\/strong>\u00a0anunci\u00f3 el\u00a0<strong>regreso\u00a0<\/strong>del<strong>\u00a0Servicio C\u00edvico<\/strong>\u00a0en once ciudades argentinas, destinado a<strong>\u00a0j\u00f3venes de 18 a 24 a\u00f1os que no trabajan ni estudian<\/strong>, con el cual se buscar\u00e1 entregarle a ese universo de personas \u201c<strong>herramientas y capacitaci\u00f3n laboral y educativa<\/strong>\u201d.<\/p>\n<p>Se trata de un programa que ya la funcionaria\u00a0implement\u00f3 en 2019\u00a0durante su paso por esa cartera. \u201cVamos a sacar a los j\u00f3venes de las calles y alejarlos del delito y la droga. A todos los j\u00f3venes de 18 a 24 a\u00f1os que no trabajan ni estudian,\u00a0<strong>los vamos a convocar para brindarles formaci\u00f3n en disciplina, respeto y valores<\/strong>\u201d, se\u00f1al\u00f3 Bullrich en la red social X en un video junto a la ministra de Capital Humano, <strong>Sandra Pettovello<\/strong>.<\/p>\n<p>Seg\u00fan se inform\u00f3 oficialmente, \u00ab<strong>el servicio c\u00edvico<\/strong>\u00bb estar\u00e1 a cargo de\u00a0<strong>Gendarmer\u00eda<\/strong>, <strong>\u201cEste programa ofrece talleres de formaci\u00f3n que culminan con certificaciones reconocidas, brindando herramientas para la inserci\u00f3n laboral o la finalizaci\u00f3n de estudios\u201d<\/strong>, se\u00f1alaron.<\/p>\n<p>Los participantes ser\u00e1n convocados por la Subsecretar\u00eda de Empleo y Formaci\u00f3n Laboral, priorizando la proximidad a las sedes del Ministerio de Seguridad.<\/p>\n<p>\u201cAl finalizar, se evaluar\u00e1n los perfiles para orientar a cada joven hacia oportunidades laborales o educativas, promoviendo la libertad individual y la superaci\u00f3n personal\u201d, relata el comunicado.<\/p>\n<p><strong>Trabajo para presos<\/strong><\/p>\n<p>Unas horas despu\u00e9s de anunciar la vuelta del servicio c\u00edvico, la ministra Bullrich firm\u00f3 la<strong>\u00a0<\/strong><a href=\"https:\/\/www.boletinoficial.gob.ar\/detalleAviso\/primera\/318372\/20241218\"><strong>Resoluci\u00f3n 1346\/2024<\/strong><\/a>, con la cual\u00a0<strong>estableci\u00f3 la obligatoriedad \u00abpara todos los internos alojados en el Servicio Penitenciario Federal\u00bb de cumplir tareas de mantenimiento e higiene en las c\u00e1rceles<\/strong>.<\/p>\n<p>Seg\u00fan se explica en la norma,\u00a0<strong>este trabajo no ser\u00e1 remunerado y deber\u00e1 cumplirse durante 5 horas por d\u00eda<\/strong>. La idea es que los presos cumplan estas tareas porque \u00abla ociosidad de los internos conlleva al aumento ostensible de los \u00edndices de violencia y alteraciones al orden\u00bb. <strong>(VW)<\/strong><\/p>\n","protected":false},"excerpt":{"rendered":"<p>Se trata de un proyecto que Patricia Bullrich implement\u00f3 en 2019 y que se pondr\u00e1 en marcha en once ciudades del pa\u00eds. Ser\u00e1 voluntario, aclar\u00f3 el Gobierno. Tambi\u00e9n habr\u00e1 cambios en el r\u00e9gimen penitenciario&#46;&#46;&#46;<\/p>\n","protected":false},"author":4,"featured_media":12986,"comment_status":"closed","ping_status":"closed","sticky":false,"template":"","format":"standard","meta":{"_monsterinsights_skip_tracking":false,"_monsterinsights_sitenote_active":false,"_monsterinsights_sitenote_note":"","_monsterinsights_sitenote_category":0,"footnotes":""},"categories":[4,5],"tags":[504,1039,529,7096,7097],"class_list":["post-16765","post","type-post","status-publish","format-standard","has-post-thumbnail","hentry","category-politica","category-sociedad","tag-bullrich","tag-jovenes","tag-seguridad","tag-servicio-civico","tag-voluntario"],"_links":{"self":[{"href":"https:\/\/www.visionweb.com.ar\/index.php?rest_route=\/wp\/v2\/posts\/16765","targetHints":{"allow":["GET"]}}],"collection":[{"href":"https:\/\/www.visionweb.com.ar\/index.php?rest_route=\/wp\/v2\/posts"}],"about":[{"href":"https:\/\/www.visionweb.com.ar\/index.php?rest_route=\/wp\/v2\/types\/post"}],"author":[{"embeddable":true,"href":"https:\/\/www.visionweb.com.ar\/index.php?rest_route=\/wp\/v2\/users\/4"}],"replies":[{"embeddable":true,"href":"https:\/\/www.visionweb.com.ar\/index.php?rest_route=%2Fwp%2Fv2%2Fcomments&post=16765"}],"version-history":[{"count":1,"href":"https:\/\/www.visionweb.com.ar\/index.php?rest_route=\/wp\/v2\/posts\/16765\/revisions"}],"predecessor-version":[{"id":16766,"href":"https:\/\/www.visionweb.com.ar\/index.php?rest_route=\/wp\/v2\/posts\/16765\/revisions\/16766"}],"wp:featuredmedia":[{"embeddable":true,"href":"https:\/\/www.visionweb.com.ar\/index.php?rest_route=\/wp\/v2\/media\/12986"}],"wp:attachment":[{"href":"https:\/\/www.visionweb.com.ar\/index.php?rest_route=%2Fwp%2Fv2%2Fmedia&parent=16765"}],"wp:term":[{"taxonomy":"category","embeddable":true,"href":"https:\/\/www.visionweb.com.ar\/index.php?rest_route=%2Fwp%2Fv2%2Fcategories&post=16765"},{"taxonomy":"post_tag","embeddable":true,"href":"https:\/\/www.visionweb.com.ar\/index.php?rest_route=%2Fwp%2Fv2%2Ftags&post=16765"}],"curies":[{"name":"wp","href":"https:\/\/api.w.org\/{rel}","templated":true}]}}