{"id":16762,"date":"2024-12-19T08:54:16","date_gmt":"2024-12-19T11:54:16","guid":{"rendered":"https:\/\/www.visionweb.com.ar\/?p=16762"},"modified":"2024-12-19T08:54:16","modified_gmt":"2024-12-19T11:54:16","slug":"el-cd-de-lanus-aprobo-el-presupuesto-2025-con-una-mayoria-dispar","status":"publish","type":"post","link":"https:\/\/www.visionweb.com.ar\/?p=16762","title":{"rendered":"El CD de Lan\u00fas aprob\u00f3 el presupuesto 2025 con una mayor\u00eda dispar"},"content":{"rendered":"<p><strong><em>Hubo duros cuestionamientos de la oposici\u00f3n a los mecanismos implementados para el ejercicio fiscal 2025 para mejorar la recaudaci\u00f3n\u00a0<\/em><\/strong><!--more--><\/p>\n<p><img loading=\"lazy\" decoding=\"async\" class=\"size-medium wp-image-16763 alignright\" src=\"https:\/\/www.visionweb.com.ar\/wp-content\/uploads\/2024\/12\/ASAMBLEA-EXTRAORDINARIA-300x174.png\" alt=\"\" width=\"300\" height=\"174\" srcset=\"https:\/\/www.visionweb.com.ar\/wp-content\/uploads\/2024\/12\/ASAMBLEA-EXTRAORDINARIA-300x174.png 300w, https:\/\/www.visionweb.com.ar\/wp-content\/uploads\/2024\/12\/ASAMBLEA-EXTRAORDINARIA.png 640w\" sizes=\"auto, (max-width: 300px) 100vw, 300px\" \/>Este mi\u00e9rcoles, el\u00a0<strong>Concejo Deliberante de Lan\u00fas<\/strong> aprob\u00f3 en la 6ta sesi\u00f3n extraordinaria con 14 votos a favor y 9 en contra el Presupuesto de 185 mil millones de pesos para el ejercicio 2025. En tanto l<span class=\"marker\">a asamblea de mayores contribuyentes\u00a0 aprob\u00f3 por mayor\u00eda las ordenanzas fiscal y tarifarias.<\/span><\/p>\n<p>En una doble jornada,\u00a0<span class=\"marker\">primero se le otorg\u00f3 al\u00a0<strong>concejal del PRO Marcelo<\/strong>\u00a0<strong>Villa<\/strong>\u00a0una licencia de 15 d\u00edas, lo reemplaz\u00f3 el dirigente del<strong>\u00a0Nuevo Encuentro Peronista Omar<\/strong>\u00a0<strong>L\u00f3pez<\/strong>.<\/span><\/p>\n<p>Luego se trat\u00f3\u00a0<span class=\"marker\">el aumento de tasas municipales, en la que el oficialismo aprovech\u00f3 su mayor\u00eda parlamentaria, m\u00e1s los dos votos de los dos ediles radicales y el sorpresivo acompa\u00f1amiento del concejal de <strong>La Libertad Avanza<\/strong>\u00a0<strong>Juan<\/strong>\u00a0<strong>Del<\/strong>\u00a0<strong>Oso<\/strong>.<\/span><\/p>\n<p>En el comienzo del debate e<span class=\"marker\">l oficialista Omar Galdurralde tom\u00f3 la palabra para defender la iniciativa del Ejecutivo en la que destac\u00f3 que la elaboraci\u00f3n del c\u00e1lculo de gastos y recursos tiene \u00abingredientes pol\u00edticos que marcan el camino\u00bb.\u00a0<\/span><\/p>\n<p>\u00abNos sentimos bastante satisfechos con lo hecho en un contexto donde el gobierno nacional ha decidido unilateralmente recortar todos los recursos que transfer\u00eda al municipio y a la provincia\u00bb, indic\u00f3.<\/p>\n<p style=\"text-align: left;\">Tras la exposici\u00f3n de Galdurralde, la respuesta de la oposici\u00f3n no se hizo espersar y vino de la mano del concejoal PRO Dami\u00e1n Schiavone.<\/p>\n<h3><\/h3>\n<h3 style=\"text-align: center;\"><span style=\"color: #0000ff;\"><em><strong>La gesti\u00f3n de Juli\u00e1n \u00c1lvarez aspira a recaudar m\u00e1s de 6 mil millones de pesos en concepto de multas<\/strong><\/em>\u00a0<\/span><\/h3>\n<p><span class=\"marker\">\u00a0\u00abParece que al gobierno local le cuesta enfocarse en las cuestiones importantes para la gesti\u00f3n.<\/span>Vemos con preocupaci\u00f3n que el municipio prev\u00e9 recaudar casi 8 mil millones de pesos en multas de tr\u00e1nsito, es algo de lo que los vecinos se quejan\u00bb, sostuvo.<\/p>\n<p>Schiavone asegur\u00f3 que en algunas\u00a0 \u00ab\u00e1reas los aumentos fueron de menos\u00a0 del 30% con respecto al a\u00f1o pasado como en el caso de Desarrollo Social, mientras que los gastos en personal suben m\u00e1s del 50%\u00bb y que hay 6000 millones asignados a obras,\u00a0 pero no se especifican\u00bb, cerr\u00f3 el referente del PRO.<\/p>\n<p>Por su parte la concejal <span class=\"marker\">de La Libertad Avanza\u00a0<strong>Mariana<\/strong>\u00a0<strong>Ayesa, <\/strong>consider\u00f3 que \u00a0apunt\u00f3 que \u00abeste presupuesto est\u00e1 a contramano\u00bb de la gesti\u00f3n nacional y resalt\u00f3 que hay \u00abgastos desproporcionados en espacio p\u00fablico que podr\u00edan ir para salud y seguridad.<\/span> Hay que bajar la presi\u00f3n tributaria a los vecinos\u00bb, remat\u00f3.<\/p>\n<p><span class=\"marker\">A su turno, uno de los referentes del radicalismo, <strong>Emiliano<\/strong>\u00a0<strong>Bursese<\/strong> record\u00f3 que en el \u00e1rea de \u00abempleo se ven\u00eda trabajando bastante bien hasta que finaliz\u00f3 la gesti\u00f3n anterior<\/span> y ahora observamos\u00a0 que habr\u00e1 aumento en recaudaci\u00f3n por\u00a0 fotomultas pero las c\u00e1maras las puso el gobierno anterior\u00bb<strong>(vw)<\/strong>.<\/p>\n<p>&nbsp;<\/p>\n<p>&nbsp;<\/p>\n","protected":false},"excerpt":{"rendered":"<p>Hubo duros cuestionamientos de la oposici\u00f3n a los mecanismos implementados para el ejercicio fiscal 2025 para mejorar la recaudaci\u00f3n\u00a0<\/p>\n","protected":false},"author":3,"featured_media":16763,"comment_status":"closed","ping_status":"closed","sticky":false,"template":"","format":"standard","meta":{"_monsterinsights_skip_tracking":false,"_monsterinsights_sitenote_active":false,"_monsterinsights_sitenote_note":"","_monsterinsights_sitenote_category":0,"footnotes":""},"categories":[4],"tags":[7095,19,7094],"class_list":["post-16762","post","type-post","status-publish","format-standard","has-post-thumbnail","hentry","category-politica","tag-debate-cd","tag-lanus","tag-prespuesto"],"_links":{"self":[{"href":"https:\/\/www.visionweb.com.ar\/index.php?rest_route=\/wp\/v2\/posts\/16762","targetHints":{"allow":["GET"]}}],"collection":[{"href":"https:\/\/www.visionweb.com.ar\/index.php?rest_route=\/wp\/v2\/posts"}],"about":[{"href":"https:\/\/www.visionweb.com.ar\/index.php?rest_route=\/wp\/v2\/types\/post"}],"author":[{"embeddable":true,"href":"https:\/\/www.visionweb.com.ar\/index.php?rest_route=\/wp\/v2\/users\/3"}],"replies":[{"embeddable":true,"href":"https:\/\/www.visionweb.com.ar\/index.php?rest_route=%2Fwp%2Fv2%2Fcomments&post=16762"}],"version-history":[{"count":1,"href":"https:\/\/www.visionweb.com.ar\/index.php?rest_route=\/wp\/v2\/posts\/16762\/revisions"}],"predecessor-version":[{"id":16764,"href":"https:\/\/www.visionweb.com.ar\/index.php?rest_route=\/wp\/v2\/posts\/16762\/revisions\/16764"}],"wp:featuredmedia":[{"embeddable":true,"href":"https:\/\/www.visionweb.com.ar\/index.php?rest_route=\/wp\/v2\/media\/16763"}],"wp:attachment":[{"href":"https:\/\/www.visionweb.com.ar\/index.php?rest_route=%2Fwp%2Fv2%2Fmedia&parent=16762"}],"wp:term":[{"taxonomy":"category","embeddable":true,"href":"https:\/\/www.visionweb.com.ar\/index.php?rest_route=%2Fwp%2Fv2%2Fcategories&post=16762"},{"taxonomy":"post_tag","embeddable":true,"href":"https:\/\/www.visionweb.com.ar\/index.php?rest_route=%2Fwp%2Fv2%2Ftags&post=16762"}],"curies":[{"name":"wp","href":"https:\/\/api.w.org\/{rel}","templated":true}]}}