{"id":16760,"date":"2024-12-18T21:01:20","date_gmt":"2024-12-19T00:01:20","guid":{"rendered":"https:\/\/www.visionweb.com.ar\/?p=16760"},"modified":"2024-12-18T21:01:20","modified_gmt":"2024-12-19T00:01:20","slug":"superavit-ficticio-los-mas-afectados-por-el-ajuste-fueron-los-jubilados-obra-publica-y-provincias-segun-un-informe","status":"publish","type":"post","link":"https:\/\/www.visionweb.com.ar\/?p=16760","title":{"rendered":"Super\u00e1vit ficticio: Los m\u00e1s afectados por el ajuste fueron los jubilados, obra p\u00fablica y provincias, seg\u00fan un informe"},"content":{"rendered":"<p><em><strong>El ajuste fiscal prioriz\u00f3 la sostenibilidad por sobre la inversi\u00f3n social, afect\u00f3 a jubilados, provincias y sectores vulnerables, seg\u00fan el CEPA. Los n\u00fameros del super\u00e1vit no contemplan intereses, que si se suman, dar\u00edan resultados deficitarios.<\/strong><\/em><!--more--><\/p>\n<p><strong>\u00a0\u00a0\u00a0 <img loading=\"lazy\" decoding=\"async\" class=\"size-medium wp-image-13216 alignright\" src=\"https:\/\/www.visionweb.com.ar\/wp-content\/uploads\/2024\/01\/Milei-Javier-300x206.png\" alt=\"\" width=\"300\" height=\"206\" srcset=\"https:\/\/www.visionweb.com.ar\/wp-content\/uploads\/2024\/01\/Milei-Javier-300x206.png 300w, https:\/\/www.visionweb.com.ar\/wp-content\/uploads\/2024\/01\/Milei-Javier.png 502w\" sizes=\"auto, (max-width: 300px) 100vw, 300px\" \/>\u00a0\u00a0\u00a0\u00a0\u00a0\u00a0 E<\/strong>l<strong> Gobierno festej\u00f3 por estos tiempos el logro de mantener super\u00e1vits fiscales a lo largo de todo el a\u00f1o 2024, pero a costa de un ajuste severo en el gasto p\u00fablico que impact\u00f3 de manera directa en la sociedad.<\/strong><\/p>\n<p>Seg\u00fan un informe del <strong>Centro de Econom\u00eda Pol\u00edtica Argentina (CEPA)<\/strong>, el Sector P\u00fablico Nacional (SPN) registr\u00f3 en <strong>noviembre un super\u00e1vit fiscal de $1.381.545 millones<\/strong>, el cual se redujo a $357.162 millones tras el pago de intereses de deuda por $1.024.383 millones. No obstante, este resultado no incluye ciertos intereses, y de haberse contabilizado el resultado financiero habr\u00eda sido deficitario en m\u00e1s de 2 billones.<\/p>\n<p>\u201cEl super\u00e1vit fiscal alcanzado en 2024 responde principalmente a un ajuste significativo del gasto, que registr\u00f3 una ca\u00edda acumulada del 29% en t\u00e9rminos reales\u201d, indic\u00f3 el <strong>CEPA<\/strong>.<\/p>\n<p>En noviembre, los gastos totales del SPN ascendieron a 8,2 billones, un crecimiento nominal de 100,9%, que se tradujo en una disminuci\u00f3n real de 24,5%.\u00a0<strong>Este ajuste impact\u00f3 especialmente en las jubilaciones, la obra p\u00fablica y las prestaciones\u00a0sociales. \u201cDe cada cuatro pesos recortados, uno proviene de las jubilaciones, otro del freno a la obra p\u00fablica, y los dos restantes corresponden a las dem\u00e1s partidas\u201d<\/strong>, precis\u00f3 el informe.<\/p>\n<p>Los ingresos del SPN tambi\u00e9n cayeron en t\u00e9rminos reales, con una disminuci\u00f3n del 7,0%. Seg\u00fan el CEPA, \u201c<strong>la recaudaci\u00f3n de impuestos muestra comportamientos heterog\u00e9neos, con ca\u00eddas significativas en Bienes Personales (-40%) y el IVA (-4%), mientras que los Derechos de Exportaci\u00f3n crecen un 117%<\/strong>\u201d. Este \u00faltimo aumento responde a una mayor liquidaci\u00f3n de cosecha y a la acumulaci\u00f3n de stock de materias primas durante la primera mitad del a\u00f1o.<\/p>\n<p>El informe enfatiza que el super\u00e1vit fiscal del gobierno en 2024 se sustent\u00f3 en un <strong>ajuste profundo que afect\u00f3 especialmente a jubilados, trabajadores informales y provincias<\/strong>. Pese a las se\u00f1ales iniciales de recuperaci\u00f3n econ\u00f3mica, el impacto de los recortes despierta <strong>interrogantes sobre la capacidad del pa\u00eds para retomar un camino de crecimiento inclusivo<\/strong>.<\/p>\n<p>Los programas sociales y las transferencias a las provincias fueron algunos de los sectores m\u00e1s afectados por los recortes. \u201cEl gasto en programas sociales cay\u00f3 55% en noviembre, acumulando una reducci\u00f3n anual del 33% en t\u00e9rminos reales\u201d, detall\u00f3 el informe.<\/p>\n<p>Adem\u00e1s, las transferencias no autom\u00e1ticas a las provincias disminuyeron un 68%, afectando el financiamiento de programas educativos y comedores escolares. \u201cLa discontinuidad del Fondo de Fortalecimiento Fiscal y el Fondo Nacional de Incentivo Docente impact\u00f3 directamente en los salarios docentes y otros servicios esenciales\u201d, agreg\u00f3 el CEPA.<\/p>\n<p><strong>Un a\u00f1o de gobierno <\/strong><\/p>\n<p><strong>El CEPA tambi\u00e9n remarc\u00f3 que el ajuste fiscal aplicado fue particularmente severo durante los primeros meses del a\u00f1o, con una ca\u00edda del 39% en promedio en enero y febrero, que se moder\u00f3 al 25% hacia noviembre.<\/strong>\u00a0Sin embargo, la redistribuci\u00f3n de recursos contin\u00faa siendo regresiva, dado que la sostenibilidad fiscal se prioriz\u00f3 por encima de la inversi\u00f3n social.<\/p>\n<p><strong>Entre los casos emblem\u00e1ticos analizados se encuentra la disminuci\u00f3n del Impuesto PAIS, <\/strong>que registr\u00f3 su cuarta ca\u00edda real anual (-26%) debido a la reducci\u00f3n en su al\u00edcuota.<strong> Para compensar esta merma, el gobierno implement\u00f3 un recorte en medicamentos destinados a los jubilados\u00a0afiliados al PAMI, lo que gener\u00f3 preocupaci\u00f3n por sus efectos en los sectores m\u00e1s vulnerables.<\/strong><\/p>\n<p>Adem\u00e1s, se se\u00f1ala que los esfuerzos por contener el gasto p\u00fablico en \u00e1reas clave limitaron la capacidad de reacci\u00f3n frente a la persistente desigualdad social, poniendo en jaque los objetivos de desarrollo a largo plazo. <strong>(VW)<\/strong><\/p>\n","protected":false},"excerpt":{"rendered":"<p>El ajuste fiscal prioriz\u00f3 la sostenibilidad por sobre la inversi\u00f3n social, afect\u00f3 a jubilados, provincias y sectores vulnerables, seg\u00fan el CEPA. Los n\u00fameros del super\u00e1vit no contemplan intereses, que si se suman, dar\u00edan resultados&#46;&#46;&#46;<\/p>\n","protected":false},"author":4,"featured_media":13216,"comment_status":"closed","ping_status":"closed","sticky":false,"template":"","format":"standard","meta":{"_monsterinsights_skip_tracking":false,"_monsterinsights_sitenote_active":false,"_monsterinsights_sitenote_note":"","_monsterinsights_sitenote_category":0,"footnotes":""},"categories":[6,4],"tags":[5701,7093,7092],"class_list":["post-16760","post","type-post","status-publish","format-standard","has-post-thumbnail","hentry","category-economia","category-politica","tag-informe-cepa","tag-jubilados-los-mayores-danados","tag-superavit-fiscal"],"_links":{"self":[{"href":"https:\/\/www.visionweb.com.ar\/index.php?rest_route=\/wp\/v2\/posts\/16760","targetHints":{"allow":["GET"]}}],"collection":[{"href":"https:\/\/www.visionweb.com.ar\/index.php?rest_route=\/wp\/v2\/posts"}],"about":[{"href":"https:\/\/www.visionweb.com.ar\/index.php?rest_route=\/wp\/v2\/types\/post"}],"author":[{"embeddable":true,"href":"https:\/\/www.visionweb.com.ar\/index.php?rest_route=\/wp\/v2\/users\/4"}],"replies":[{"embeddable":true,"href":"https:\/\/www.visionweb.com.ar\/index.php?rest_route=%2Fwp%2Fv2%2Fcomments&post=16760"}],"version-history":[{"count":1,"href":"https:\/\/www.visionweb.com.ar\/index.php?rest_route=\/wp\/v2\/posts\/16760\/revisions"}],"predecessor-version":[{"id":16761,"href":"https:\/\/www.visionweb.com.ar\/index.php?rest_route=\/wp\/v2\/posts\/16760\/revisions\/16761"}],"wp:featuredmedia":[{"embeddable":true,"href":"https:\/\/www.visionweb.com.ar\/index.php?rest_route=\/wp\/v2\/media\/13216"}],"wp:attachment":[{"href":"https:\/\/www.visionweb.com.ar\/index.php?rest_route=%2Fwp%2Fv2%2Fmedia&parent=16760"}],"wp:term":[{"taxonomy":"category","embeddable":true,"href":"https:\/\/www.visionweb.com.ar\/index.php?rest_route=%2Fwp%2Fv2%2Fcategories&post=16760"},{"taxonomy":"post_tag","embeddable":true,"href":"https:\/\/www.visionweb.com.ar\/index.php?rest_route=%2Fwp%2Fv2%2Ftags&post=16760"}],"curies":[{"name":"wp","href":"https:\/\/api.w.org\/{rel}","templated":true}]}}