{"id":16756,"date":"2024-12-18T12:15:41","date_gmt":"2024-12-18T15:15:41","guid":{"rendered":"https:\/\/www.visionweb.com.ar\/?p=16756"},"modified":"2024-12-18T12:16:28","modified_gmt":"2024-12-18T15:16:28","slug":"operativo-sol-de-cuanto-seran-los-viaticos-de-los-policias-este-verano","status":"publish","type":"post","link":"https:\/\/www.visionweb.com.ar\/?p=16756","title":{"rendered":"Operativo Sol: De cu\u00e1nto ser\u00e1n los vi\u00e1ticos de los polic\u00edas este verano"},"content":{"rendered":"<p><em><strong>El Gobierno bonaerense estableci\u00f3 el monto de lo que se abonar\u00e1 a los agentes que formen parte del despliegue que se realizar\u00e1 en la costa.<\/strong><\/em><!--more--><\/p>\n<p><img loading=\"lazy\" decoding=\"async\" class=\"size-medium wp-image-13112 alignright\" src=\"https:\/\/www.visionweb.com.ar\/wp-content\/uploads\/2023\/12\/operativo-sol23-300x220.png\" alt=\"\" width=\"300\" height=\"220\" srcset=\"https:\/\/www.visionweb.com.ar\/wp-content\/uploads\/2023\/12\/operativo-sol23-300x220.png 300w, https:\/\/www.visionweb.com.ar\/wp-content\/uploads\/2023\/12\/operativo-sol23.png 590w\" sizes=\"auto, (max-width: 300px) 100vw, 300px\" \/>El Gobierno de la provincia de Buenos Aires estableci\u00f3 el\u00a0monto de los vi\u00e1ticos\u00a0que cobrar\u00e1n los polic\u00edas afectados al\u00a0Operativo Sol\u00a0que este jueves lanzar\u00e1 el gobernador\u00a0Axel Kicillof\u00a0desde la ciudad de\u00a0Miramar.<\/p>\n<p>A trav\u00e9s del Decreto N\u00b0 3395 publicado este mi\u00e9rcoles en el Bolet\u00edn Oficial, se estableci\u00f3 a partir del 15 de diciembre de este a\u00f1o y hasta el 31 de enero de 2025 un importe diario en concepto de vi\u00e1tico de $44.026. A\u00a0 partir del 1\u00b0 de febrero ser\u00e1 de $50.000 para el personal civil y policial dependiente del Ministerio de Seguridad.<\/p>\n<p>Los vi\u00e1ticos ser\u00e1n los mismos, \u201csin distinci\u00f3n de jerarqu\u00eda, categor\u00eda ni escalaf\u00f3n, comisionado en el marco del \u2018Operativo de Sol a Sol 2025\u2032\u201d.<\/p>\n<p>Tambi\u00e9n ser\u00e1 para \u201clos restantes operativos a realizarse en el territorio provincial, siempre que ellos demanden la movilizaci\u00f3n masiva del mencionado personal, de acuerdo con el cronograma anual de feriados nacionales, d\u00edas no laborables y feriados con fines tur\u00edsticos establecidos o que establezcan el Poder Ejecutivo Nacional o Provincial, incluyendo el periodo de receso escolar invernal\u201d.<\/p>\n<p>Adem\u00e1s, se orden\u00f3\u00a0que el importe diario en concepto de vi\u00e1tico para los cadetes y las cadetas del Ministerio de Seguridad que realicen pr\u00e1cticas profesionalizantes ser\u00e1 equivalente al 50% de los montos\u00a0determinados \u201caplicable siempre que dichos operativos demanden la movilizaci\u00f3n masiva del referido\u00a0personal, conforme al cronograma anual de feriados nacionales, d\u00edas no laborables y feriados con fines tur\u00edsticos\u00a0establecidos o que determinen el Poder Ejecutivo Nacional o Provincial, incluyendo el per\u00edodo de receso escolar invernal\u201d.<\/p>\n<p>Por otra parte, el ministro de Gobierno, Carlos Bianco, confirm\u00f3 que el gobernador Kicillof lanzar\u00e1 el operativo que incluir\u00e1 5.500 efectivos y diferentes m\u00f3viles este jueves en Miramar, y no desde Mar del Plata, como sucede a\u00f1o tras a\u00f1o.<\/p>\n<p>De esta manera, el gobernador \u201cle saca\u201d al intendente de General Pueyrred\u00f3n, Guillermo Montenegro, el cl\u00e1sico lanzamiento. El jefe comunal del PRO viene siendo muy duro con el gobernador, y a su vez mantiene varias disputas incluso en etapa judicial, como el caso de Punta Mogotes<strong>(VW)<\/strong>.<\/p>\n","protected":false},"excerpt":{"rendered":"<p>El Gobierno bonaerense estableci\u00f3 el monto de lo que se abonar\u00e1 a los agentes que formen parte del despliegue que se realizar\u00e1 en la costa.<\/p>\n","protected":false},"author":3,"featured_media":13112,"comment_status":"closed","ping_status":"closed","sticky":false,"template":"","format":"standard","meta":{"_monsterinsights_skip_tracking":false,"_monsterinsights_sitenote_active":false,"_monsterinsights_sitenote_note":"","_monsterinsights_sitenote_category":0,"footnotes":""},"categories":[1822,700],"tags":[650,1721,1041,249,7089],"class_list":["post-16756","post","type-post","status-publish","format-standard","has-post-thumbnail","hentry","category-internacionales","category-turismo","tag-bonaerenses","tag-operativos","tag-rutas","tag-sol","tag-viaticos"],"_links":{"self":[{"href":"https:\/\/www.visionweb.com.ar\/index.php?rest_route=\/wp\/v2\/posts\/16756","targetHints":{"allow":["GET"]}}],"collection":[{"href":"https:\/\/www.visionweb.com.ar\/index.php?rest_route=\/wp\/v2\/posts"}],"about":[{"href":"https:\/\/www.visionweb.com.ar\/index.php?rest_route=\/wp\/v2\/types\/post"}],"author":[{"embeddable":true,"href":"https:\/\/www.visionweb.com.ar\/index.php?rest_route=\/wp\/v2\/users\/3"}],"replies":[{"embeddable":true,"href":"https:\/\/www.visionweb.com.ar\/index.php?rest_route=%2Fwp%2Fv2%2Fcomments&post=16756"}],"version-history":[{"count":1,"href":"https:\/\/www.visionweb.com.ar\/index.php?rest_route=\/wp\/v2\/posts\/16756\/revisions"}],"predecessor-version":[{"id":16757,"href":"https:\/\/www.visionweb.com.ar\/index.php?rest_route=\/wp\/v2\/posts\/16756\/revisions\/16757"}],"wp:featuredmedia":[{"embeddable":true,"href":"https:\/\/www.visionweb.com.ar\/index.php?rest_route=\/wp\/v2\/media\/13112"}],"wp:attachment":[{"href":"https:\/\/www.visionweb.com.ar\/index.php?rest_route=%2Fwp%2Fv2%2Fmedia&parent=16756"}],"wp:term":[{"taxonomy":"category","embeddable":true,"href":"https:\/\/www.visionweb.com.ar\/index.php?rest_route=%2Fwp%2Fv2%2Fcategories&post=16756"},{"taxonomy":"post_tag","embeddable":true,"href":"https:\/\/www.visionweb.com.ar\/index.php?rest_route=%2Fwp%2Fv2%2Ftags&post=16756"}],"curies":[{"name":"wp","href":"https:\/\/api.w.org\/{rel}","templated":true}]}}