{"id":16745,"date":"2024-12-17T11:34:29","date_gmt":"2024-12-17T14:34:29","guid":{"rendered":"https:\/\/www.visionweb.com.ar\/?p=16745"},"modified":"2024-12-17T11:34:29","modified_gmt":"2024-12-17T14:34:29","slug":"quieren-reconocer-a-lima-como-municipio-bonaerense","status":"publish","type":"post","link":"https:\/\/www.visionweb.com.ar\/?p=16745","title":{"rendered":"Quieren reconocer a Lima como municipio bonaerense"},"content":{"rendered":"<p><em><strong>Pertenece al partido de Z\u00e1rate. La Asociaci\u00f3n por la Autonom\u00eda de Lima (APAL) profundiz\u00f3 el reclamo que inici\u00f3 hace 15 a\u00f1os por el reconocimiento de la localidad de Lima como municipio. Hay otros 15 proyectos similares presentados por legisladoras del GEN, y 60 localidades en las mismas condiciones.<\/strong><\/em><!--more--><\/p>\n<p><img loading=\"lazy\" decoding=\"async\" class=\"size-medium wp-image-16746 alignright\" src=\"https:\/\/www.visionweb.com.ar\/wp-content\/uploads\/2024\/12\/munic-lima-300x154.png\" alt=\"\" width=\"300\" height=\"154\" srcset=\"https:\/\/www.visionweb.com.ar\/wp-content\/uploads\/2024\/12\/munic-lima-300x154.png 300w, https:\/\/www.visionweb.com.ar\/wp-content\/uploads\/2024\/12\/munic-lima.png 590w\" sizes=\"auto, (max-width: 300px) 100vw, 300px\" \/>\u00a0 <strong>U<\/strong>na organizaci\u00f3n de\u00a0<strong>vecinos\u00a0<\/strong>de la localidad bonaerense de\u00a0<strong>Lima<\/strong>, partido de\u00a0<strong>Z\u00e1rate<\/strong>, enfatizaron su reclamo para que la ciudad de m\u00e1s de <strong>25 mil habitantes<\/strong> se convierta en\u00a0un\u00a0<strong>nuevo municipio bonaerense<\/strong>\u00a0con intendente, concejales y presupuesto propios para funcionar.<\/p>\n<p>En ese sentido, la titular de la Asociaci\u00f3n por la Autonom\u00eda de Lima (<strong>APAL<\/strong>),<strong>\u00a0Adriana Reyes<\/strong>, remarc\u00f3 que <strong>desde hace 15 a\u00f1os vienen impulsando el proyecto para lograr el reconocimiento de Lima como municipio<\/strong>. \u201cTenemos el objetivo de poder tener el derecho de tener un gobierno local propio, que propicie y permita el desarrollo aut\u00f3nomo de nuestras localidades\u201d, puntualiz\u00f3.<\/p>\n<p>En esa l\u00ednea, <strong>Adriana Reyes<\/strong>\u00a0detall\u00f3 que en el \u00faltimo mes tuvieron una reuni\u00f3n con legisladores bonaerenses para adentrarse en los proyectos de reconocimiento municipal que tienen estado parlamentario en ambas c\u00e1maras, inform\u00f3 Diputados Bonaerenses.<\/p>\n<p>Se trata de los proyectos presentados por del diputado\u00a0<strong>Valent\u00edn Miranda<\/strong>\u00a0(UCR + Cambio Federal), y otro de los senadores del mismo bloque,\u00a0<strong>Lorena Mandagar\u00e1n<\/strong>\u00a0y\u00a0<strong>Marcelo Daletto<\/strong>.<\/p>\n<p>A grandes rasgos, ambos proyectos establecen los criterios y requisitos para que una localidad de la\u00a0<strong>provincia de Buenos Aires<\/strong>\u00a0<strong>sea reconocida como municipio<\/strong> en base a sus caracter\u00edsticas institucionales, hist\u00f3ricas, culturales, ambientales y factibilidad \u201cecon\u00f3mico social\u201d.<\/p>\n<p>\u201cTenemos en vista para que el a\u00f1o que viene puedan progresar ambos proyectos. Esa es la misi\u00f3n que est\u00e1 teniendo en este momento la organizaci\u00f3n, de poder lograr los consensos y el apoyo y la fuerza para que estos proyectos sigan la marcha\u201d, precis\u00f3<strong>\u00a0Adriana Reyes<\/strong>, quien tambi\u00e9n integra la Asociaci\u00f3n Provincial para el Reconocimientos de Nuevos Municipios, junto con representantes de\u00a0<strong>Gerli<\/strong>\u00a0y de\u00a0<strong>Quequ\u00e9n<\/strong>.<\/p>\n<p>Entre los motivos que esgrime la integrante de\u00a0<strong>APAL para el reconocimiento de Lima como municipio,\u00a0<\/strong>es que la ciudad depende hoy en d\u00eda de un gobierno que \u201cse encuentra a muchos kil\u00f3metros de distancia de nuestros centros urbanos, y que no conoce las realidades de los problemas y de las necesidades de los ciudadanos\u201d. \u201cCreemos que el reconocimiento es una gran soluci\u00f3n\u201d, a\u00f1adi\u00f3.<\/p>\n<p>Cabe destacar que,\u00a0<strong>Lima<\/strong>\u00a0es una ciudad de m\u00e1s de 25.000 habitantes, una de las ciudades de mayor crecimiento demogr\u00e1fico tras el censo de 2010. Tienen dentro del territorio las centrales nucleares\u00a0<strong>Atucha 1 y 2<\/strong>, m\u00e1s el proyecto\u00a0<strong>CAREM<\/strong>, el proyecto de central nuclear de baja potencia, desarrollado con dise\u00f1o de \u00faltima generaci\u00f3n.<\/p>\n<p>En ese marco,\u00a0<strong>Reyes<\/strong>\u00a0indic\u00f3 que gestionan desde hace m\u00e1s de \u00a0dos meses una audiencia con el Subsecretario de Asuntos Municipales,<strong> Santiago Eduardo R\u00e9vora<\/strong>. \u201cLamentablemente no recibimos ninguna respuesta. Los pueblos van a comenzar a manifestarse en\u00a0<strong>La Plata<\/strong>\u00a0si no recibimos respuesta del oficialismo\u201d, indic\u00f3.<\/p>\n<p>\u201cEs un problema que se repite en toda la provincia, donde las ciudades no cabecera de partidos sufrimos mucho el desamparo y el abandono de los gobiernos de las ciudades cabecera.\u00a0<strong>Lima<\/strong>, como ciudad tiene presentado el proyecto de ley para el reconocimiento municipal de manera consecutiva hace m\u00e1s de 15 a\u00f1os y no se le ha dado el tratamiento que corresponde\u201d, concluy\u00f3 la integrante de\u00a0<strong>APAL<\/strong>.<\/p>\n<p><strong>Legisladoras del GEN piden crear unos 60 municipios<\/strong><\/p>\n<p>La diputada del <strong>GEN,<\/strong>\u00a0<strong>Natalia Dziakowski<\/strong>, y su par del\u00a0<strong>Senado<\/strong>,\u00a0<strong>Lorena Mandagar\u00e1n<\/strong>, volvieron a reunirse con referentes de localidades que reclaman\u00a0<strong>representatividad municipal<\/strong>, se comprometieron a impulsar con vigor los proyectos que ambas presentaron en la\u00a0<strong>Legislatura bonaerense<\/strong>\u00a0y darle <strong>mayor visibilidad<\/strong> a la problem\u00e1tica que afecta a miles de vecinos de la\u00a0<strong>provincia de Buenos Aires<\/strong>.<\/p>\n<p>\u201c<strong>A nadie le importa el reconocimiento de los municipios. No hay voluntad pol\u00edtica ni siquiera para empezar a debatir. Ped\u00ed que los atiendan en distintos lugares del Ejecutivo y no hay voluntad de crear nuevos municipios porque lo interpretan como una dispersi\u00f3n de votos<\/strong>\u201d, lament\u00f3\u00a0<strong>Dziakowski\u00a0<\/strong>en <strong>di\u00e1logo con<\/strong>\u00a0<strong>Diputados Bonaerenses<\/strong>.<\/p>\n<p>En septiembre de 2022,\u00a0<strong>Mandagar\u00e1n\u00a0<\/strong>y su par de la C\u00e1mara alta,\u00a0<strong>Marcelo Daletto<\/strong>, presentaron un proyecto para fijar por ley todos los requisitos, condiciones y documentaci\u00f3n que deben reunir los\u00a0<strong>proyectos de reconocimiento de nuevos municipios<\/strong>, que se trat\u00f3 en la\u00a0<strong>comisi\u00f3n de Asuntos Municipales, Descentralizaci\u00f3n y Fortalecimiento Institucional<\/strong>\u00a0pero no hubo qu\u00f3rum para que avance. De la jornada en el sal\u00f3n Antonio Cafiero de la C\u00e1mara alta participaron representantes de la\u00a0<strong>Universidad Nacional de La Plata<\/strong>\u00a0que defendieron la viabilidad de la divisi\u00f3n de los municipios.<\/p>\n<p>Por su parte,\u00a0<strong>Dziakowski\u00a0<\/strong>trabaja en la incorporaci\u00f3n de <strong>proyectos que representen a cada una de las 60 localidades que piden ser reconocidas como municipios<\/strong> individualmente de los partidos de cabecera a los que, por el momento, deben responder jurisdiccionalmente. La\u00a0<strong>diputada bonaerense\u00a0<\/strong>alcanz\u00f3 presentar, al menos, 15 iniciativas en ese sentido.<\/p>\n<p>\u201cPensemos en c\u00f3mo est\u00e1n los servicios p\u00fablicos, en el estado de las calles, en los hospitales p\u00fablicos, municipales. No hay capacidad y no hay manera de poder solventar distritos que tienen uno o dos millones de habitantes. Lo mejor, en esos casos, es subdividirlo y que sean distritos nuevos, para garantizar la calidad de vida de los vecinos\u201d, sostuvo la legisladora. <strong>(VW)<\/strong><\/p>\n","protected":false},"excerpt":{"rendered":"<p>Pertenece al partido de Z\u00e1rate. La Asociaci\u00f3n por la Autonom\u00eda de Lima (APAL) profundiz\u00f3 el reclamo que inici\u00f3 hace 15 a\u00f1os por el reconocimiento de la localidad de Lima como municipio. Hay otros 15&#46;&#46;&#46;<\/p>\n","protected":false},"author":4,"featured_media":16746,"comment_status":"closed","ping_status":"closed","sticky":false,"template":"","format":"standard","meta":{"_monsterinsights_skip_tracking":false,"_monsterinsights_sitenote_active":false,"_monsterinsights_sitenote_note":"","_monsterinsights_sitenote_category":0,"footnotes":""},"categories":[4,5],"tags":[7086,678,1944,3588,7084,7085],"class_list":["post-16745","post","type-post","status-publish","format-standard","has-post-thumbnail","hentry","category-politica","category-sociedad","tag-apal","tag-gen","tag-lima","tag-proyectos","tag-reconocer-como-municipio","tag-zarate"],"_links":{"self":[{"href":"https:\/\/www.visionweb.com.ar\/index.php?rest_route=\/wp\/v2\/posts\/16745","targetHints":{"allow":["GET"]}}],"collection":[{"href":"https:\/\/www.visionweb.com.ar\/index.php?rest_route=\/wp\/v2\/posts"}],"about":[{"href":"https:\/\/www.visionweb.com.ar\/index.php?rest_route=\/wp\/v2\/types\/post"}],"author":[{"embeddable":true,"href":"https:\/\/www.visionweb.com.ar\/index.php?rest_route=\/wp\/v2\/users\/4"}],"replies":[{"embeddable":true,"href":"https:\/\/www.visionweb.com.ar\/index.php?rest_route=%2Fwp%2Fv2%2Fcomments&post=16745"}],"version-history":[{"count":1,"href":"https:\/\/www.visionweb.com.ar\/index.php?rest_route=\/wp\/v2\/posts\/16745\/revisions"}],"predecessor-version":[{"id":16747,"href":"https:\/\/www.visionweb.com.ar\/index.php?rest_route=\/wp\/v2\/posts\/16745\/revisions\/16747"}],"wp:featuredmedia":[{"embeddable":true,"href":"https:\/\/www.visionweb.com.ar\/index.php?rest_route=\/wp\/v2\/media\/16746"}],"wp:attachment":[{"href":"https:\/\/www.visionweb.com.ar\/index.php?rest_route=%2Fwp%2Fv2%2Fmedia&parent=16745"}],"wp:term":[{"taxonomy":"category","embeddable":true,"href":"https:\/\/www.visionweb.com.ar\/index.php?rest_route=%2Fwp%2Fv2%2Fcategories&post=16745"},{"taxonomy":"post_tag","embeddable":true,"href":"https:\/\/www.visionweb.com.ar\/index.php?rest_route=%2Fwp%2Fv2%2Ftags&post=16745"}],"curies":[{"name":"wp","href":"https:\/\/api.w.org\/{rel}","templated":true}]}}