{"id":16732,"date":"2024-12-17T07:55:14","date_gmt":"2024-12-17T10:55:14","guid":{"rendered":"https:\/\/www.visionweb.com.ar\/?p=16732"},"modified":"2024-12-17T07:55:14","modified_gmt":"2024-12-17T10:55:14","slug":"para-los-estatales-nacionales-el-24-y-el-31-de-diciembre-seran-dias-no-laborables","status":"publish","type":"post","link":"https:\/\/www.visionweb.com.ar\/?p=16732","title":{"rendered":"Para los estatales nacionales el 24 y el 31 de diciembre ser\u00e1n d\u00edas no laborables"},"content":{"rendered":"<p><strong><em>El gobierno de Axel Kicillof respondi\u00f3 al pedido de la Federaci\u00f3n de Gremios Estatales y Particulares (Fegeppba) de declarar asueto administrativo los d\u00edas 23 y 30 de diciembre, ser\u00e1n d\u00edas laboirables.<\/em><\/strong><!--more--><\/p>\n<p><img loading=\"lazy\" decoding=\"async\" class=\"size-full wp-image-3710 alignleft\" src=\"https:\/\/www.visionweb.com.ar\/wp-content\/uploads\/2021\/12\/lomas-paseo-navidad.bmp\" alt=\"\" width=\"490\" height=\"424\" \/>Los empleados que dependen de la adminsitraci\u00f3n\u00a0 nacional, el 24 y el 31 de diciembre, v\u00edspera de Navidad y A\u00f1o Nuevo\u00a0 ser\u00e1n d\u00edas no laborales.<\/p>\n<p>De esta manera,\u00a0<strong>se mantendr\u00e1 la costumbre que rigi\u00f3 en los gobiernos anteriores\u00a0<\/strong>de dar asueto a la administraci\u00f3n p\u00fablica nacional y no concurrir a sus puestos laborales en la previa de Navidad y de A\u00f1o Nuevo.<\/p>\n<p>En tanto, en la provincia de Buenos Aires tambi\u00e9n habr\u00e1 asueto en esos d\u00edas para los trabajadores p\u00fablicos, mientras que all\u00ed\u00a0<strong>se rechaz\u00f3 extenderlo a los d\u00edas lunes 23 y lunes 30 para conformar as\u00ed dos fines de semanas extra largos\u00a0<\/strong>de cinco d\u00edas, tal como hab\u00edan solicitado sindicatos del sector estatal.<\/p>\n<p>El gobierno de Axel Kicillof respondi\u00f3 al pedido de la Federaci\u00f3n de Gremios Estatales y Particulares (Fegeppba) de declarar asueto administrativo los d\u00edas 23 y 30 de diciembre.\u00a0<strong>La solicitud buscaba alivianar las jornadas laborales previas a las festividades\u00a0<\/strong>de fin de a\u00f1o para facilitar los traslados y reuniones familiares.<\/p>\n<p>Pero el ministro de Gobierno de Buenos Aires, Carlos Bianco, fue el encargado de dar respuesta este lunes en el marco de una conferencia de prensa:\u00a0<strong>\u201cNo corresponde\u201d,\u00a0<\/strong>afirm\u00f3, al tiempo que hizo hincapi\u00e9 en que ya existen asuetos previstos para los d\u00edas 24 y 31 de diciembre<strong>(VW)<\/strong>.<\/p>\n<p>&nbsp;<\/p>\n","protected":false},"excerpt":{"rendered":"<p>El gobierno de Axel Kicillof respondi\u00f3 al pedido de la Federaci\u00f3n de Gremios Estatales y Particulares (Fegeppba) de declarar asueto administrativo los d\u00edas 23 y 30 de diciembre, ser\u00e1n d\u00edas laboirables.<\/p>\n","protected":false},"author":3,"featured_media":3710,"comment_status":"closed","ping_status":"closed","sticky":false,"template":"","format":"standard","meta":{"_monsterinsights_skip_tracking":false,"_monsterinsights_sitenote_active":false,"_monsterinsights_sitenote_note":"","_monsterinsights_sitenote_category":0,"footnotes":""},"categories":[8],"tags":[1585,1190,246],"class_list":["post-16732","post","type-post","status-publish","format-standard","has-post-thumbnail","hentry","category-interes-general","tag-ano-nuevo","tag-asueto","tag-navidad"],"_links":{"self":[{"href":"https:\/\/www.visionweb.com.ar\/index.php?rest_route=\/wp\/v2\/posts\/16732","targetHints":{"allow":["GET"]}}],"collection":[{"href":"https:\/\/www.visionweb.com.ar\/index.php?rest_route=\/wp\/v2\/posts"}],"about":[{"href":"https:\/\/www.visionweb.com.ar\/index.php?rest_route=\/wp\/v2\/types\/post"}],"author":[{"embeddable":true,"href":"https:\/\/www.visionweb.com.ar\/index.php?rest_route=\/wp\/v2\/users\/3"}],"replies":[{"embeddable":true,"href":"https:\/\/www.visionweb.com.ar\/index.php?rest_route=%2Fwp%2Fv2%2Fcomments&post=16732"}],"version-history":[{"count":1,"href":"https:\/\/www.visionweb.com.ar\/index.php?rest_route=\/wp\/v2\/posts\/16732\/revisions"}],"predecessor-version":[{"id":16733,"href":"https:\/\/www.visionweb.com.ar\/index.php?rest_route=\/wp\/v2\/posts\/16732\/revisions\/16733"}],"wp:featuredmedia":[{"embeddable":true,"href":"https:\/\/www.visionweb.com.ar\/index.php?rest_route=\/wp\/v2\/media\/3710"}],"wp:attachment":[{"href":"https:\/\/www.visionweb.com.ar\/index.php?rest_route=%2Fwp%2Fv2%2Fmedia&parent=16732"}],"wp:term":[{"taxonomy":"category","embeddable":true,"href":"https:\/\/www.visionweb.com.ar\/index.php?rest_route=%2Fwp%2Fv2%2Fcategories&post=16732"},{"taxonomy":"post_tag","embeddable":true,"href":"https:\/\/www.visionweb.com.ar\/index.php?rest_route=%2Fwp%2Fv2%2Ftags&post=16732"}],"curies":[{"name":"wp","href":"https:\/\/api.w.org\/{rel}","templated":true}]}}