{"id":16730,"date":"2024-12-16T19:15:10","date_gmt":"2024-12-16T22:15:10","guid":{"rendered":"https:\/\/www.visionweb.com.ar\/?p=16730"},"modified":"2024-12-16T19:15:10","modified_gmt":"2024-12-16T22:15:10","slug":"suben-las-dietas-los-senadores-nacionales-desde-enero-cobraran-95-millones","status":"publish","type":"post","link":"https:\/\/www.visionweb.com.ar\/?p=16730","title":{"rendered":"Suben las dietas: Los senadores nacionales desde enero cobrar\u00e1n $9,5 millones"},"content":{"rendered":"<p><em><strong>A<\/strong><strong> contramano: Los senadores nacionales preparan un aumento de sus dietas que contrasta con la realidad de la sociedad, y tambi\u00e9n con el discurso de austeridad del Gobierno de Milei.<\/strong><\/em><!--more--><\/p>\n<div id=\"attachment_15528\" style=\"width: 310px\" class=\"wp-caption alignright\"><img loading=\"lazy\" decoding=\"async\" aria-describedby=\"caption-attachment-15528\" class=\"wp-image-15528 size-medium\" src=\"https:\/\/www.visionweb.com.ar\/wp-content\/uploads\/2024\/08\/Senadores-dieta-300x300.png\" alt=\"\" width=\"300\" height=\"300\" srcset=\"https:\/\/www.visionweb.com.ar\/wp-content\/uploads\/2024\/08\/Senadores-dieta-300x300.png 300w, https:\/\/www.visionweb.com.ar\/wp-content\/uploads\/2024\/08\/Senadores-dieta-150x150.png 150w, https:\/\/www.visionweb.com.ar\/wp-content\/uploads\/2024\/08\/Senadores-dieta-80x80.png 80w, https:\/\/www.visionweb.com.ar\/wp-content\/uploads\/2024\/08\/Senadores-dieta-320x320.png 320w, https:\/\/www.visionweb.com.ar\/wp-content\/uploads\/2024\/08\/Senadores-dieta-65x65.png 65w, https:\/\/www.visionweb.com.ar\/wp-content\/uploads\/2024\/08\/Senadores-dieta.png 480w\" sizes=\"auto, (max-width: 300px) 100vw, 300px\" \/><p id=\"caption-attachment-15528\" class=\"wp-caption-text\">Foto archivo<\/p><\/div>\n<p><strong> \u00a0\u00a0\u00a0 L<\/strong>os\u00a0<strong>senadores<\/strong>\u00a0<strong>nacionales\u00a0<\/strong>desde enero se<strong>\u00a0aumentar\u00e1n las dietas\u00a0<\/strong>y\u00a0<strong>cobrar\u00e1n 9,5 millones de pesos mensuales<\/strong>, una cifra que est\u00e1 garantizada por la Ley de Enganche, que vincula los salarios de los legisladores con los de los empleados del Congreso.<\/p>\n<p>Esta norma, que permite a los\u00a0<strong>senadores nacionales<\/strong>\u00a0aumentar sus\u00a0<strong>dietas\u00a0<\/strong>sin necesidad de una votaci\u00f3n directa en el recinto del Congreso, refuerza la percepci\u00f3n de que\u00a0<strong>una parte de la clase pol\u00edtica, la llamada \u201ccasta\u201d, est\u00e1 completamente desconectada de la realidad del pa\u00eds<\/strong>.<\/p>\n<p>La vicepresidente de la Naci\u00f3n,\u00a0<strong>Victoria Villarruel<\/strong>, quien tambi\u00e9n preside la C\u00e1mara Alta, fue la encargada de poner en la agenda la cuesti\u00f3n del congelamiento de las dietas. Sin embargo, <strong>su pedido de pr\u00f3rroga para mantener los salarios congelados fue recibido con indiferencia <\/strong>y desliz\u00f3 una cr\u00edtica, sugiriendo que esperaba que los senadores \u201cestuvieran <strong>a la altura de las circunstancias<\/strong>\u201d.<\/p>\n<p>En un mundo paralelo:<\/p>\n<p>Este aumento no solo genera un rechazo por lo exorbitante del monto, sino tambi\u00e9n por el momento en el que se produce. En medio de un ajuste fiscal promovido por el Gobierno de\u00a0<strong><a href=\"https:\/\/x.com\/JMilei?ref_src=twsrc%5Egoogle%7Ctwcamp%5Eserp%7Ctwgr%5Eauthor\">Javier Milei<\/a><\/strong>, que incluye recortes y un fuerte programa de reducci\u00f3n del gasto p\u00fablico, los\u00a0<strong>senadores nacionales\u00a0<\/strong>parecen estar blindados ante las pol\u00edticas de austeridad.<\/p>\n<p>En esta l\u00ednea no parece haber una <strong>real voluntad<\/strong> dentro del\u00a0<strong><a href=\"http:\/\/g\/senado_de_la_nacion\/\">Senado<\/a><\/strong><strong>\u00a0<\/strong>para <strong>debatir<\/strong> sobre un tema tan sensible, lo que alimenta la idea de que<strong>\u00a0la \u201ccasta\u201d pol\u00edtica goza de privilegios que est\u00e1n fuera del alcance de la mayor\u00eda de los ciudadanos<\/strong>.<\/p>\n<p>El hecho de que, mientras se recorta en \u00e1reas sociales y de bienestar, se permita un aumento tan significativo en las dietas de los\u00a0<strong>senadores nacionales\u00a0<\/strong>refleja la desconexi\u00f3n de la pol\u00edtica. Si bien algunos propusieron un aumento que no supere la inflaci\u00f3n, <strong>la cuesti\u00f3n de fondo sigue siendo la Ley de Enganche<\/strong>.<\/p>\n<p>Cabe recordar que el sueldo de los\u00a0<strong>senadores\u00a0<\/strong><strong>hab\u00eda subido en abril de 2024 de 1,9 millones a 7,87 millones de pesos brutos<\/strong>, con la actualizaci\u00f3n de agosto, super\u00f3 los 9 millones y ahora ascender\u00e1 a los 9,5 millones de pesos.<\/p>\n<p>Por si fuera poco, el\u00a0<strong>Senado nacional\u00a0<\/strong><strong>no tiene previsto reunirse en lo que queda del a\u00f1o<\/strong>, por lo que la \u00fanica forma de que el aumento se frene ser\u00eda una resoluci\u00f3n firmada por la vicepresidenta, con una pr\u00f3rroga del congelamiento hasta marzo de 2025. <strong>(VW)<\/strong><\/p>\n","protected":false},"excerpt":{"rendered":"<p>A contramano: Los senadores nacionales preparan un aumento de sus dietas que contrasta con la realidad de la sociedad, y tambi\u00e9n con el discurso de austeridad del Gobierno de Milei.<\/p>\n","protected":false},"author":4,"featured_media":15528,"comment_status":"closed","ping_status":"closed","sticky":false,"template":"","format":"standard","meta":{"_monsterinsights_skip_tracking":false,"_monsterinsights_sitenote_active":false,"_monsterinsights_sitenote_note":"","_monsterinsights_sitenote_category":0,"footnotes":""},"categories":[4],"tags":[7077],"class_list":["post-16730","post","type-post","status-publish","format-standard","has-post-thumbnail","hentry","category-politica","tag-aumento-dieta-senadores"],"_links":{"self":[{"href":"https:\/\/www.visionweb.com.ar\/index.php?rest_route=\/wp\/v2\/posts\/16730","targetHints":{"allow":["GET"]}}],"collection":[{"href":"https:\/\/www.visionweb.com.ar\/index.php?rest_route=\/wp\/v2\/posts"}],"about":[{"href":"https:\/\/www.visionweb.com.ar\/index.php?rest_route=\/wp\/v2\/types\/post"}],"author":[{"embeddable":true,"href":"https:\/\/www.visionweb.com.ar\/index.php?rest_route=\/wp\/v2\/users\/4"}],"replies":[{"embeddable":true,"href":"https:\/\/www.visionweb.com.ar\/index.php?rest_route=%2Fwp%2Fv2%2Fcomments&post=16730"}],"version-history":[{"count":1,"href":"https:\/\/www.visionweb.com.ar\/index.php?rest_route=\/wp\/v2\/posts\/16730\/revisions"}],"predecessor-version":[{"id":16731,"href":"https:\/\/www.visionweb.com.ar\/index.php?rest_route=\/wp\/v2\/posts\/16730\/revisions\/16731"}],"wp:featuredmedia":[{"embeddable":true,"href":"https:\/\/www.visionweb.com.ar\/index.php?rest_route=\/wp\/v2\/media\/15528"}],"wp:attachment":[{"href":"https:\/\/www.visionweb.com.ar\/index.php?rest_route=%2Fwp%2Fv2%2Fmedia&parent=16730"}],"wp:term":[{"taxonomy":"category","embeddable":true,"href":"https:\/\/www.visionweb.com.ar\/index.php?rest_route=%2Fwp%2Fv2%2Fcategories&post=16730"},{"taxonomy":"post_tag","embeddable":true,"href":"https:\/\/www.visionweb.com.ar\/index.php?rest_route=%2Fwp%2Fv2%2Ftags&post=16730"}],"curies":[{"name":"wp","href":"https:\/\/api.w.org\/{rel}","templated":true}]}}