{"id":16726,"date":"2024-12-16T12:26:37","date_gmt":"2024-12-16T15:26:37","guid":{"rendered":"https:\/\/www.visionweb.com.ar\/?p=16726"},"modified":"2024-12-16T12:26:37","modified_gmt":"2024-12-16T15:26:37","slug":"el-gobierno-bonaerense-convoco-a-paritarias","status":"publish","type":"post","link":"https:\/\/www.visionweb.com.ar\/?p=16726","title":{"rendered":"El gobierno bonaerense convoc\u00f3 a Paritarias"},"content":{"rendered":"<p><em><strong>Se abren las negociaciones para los salarios de 2025.<\/strong> <strong>La \u00faltima suba fue del 8% en dos tramos: 4% en octubre y una cifra igual en noviembre.<\/strong><\/em><strong>\u00a0<\/strong><!--more--><\/p>\n<p><img loading=\"lazy\" decoding=\"async\" class=\"size-medium wp-image-7706 alignright\" src=\"https:\/\/www.visionweb.com.ar\/wp-content\/uploads\/2022\/10\/Docentes-y-estatales-reciben-aumento-de-8-puntos-300x174.jpg\" alt=\"\" width=\"300\" height=\"174\" srcset=\"https:\/\/www.visionweb.com.ar\/wp-content\/uploads\/2022\/10\/Docentes-y-estatales-reciben-aumento-de-8-puntos-300x174.jpg 300w, https:\/\/www.visionweb.com.ar\/wp-content\/uploads\/2022\/10\/Docentes-y-estatales-reciben-aumento-de-8-puntos.jpg 640w\" sizes=\"auto, (max-width: 300px) 100vw, 300px\" \/>El Gobierno de Axel Kicillof recibir\u00e1 ma\u00f1ana martes, a los gremios que representan a los trabajadores estatales de la Ley 10.430 para discutir salarios para el a\u00f1o que viene. La cita paritaria ser\u00e1 al mediod\u00eda en el Ministerio de Trabajo, de 7 entre 39 y 40.<\/p>\n<p>Esta primera reuni\u00f3n se dar\u00e1 tras el \u00faltimo acuerdo del Gobierno bonaerense con los gremios estatales: una suba de 8% en dos tramos (4% en octubre y 4% en noviembre).<\/p>\n<h3 style=\"text-align: center;\"><span style=\"color: #008080;\"><em><strong>Los gremios negociar\u00edan un ajustes para enero<\/strong><\/em><\/span><\/h3>\n<p>Para diciembre, en principio, no habr\u00e1 ajuste, ya que desde la Provincia tienen confeccionado el pago del medio aguinaldo de los estatales que comienza a abonarse desde el viernes 20. Es por ese motivo que se espera que el di\u00e1logo apunte a una mejora para enero, a pagar en febrero.<\/p>\n<p>Si bien los trabajadores no recibir\u00e1n un bono de fin de a\u00f1o, como alg\u00fan sector lo solicit\u00f3, esperan un gesto de la administraci\u00f3n Kicillof en torno a que se decrete un asueto para los d\u00edas 23 y 30 de este mes en el marco de las fiestas de fin de a\u00f1o.<\/p>\n<p>M\u00e1s all\u00e1 de lo salarial, en algunos sectores, como el de la Salud, se plantea la necesidad de \u201cel pase a planta permanente para todos los trabajadores becarios\u201d, junto con la creaci\u00f3n de un nuevo convenio colectivo que \u201cdignifique la tarea de los empleados provinciales\u201d<strong>(VW)<\/strong>.<\/p>\n","protected":false},"excerpt":{"rendered":"<p>Se abren las negociaciones para los salarios de 2025. La \u00faltima suba fue del 8% en dos tramos: 4% en octubre y una cifra igual en noviembre.\u00a0<\/p>\n","protected":false},"author":3,"featured_media":7706,"comment_status":"closed","ping_status":"closed","sticky":false,"template":"","format":"standard","meta":{"_monsterinsights_skip_tracking":false,"_monsterinsights_sitenote_active":false,"_monsterinsights_sitenote_note":"","_monsterinsights_sitenote_category":0,"footnotes":""},"categories":[4],"tags":[3742,1907,158,56],"class_list":["post-16726","post","type-post","status-publish","format-standard","has-post-thumbnail","hentry","category-politica","tag-enero","tag-estatales","tag-paritarias","tag-salarios"],"_links":{"self":[{"href":"https:\/\/www.visionweb.com.ar\/index.php?rest_route=\/wp\/v2\/posts\/16726","targetHints":{"allow":["GET"]}}],"collection":[{"href":"https:\/\/www.visionweb.com.ar\/index.php?rest_route=\/wp\/v2\/posts"}],"about":[{"href":"https:\/\/www.visionweb.com.ar\/index.php?rest_route=\/wp\/v2\/types\/post"}],"author":[{"embeddable":true,"href":"https:\/\/www.visionweb.com.ar\/index.php?rest_route=\/wp\/v2\/users\/3"}],"replies":[{"embeddable":true,"href":"https:\/\/www.visionweb.com.ar\/index.php?rest_route=%2Fwp%2Fv2%2Fcomments&post=16726"}],"version-history":[{"count":1,"href":"https:\/\/www.visionweb.com.ar\/index.php?rest_route=\/wp\/v2\/posts\/16726\/revisions"}],"predecessor-version":[{"id":16727,"href":"https:\/\/www.visionweb.com.ar\/index.php?rest_route=\/wp\/v2\/posts\/16726\/revisions\/16727"}],"wp:featuredmedia":[{"embeddable":true,"href":"https:\/\/www.visionweb.com.ar\/index.php?rest_route=\/wp\/v2\/media\/7706"}],"wp:attachment":[{"href":"https:\/\/www.visionweb.com.ar\/index.php?rest_route=%2Fwp%2Fv2%2Fmedia&parent=16726"}],"wp:term":[{"taxonomy":"category","embeddable":true,"href":"https:\/\/www.visionweb.com.ar\/index.php?rest_route=%2Fwp%2Fv2%2Fcategories&post=16726"},{"taxonomy":"post_tag","embeddable":true,"href":"https:\/\/www.visionweb.com.ar\/index.php?rest_route=%2Fwp%2Fv2%2Ftags&post=16726"}],"curies":[{"name":"wp","href":"https:\/\/api.w.org\/{rel}","templated":true}]}}