{"id":16723,"date":"2024-12-16T11:45:19","date_gmt":"2024-12-16T14:45:19","guid":{"rendered":"https:\/\/www.visionweb.com.ar\/?p=16723"},"modified":"2024-12-16T11:54:23","modified_gmt":"2024-12-16T14:54:23","slug":"la-administracion-publica-bonaerense-no-dara-asueto-los-dias-23-y-30-de-diciembre","status":"publish","type":"post","link":"https:\/\/www.visionweb.com.ar\/?p=16723","title":{"rendered":"La administraci\u00f3n p\u00fablica bonaerense no dar\u00e1 asueto los d\u00edas 23 y 30 de diciembre"},"content":{"rendered":"<p><strong><em>La especie fue confirmada cuando la administraci\u00f3n de Kicillof rechaz\u00f3 in pedido del gremio de los estatales. El pedido hab\u00eda sido hecho por la Fegeppba.<\/em><\/strong><!--more--><\/p>\n<div id=\"attachment_16724\" style=\"width: 310px\" class=\"wp-caption alignright\"><img loading=\"lazy\" decoding=\"async\" aria-describedby=\"caption-attachment-16724\" class=\"wp-image-16724 size-medium\" src=\"https:\/\/www.visionweb.com.ar\/wp-content\/uploads\/2024\/12\/BIANCO-CARLOS-JEFE-DE-GABINETE-300x200.png\" alt=\"\" width=\"300\" height=\"200\" srcset=\"https:\/\/www.visionweb.com.ar\/wp-content\/uploads\/2024\/12\/BIANCO-CARLOS-JEFE-DE-GABINETE-300x200.png 300w, https:\/\/www.visionweb.com.ar\/wp-content\/uploads\/2024\/12\/BIANCO-CARLOS-JEFE-DE-GABINETE.png 640w\" sizes=\"auto, (max-width: 300px) 100vw, 300px\" \/><p id=\"caption-attachment-16724\" class=\"wp-caption-text\"><em><strong>Carlos Bianco, ministro de Gobierno bonaerense. (Archivo)<\/strong><\/em><\/p><\/div>\n<p>El ministro de Gobierno de la provincia de Buenos Aires,\u00a0<strong>Carlos Bianco<\/strong>, rechaz\u00f3 la posibilidad de declarar el\u00a0<strong>asueto administrativo<\/strong> en la previa a las fiestas de fin de a\u00f1o, los lunes 23 y 30 de diciembre, como hab\u00eda solicitado la <strong>Federaci\u00f3n de Gremios Estatales y Particulares de la provincia de Buenos Aires (Fegeppba).<\/strong><\/p>\n<p>En concreto, era un pedido que hab\u00eda elevado d\u00edas atr\u00e1s la Federaci\u00f3n de Gremios Estatales y Particulares de la provincia de Buenos Aires (<strong>Fegeppba<\/strong>), para que los trabajadores sumen as\u00ed un d\u00eda m\u00e1s sin trabajar.<\/p>\n<p>La misiva explicaba que\u00a0<strong>quer\u00edan \u201cfacilitar las celebraciones familiares y los traslados de quienes lo requieran durante estas fechas festivas\u201d<\/strong>.<\/p>\n<p><strong>\u201cNo corresponde\u201d,<\/strong> afirm\u00f3 este lunes Bianco en conferencia de prensa, y dej\u00f3 en claro que ya los estatales tienen los asuetos del martes 24 y 31, que se suman ya a los feriados de Navidad y A\u00f1o Nuevo<strong>(VW)<\/strong>.<\/p>\n<p>&nbsp;<\/p>\n","protected":false},"excerpt":{"rendered":"<p>La especie fue confirmada cuando la administraci\u00f3n de Kicillof rechaz\u00f3 in pedido del gremio de los estatales. El pedido hab\u00eda sido hecho por la Fegeppba.<\/p>\n","protected":false},"author":3,"featured_media":16724,"comment_status":"closed","ping_status":"closed","sticky":false,"template":"","format":"standard","meta":{"_monsterinsights_skip_tracking":false,"_monsterinsights_sitenote_active":false,"_monsterinsights_sitenote_note":"","_monsterinsights_sitenote_category":0,"footnotes":""},"categories":[1],"tags":[1907,26,57,229],"class_list":["post-16723","post","type-post","status-publish","format-standard","has-post-thumbnail","hentry","category-uncategorized","tag-estatales","tag-feriado","tag-gremios","tag-licencias"],"_links":{"self":[{"href":"https:\/\/www.visionweb.com.ar\/index.php?rest_route=\/wp\/v2\/posts\/16723","targetHints":{"allow":["GET"]}}],"collection":[{"href":"https:\/\/www.visionweb.com.ar\/index.php?rest_route=\/wp\/v2\/posts"}],"about":[{"href":"https:\/\/www.visionweb.com.ar\/index.php?rest_route=\/wp\/v2\/types\/post"}],"author":[{"embeddable":true,"href":"https:\/\/www.visionweb.com.ar\/index.php?rest_route=\/wp\/v2\/users\/3"}],"replies":[{"embeddable":true,"href":"https:\/\/www.visionweb.com.ar\/index.php?rest_route=%2Fwp%2Fv2%2Fcomments&post=16723"}],"version-history":[{"count":1,"href":"https:\/\/www.visionweb.com.ar\/index.php?rest_route=\/wp\/v2\/posts\/16723\/revisions"}],"predecessor-version":[{"id":16725,"href":"https:\/\/www.visionweb.com.ar\/index.php?rest_route=\/wp\/v2\/posts\/16723\/revisions\/16725"}],"wp:featuredmedia":[{"embeddable":true,"href":"https:\/\/www.visionweb.com.ar\/index.php?rest_route=\/wp\/v2\/media\/16724"}],"wp:attachment":[{"href":"https:\/\/www.visionweb.com.ar\/index.php?rest_route=%2Fwp%2Fv2%2Fmedia&parent=16723"}],"wp:term":[{"taxonomy":"category","embeddable":true,"href":"https:\/\/www.visionweb.com.ar\/index.php?rest_route=%2Fwp%2Fv2%2Fcategories&post=16723"},{"taxonomy":"post_tag","embeddable":true,"href":"https:\/\/www.visionweb.com.ar\/index.php?rest_route=%2Fwp%2Fv2%2Ftags&post=16723"}],"curies":[{"name":"wp","href":"https:\/\/api.w.org\/{rel}","templated":true}]}}