{"id":16693,"date":"2024-12-12T17:44:56","date_gmt":"2024-12-12T20:44:56","guid":{"rendered":"https:\/\/www.visionweb.com.ar\/?p=16693"},"modified":"2024-12-12T17:46:24","modified_gmt":"2024-12-12T20:46:24","slug":"seguridad-malestar-en-el-bloque-juntos-por-lanus","status":"publish","type":"post","link":"https:\/\/www.visionweb.com.ar\/?p=16693","title":{"rendered":"Seguridad: Malestar en el bloque Juntos por Lan\u00fas"},"content":{"rendered":"<p><em><strong>Pese a que se hab\u00eda pedido una sesi\u00f3n extraordinaria para interpelar el secretario de Seguridad, Sebasti\u00e1n Castillo, la presidencia del HCD, encabezada por Agust\u00edn Balladares no lo hizo.<\/strong><\/em> <!--more--><\/p>\n<div id=\"attachment_16694\" style=\"width: 310px\" class=\"wp-caption alignright\"><img loading=\"lazy\" decoding=\"async\" aria-describedby=\"caption-attachment-16694\" class=\"wp-image-16694 size-medium\" src=\"https:\/\/www.visionweb.com.ar\/wp-content\/uploads\/2024\/12\/SEGURIDAD-JUNTOS-POR-LANUS-300x200.jpeg\" alt=\"\" width=\"300\" height=\"200\" srcset=\"https:\/\/www.visionweb.com.ar\/wp-content\/uploads\/2024\/12\/SEGURIDAD-JUNTOS-POR-LANUS-300x200.jpeg 300w, https:\/\/www.visionweb.com.ar\/wp-content\/uploads\/2024\/12\/SEGURIDAD-JUNTOS-POR-LANUS.jpeg 640w\" sizes=\"auto, (max-width: 300px) 100vw, 300px\" \/><p id=\"caption-attachment-16694\" class=\"wp-caption-text\"><strong><em>El bloque Juntos por Lan\u00fas a solas para tratar el rema de inseguridad. No hubo sesi\u00f3n extraordinaria (Imagen: Prensa Juntos x Lan\u00fas) <\/em><\/strong><\/p><\/div>\n<p>El bloque opositor Juntos por Lan\u00fas sali\u00f3 a cuestionar, este jueves, la actitud del bloque de concejales oficialistas y la falta de respuesta\u00a0 del titular del HCD, que no\u00a0 convoc\u00f3 a sesi\u00f3n extraordinaria para interpelar al m\u00e1ximo responsable de Seguridad del distrito, el secretario Sebasti\u00e1n Castillo.<\/p>\n<p>El malestar de los ediles opositores qued\u00f3 evidenciado en un comunicado que se distribuy\u00f3 este jueves en el que se asegura que:\u00a0 \u00abLa sesi\u00f3n extraordinaria del Concejo Deliberante donde se deb\u00eda tratar la interpelaci\u00f3n del secretario de Seguridad de Lan\u00fas, Sebasti\u00e1n Castillo, no se llev\u00f3 a cabo por la acci\u00f3n y omisi\u00f3n del presidente del HCD, el bloque oficialistas y los concejales que deben consultar permanentemente a su c\u00fapula partidaria y a los que nada les importa el lanusense\u00bb.<\/p>\n<p>\u00abPor esa raz\u00f3n, desde el bloque de Juntos por Lan\u00fas, repudiamos este abandono a las responsabilidades que perjudican directamente a todos los vecinos del distrito\u00bb, consigna el comunicado.<\/p>\n<p>\u00abPonerle el nombre a una plaza es extraordinario y la seguridad de los vecinos no. Nuevamente, los lanusenses fueron testigos de la falta de compromiso por parte de quienes tienen la obligaci\u00f3n de representarlos\u00bb, contin\u00faa el documento.<\/p>\n<p>En la \u00faltima sesi\u00f3n extraordinaria del 6 de diciembre, el cuerpo deliberativo voto con la mayor\u00eda oficialista voto la denominaci\u00f3n de Hebe de Bonafini a un espacio verde ubicado en la ciudad de Monte Chingolo con el fundamento de ofrecer una mejor calidad de vida a los vecinos del lugar.<\/p>\n<p>\u00abNos llama poderosamente la atenci\u00f3n que el presidente del HCD, Agust\u00edn Balladares, considere<br \/>\nque colocar el nombre Hebe de Bonafini a una plaza es un asunto de inter\u00e9s p\u00fablico y urgente para convocar en 24 horas a una sesi\u00f3n extraordinaria, pero no tiene la misma consideraci\u00f3n para convocar al cuerpo y pedir respuestas sobre el plan de seguridad al secretario del \u00e1rea\u00bb, a\u00f1ade el comunicado.<\/p>\n<p>La nueva acci\u00f3n por parte del Presidente del CD de Lan\u00fas, \u00abfue la de no convocar a una sesi\u00f3n extraordinaria que pedida por este bloque, en conjunto con el de La Libertad Avanza para tratar los problemas de inseguridad y la falta de pol\u00edticas p\u00fablicas, en ese sentido.<\/p>\n<p>Si bien los temas de seguridad son competencia de la gobernaci\u00f3n y de la polic\u00eda bonaerense, las estrategias\u00a0 para atender la demanda local en esa materia corresponden al municipio en conjunto con la Provincia, son \u00abtemas que corresponden tanto al intendente Juli\u00e1n \u00c1lvarez, como al secretario de Seguridad local, Sebasti\u00e1n Castillo\u00bb, contin\u00faa el documento.<\/p>\n<p>\u00abDesde nuestro espacio, estamos trabajando en base a lo que los vecinos nos manifiestan, que no es la preocupaci\u00f3n de un solo de un sector de Lan\u00fas, sino que es un reclamo integral, y es por eso que pedimos que el Secretario de Seguridad se acerque al Concejo Deliberante para dar explicaciones\u00bb.<\/p>\n<p>Al respecto, el bloque Juntos por Lan\u00fas agrega que: \u00abQueremos destacar que desde el mes de marzo hubo una disminuci\u00f3n en el patrullaje, las medidas de prevenci\u00f3n del delito y se ve, claramente, un incremento en robos, arrebatos y entraderas. Esto se suma al robo de veh\u00edculos, de motos y comercios\u00bb, agrega el comunicado.<\/p>\n<p>\u00abA pesar de los dichos del intendente y del presidente del Concejo Deliberante, no solo no se refleja un plan de seguridad por parte del Municipio, sino que la situaci\u00f3n de inseguridad se agrava d\u00eda a d\u00eda. Hoy Lan\u00fas tiene la tasa m\u00e1s alta de homicidios en ocasi\u00f3n de robo de los \u00faltimos 10 a\u00f1os\u00bb.<\/p>\n<p>Por \u00faltimo el bloque Juntos por Lan\u00fas\u00a0 convoca a todos los espacios pol\u00edticos a que se sumen a esta iniciativa de trabajar juntos para que los vecinos de Lan\u00fas puedan vivir m\u00e1s tranquilos. (VW).<\/p>\n","protected":false},"excerpt":{"rendered":"<p>Pese a que se hab\u00eda pedido una sesi\u00f3n extraordinaria para interpelar el secretario de Seguridad, Sebasti\u00e1n Castillo, la presidencia del HCD, encabezada por Agust\u00edn Balladares no lo hizo.<\/p>\n","protected":false},"author":3,"featured_media":16694,"comment_status":"closed","ping_status":"closed","sticky":false,"template":"","format":"standard","meta":{"_monsterinsights_skip_tracking":false,"_monsterinsights_sitenote_active":false,"_monsterinsights_sitenote_note":"","_monsterinsights_sitenote_category":0,"footnotes":""},"categories":[8],"tags":[7058,7057,999,19,529,2039],"class_list":["post-16693","post","type-post","status-publish","format-standard","has-post-thumbnail","hentry","category-interes-general","tag-castillo","tag-interpelacion","tag-juntos","tag-lanus","tag-seguridad","tag-sesion"],"_links":{"self":[{"href":"https:\/\/www.visionweb.com.ar\/index.php?rest_route=\/wp\/v2\/posts\/16693","targetHints":{"allow":["GET"]}}],"collection":[{"href":"https:\/\/www.visionweb.com.ar\/index.php?rest_route=\/wp\/v2\/posts"}],"about":[{"href":"https:\/\/www.visionweb.com.ar\/index.php?rest_route=\/wp\/v2\/types\/post"}],"author":[{"embeddable":true,"href":"https:\/\/www.visionweb.com.ar\/index.php?rest_route=\/wp\/v2\/users\/3"}],"replies":[{"embeddable":true,"href":"https:\/\/www.visionweb.com.ar\/index.php?rest_route=%2Fwp%2Fv2%2Fcomments&post=16693"}],"version-history":[{"count":3,"href":"https:\/\/www.visionweb.com.ar\/index.php?rest_route=\/wp\/v2\/posts\/16693\/revisions"}],"predecessor-version":[{"id":16697,"href":"https:\/\/www.visionweb.com.ar\/index.php?rest_route=\/wp\/v2\/posts\/16693\/revisions\/16697"}],"wp:featuredmedia":[{"embeddable":true,"href":"https:\/\/www.visionweb.com.ar\/index.php?rest_route=\/wp\/v2\/media\/16694"}],"wp:attachment":[{"href":"https:\/\/www.visionweb.com.ar\/index.php?rest_route=%2Fwp%2Fv2%2Fmedia&parent=16693"}],"wp:term":[{"taxonomy":"category","embeddable":true,"href":"https:\/\/www.visionweb.com.ar\/index.php?rest_route=%2Fwp%2Fv2%2Fcategories&post=16693"},{"taxonomy":"post_tag","embeddable":true,"href":"https:\/\/www.visionweb.com.ar\/index.php?rest_route=%2Fwp%2Fv2%2Ftags&post=16693"}],"curies":[{"name":"wp","href":"https:\/\/api.w.org\/{rel}","templated":true}]}}