{"id":16679,"date":"2024-12-12T10:06:16","date_gmt":"2024-12-12T13:06:16","guid":{"rendered":"https:\/\/www.visionweb.com.ar\/?p=16679"},"modified":"2024-12-12T10:06:16","modified_gmt":"2024-12-12T13:06:16","slug":"cristina-asumio-la-presidencia-del-pj-nacional-con-duras-criticas-a-milei","status":"publish","type":"post","link":"https:\/\/www.visionweb.com.ar\/?p=16679","title":{"rendered":"Cristina asumi\u00f3 la presidencia del PJ nacional con duras cr\u00edticas a Milei"},"content":{"rendered":"<p><strong>L<\/strong><strong>a ex mandataria asumi\u00f3 la presidencia del partido Justicialista y fue la \u00fanica oradora del acto que se llev\u00f3 adelante en la universidad metropolitana para la educaci\u00f3n y el trabajo.<\/strong><!--more--><\/p>\n<p><img loading=\"lazy\" decoding=\"async\" class=\"size-medium wp-image-16680 alignright\" src=\"https:\/\/www.visionweb.com.ar\/wp-content\/uploads\/2024\/12\/CRSTINA-KIRCHNER-300x196.png\" alt=\"\" width=\"300\" height=\"196\" srcset=\"https:\/\/www.visionweb.com.ar\/wp-content\/uploads\/2024\/12\/CRSTINA-KIRCHNER-300x196.png 300w, https:\/\/www.visionweb.com.ar\/wp-content\/uploads\/2024\/12\/CRSTINA-KIRCHNER.png 640w\" sizes=\"auto, (max-width: 300px) 100vw, 300px\" \/>La ex mandataria Cristina Kirchner\u00a0 como presidenta del Partido Justicialista (PJ) hizo un llamado para formar \u201ccuadros pol\u00edticos y t\u00e9cnicos\u201d.<\/p>\n<p>Adem\u00e1s, lanz\u00f3 duros cuestionamientos hacia el plan econ\u00f3mico del gobierno de Javier Milei y las consecuencias del ajuste sobre la poblaci\u00f3n.<\/p>\n<p>En un discurso en la Universidad Metropolitana para la Educaci\u00f3n y el Trabajo, en la ciudad de Buenos Aires, Cristina Kirchner convoc\u00f3 a elaborar cuadros pol\u00edticos: \u201cNo vale la pena llegar al gobierno e intentar quedar bien con todo porque termina siendo un fracaso. Tenemos que abocarnos a la formaci\u00f3n de cuadros pol\u00edticos y t\u00e9cnicos, pero tambi\u00e9n pol\u00edticos porque el t\u00e9cnico puede mostrarnos c\u00f3mo se logra algo pero si no tiene el pol\u00edtico una correcta interpretaci\u00f3n del momento, no sirve\u201d.<\/p>\n<p>Para la ex presidenta, hay una suerte de \u201cajuste violento\u201d que la sociedad en parte \u201cacepta\u201d. Sostuvo que Milei sostiene el d\u00f3lar bajo artificialmente y que este modelo econ\u00f3mico no solo \u201cno es nuevo\u201d sino que \u201ctermina mal\u201d.<\/p>\n<p>Cristina tambi\u00e9n se refiri\u00f3 al esc\u00e1ndalo del senador Edgardo Kueider, que entr\u00f3 por Uni\u00f3n por la Patria, y est\u00e1 preso en Paraguay por tratar de ingresar con m\u00e1s de US$ 200.000 que no pudo justificar. La expresidenta sugiri\u00f3 que el legislador de Entre R\u00edos recibi\u00f3 coimas para votar la Ley Bases.<\/p>\n<p>\u201cFue doblemente clave\u201d, se\u00f1al\u00f3. Y compar\u00f3 esa ley con otras que fueron tildadas de corruptas a lo largo de la historia, como la reforma laboral que se hizo en los 2000, apodada \u201cLey Banelco\u201d.<\/p>\n<p>\u201cQuiero saludar a los compa\u00f1eros y compa\u00f1eras de todos los estamentos del partido. Quiero mandar un fuerte saludo al compa\u00f1ero Quintela y a todos los que integraron la lista. Mi saludo tambi\u00e9n a los distintos presidentes que integran Uni\u00f3n por la Patria. Gracias a los que se acercaron aqu\u00ed\u201d, dijo la extitular del Senado a continuaci\u00f3n. \u201cHacer este evento el 11 no estaba previsto. qued\u00f3 de chiripa, por alguna raz\u00f3n divina. Dios as\u00ed lo quiso\u201d, explic\u00f3 entre risas<strong>(VW)<\/strong>.<\/p>\n","protected":false},"excerpt":{"rendered":"<p>La ex mandataria asumi\u00f3 la presidencia del partido Justicialista y fue la \u00fanica oradora del acto que se llev\u00f3 adelante en la universidad metropolitana para la educaci\u00f3n y el trabajo.<\/p>\n","protected":false},"author":3,"featured_media":16680,"comment_status":"closed","ping_status":"closed","sticky":false,"template":"","format":"standard","meta":{"_monsterinsights_skip_tracking":false,"_monsterinsights_sitenote_active":false,"_monsterinsights_sitenote_note":"","_monsterinsights_sitenote_category":0,"footnotes":""},"categories":[4],"tags":[],"class_list":["post-16679","post","type-post","status-publish","format-standard","has-post-thumbnail","hentry","category-politica"],"_links":{"self":[{"href":"https:\/\/www.visionweb.com.ar\/index.php?rest_route=\/wp\/v2\/posts\/16679","targetHints":{"allow":["GET"]}}],"collection":[{"href":"https:\/\/www.visionweb.com.ar\/index.php?rest_route=\/wp\/v2\/posts"}],"about":[{"href":"https:\/\/www.visionweb.com.ar\/index.php?rest_route=\/wp\/v2\/types\/post"}],"author":[{"embeddable":true,"href":"https:\/\/www.visionweb.com.ar\/index.php?rest_route=\/wp\/v2\/users\/3"}],"replies":[{"embeddable":true,"href":"https:\/\/www.visionweb.com.ar\/index.php?rest_route=%2Fwp%2Fv2%2Fcomments&post=16679"}],"version-history":[{"count":1,"href":"https:\/\/www.visionweb.com.ar\/index.php?rest_route=\/wp\/v2\/posts\/16679\/revisions"}],"predecessor-version":[{"id":16681,"href":"https:\/\/www.visionweb.com.ar\/index.php?rest_route=\/wp\/v2\/posts\/16679\/revisions\/16681"}],"wp:featuredmedia":[{"embeddable":true,"href":"https:\/\/www.visionweb.com.ar\/index.php?rest_route=\/wp\/v2\/media\/16680"}],"wp:attachment":[{"href":"https:\/\/www.visionweb.com.ar\/index.php?rest_route=%2Fwp%2Fv2%2Fmedia&parent=16679"}],"wp:term":[{"taxonomy":"category","embeddable":true,"href":"https:\/\/www.visionweb.com.ar\/index.php?rest_route=%2Fwp%2Fv2%2Fcategories&post=16679"},{"taxonomy":"post_tag","embeddable":true,"href":"https:\/\/www.visionweb.com.ar\/index.php?rest_route=%2Fwp%2Fv2%2Ftags&post=16679"}],"curies":[{"name":"wp","href":"https:\/\/api.w.org\/{rel}","templated":true}]}}