{"id":16674,"date":"2024-12-12T09:44:56","date_gmt":"2024-12-12T12:44:56","guid":{"rendered":"https:\/\/www.visionweb.com.ar\/?p=16674"},"modified":"2024-12-12T12:28:43","modified_gmt":"2024-12-12T15:28:43","slug":"la-fundacion-el-libro-eligio-al-editor-christian-rainone-como-su-nuevo-presidente","status":"publish","type":"post","link":"https:\/\/www.visionweb.com.ar\/?p=16674","title":{"rendered":"La Fundaci\u00f3n El Libro eligi\u00f3 al editor Christian Rainone como su nuevo Presidente"},"content":{"rendered":"<p><em><strong>La Editorial lleva\u00a0 m\u00e1s de 4 mil t\u00edtulos editados con ventas de derechos y coediciones en pa\u00edses como Italia, Portugal, Grecia, Hungr\u00eda, Rumania, Rep\u00fablica Checa, Dinamarca, Estonia, Lituania, entre otros.<\/strong><\/em><!--more--><\/p>\n<div id=\"attachment_16675\" style=\"width: 310px\" class=\"wp-caption alignright\"><img loading=\"lazy\" decoding=\"async\" aria-describedby=\"caption-attachment-16675\" class=\"wp-image-16675 size-medium\" src=\"https:\/\/www.visionweb.com.ar\/wp-content\/uploads\/2024\/12\/DIRERORIO-FUNDACION-EL-LIBRO-300x200.png\" alt=\"\" width=\"300\" height=\"200\" srcset=\"https:\/\/www.visionweb.com.ar\/wp-content\/uploads\/2024\/12\/DIRERORIO-FUNDACION-EL-LIBRO-300x200.png 300w, https:\/\/www.visionweb.com.ar\/wp-content\/uploads\/2024\/12\/DIRERORIO-FUNDACION-EL-LIBRO.png 640w\" sizes=\"auto, (max-width: 300px) 100vw, 300px\" \/><p id=\"caption-attachment-16675\" class=\"wp-caption-text\"><strong><em>Las nuevas autoridades de la Fundaci\u00f3n del Libro (Imagen: Gentileza)<\/em><\/strong><\/p><\/div>\n<p><strong>L<\/strong>a <strong>Fundaci\u00f3n El Libro<\/strong>, instituci\u00f3n organizadora de la Feria Internacional del Libro de Buenos Aires \u2013que se llevar\u00e1 a cabo del 22 de abril al 12 de mayo de 2025-, comunic\u00f3 este mi\u00e9rcoles que se eligieron sus nuevas autoridades para el per\u00edodo 2024-2026.<\/p>\n<p>El nuevo cuerpo directivo quedo conformado de la siguiente manera: <strong>Presidente<\/strong>: Christian Rainone<br \/>\n<strong>Vicepresidente:<\/strong> Jorge Devito<br \/>\n<strong>Secretario<\/strong>: Gabriel Waldhuter<br \/>\n<strong>Tesorero<\/strong>: Joaqu\u00edn Gil Paricio<br \/>\n<strong>Prosecretario<\/strong>: Carlos Mor\u00f3n<br \/>\n<strong>Protesorero:<\/strong> Alejo \u00c1vila<\/p>\n<p><strong>La elecci\u00f3n<\/strong><\/p>\n<p>Fueron elegidos por el Consejo de Administraci\u00f3n integrado por miembros de las seis instituciones que constituyen la Fundaci\u00f3n El Libro: Sociedad Argentina de Escritores; C\u00e1mara Argentina del Libro; C\u00e1mara Argentina de Publicaciones; Sector de Libros y Revistas de la C\u00e1mara Espa\u00f1ola de Comercio; Federaci\u00f3n Argentina de la Industria Gr\u00e1fica y Afines; y Federaci\u00f3n Argentina de Librer\u00edas, Papeler\u00edas y Actividades Afines.<\/p>\n<p><strong>Sobre Christian Rainone<\/strong><\/p>\n<p>Licenciado en Administraci\u00f3n de Empresas (UCA). Presidente y CEO de Editorial Guadal Argentina, Brasil y Chile, con gran presencia en toda Latinoam\u00e9rica, Espa\u00f1a y EEUU de habla hispana.<\/p>\n<div id=\"attachment_16677\" style=\"width: 310px\" class=\"wp-caption alignleft\"><img loading=\"lazy\" decoding=\"async\" aria-describedby=\"caption-attachment-16677\" class=\"wp-image-16677 size-medium\" src=\"https:\/\/www.visionweb.com.ar\/wp-content\/uploads\/2024\/12\/RAGNONE-300x200.png\" alt=\"\" width=\"300\" height=\"200\" srcset=\"https:\/\/www.visionweb.com.ar\/wp-content\/uploads\/2024\/12\/RAGNONE-300x200.png 300w, https:\/\/www.visionweb.com.ar\/wp-content\/uploads\/2024\/12\/RAGNONE.png 640w\" sizes=\"auto, (max-width: 300px) 100vw, 300px\" \/><p id=\"caption-attachment-16677\" class=\"wp-caption-text\"><em><strong>Crhistian Rainone es el nuevo presidente de la Fundaci\u00f3n El Libro (Imagen: Gentileza Fundaci\u00f3n El Libro)<\/strong><\/em><\/p><\/div>\n<p>Lleva m\u00e1s de 4 mil t\u00edtulos editados con ventas de derechos y coediciones en pa\u00edses como Italia, Portugal, Grecia, Hungr\u00eda, Rumania, Rep\u00fablica Checa, Dinamarca, Estonia, Lituania, entre otros.<\/p>\n<p>Adem\u00e1s, como parte de la internacionalizaci\u00f3n de Guadal, participa con stands en las Ferias de Frankfurt, Bologna y Guadalajara. Hasta hoy ocup\u00f3 el cargo de Presidente de la Comisi\u00f3n de Profesionales de la Fundaci\u00f3n El Libro.<\/p>\n<p>Al aceptar el cargo Rainone dijo: \u201cAgradezco la confianza que me otorga el Consejo de la Fundaci\u00f3n El Libro y buscar\u00e9 ser un punto de encuentro que canalice las diferentes necesidades del sector del libro. Mi gesti\u00f3n se centrar\u00e1 en sumar nuevos p\u00fablicos, propiciar la innovaci\u00f3n de la Feria y repensar algunas cuestiones estrat\u00e9gicas de la instituci\u00f3n\u201d.<\/p>\n<p>Adem\u00e1s, en este sentido, anunci\u00f3 que el Presidente saliente, Alejandro Vaccaro, asumir\u00e1 la Secretar\u00eda de Cultura de la Fundaci\u00f3n EL Libro y el tambi\u00e9n ex titular de la instituci\u00f3n, Ariel Granica, estar\u00e1 a cargo del \u00c1rea de Innovaci\u00f3n<strong>(VW)<\/strong>.<\/p>\n","protected":false},"excerpt":{"rendered":"<p>La Editorial lleva\u00a0 m\u00e1s de 4 mil t\u00edtulos editados con ventas de derechos y coediciones en pa\u00edses como Italia, Portugal, Grecia, Hungr\u00eda, Rumania, Rep\u00fablica Checa, Dinamarca, Estonia, Lituania, entre otros.<\/p>\n","protected":false},"author":3,"featured_media":16675,"comment_status":"closed","ping_status":"closed","sticky":false,"template":"","format":"standard","meta":{"_monsterinsights_skip_tracking":false,"_monsterinsights_sitenote_active":false,"_monsterinsights_sitenote_note":"","_monsterinsights_sitenote_category":0,"footnotes":""},"categories":[8],"tags":[7052,2370,897,7053],"class_list":["post-16674","post","type-post","status-publish","format-standard","has-post-thumbnail","hentry","category-interes-general","tag-el-libro","tag-eleccion","tag-fundacion","tag-rainone"],"_links":{"self":[{"href":"https:\/\/www.visionweb.com.ar\/index.php?rest_route=\/wp\/v2\/posts\/16674","targetHints":{"allow":["GET"]}}],"collection":[{"href":"https:\/\/www.visionweb.com.ar\/index.php?rest_route=\/wp\/v2\/posts"}],"about":[{"href":"https:\/\/www.visionweb.com.ar\/index.php?rest_route=\/wp\/v2\/types\/post"}],"author":[{"embeddable":true,"href":"https:\/\/www.visionweb.com.ar\/index.php?rest_route=\/wp\/v2\/users\/3"}],"replies":[{"embeddable":true,"href":"https:\/\/www.visionweb.com.ar\/index.php?rest_route=%2Fwp%2Fv2%2Fcomments&post=16674"}],"version-history":[{"count":3,"href":"https:\/\/www.visionweb.com.ar\/index.php?rest_route=\/wp\/v2\/posts\/16674\/revisions"}],"predecessor-version":[{"id":16690,"href":"https:\/\/www.visionweb.com.ar\/index.php?rest_route=\/wp\/v2\/posts\/16674\/revisions\/16690"}],"wp:featuredmedia":[{"embeddable":true,"href":"https:\/\/www.visionweb.com.ar\/index.php?rest_route=\/wp\/v2\/media\/16675"}],"wp:attachment":[{"href":"https:\/\/www.visionweb.com.ar\/index.php?rest_route=%2Fwp%2Fv2%2Fmedia&parent=16674"}],"wp:term":[{"taxonomy":"category","embeddable":true,"href":"https:\/\/www.visionweb.com.ar\/index.php?rest_route=%2Fwp%2Fv2%2Fcategories&post=16674"},{"taxonomy":"post_tag","embeddable":true,"href":"https:\/\/www.visionweb.com.ar\/index.php?rest_route=%2Fwp%2Fv2%2Ftags&post=16674"}],"curies":[{"name":"wp","href":"https:\/\/api.w.org\/{rel}","templated":true}]}}