{"id":16671,"date":"2024-12-11T17:08:05","date_gmt":"2024-12-11T20:08:05","guid":{"rendered":"https:\/\/www.visionweb.com.ar\/?p=16671"},"modified":"2024-12-11T17:08:05","modified_gmt":"2024-12-11T20:08:05","slug":"llega-a-avellaneda-la-feria-motiva-emprender-en-comunidad","status":"publish","type":"post","link":"https:\/\/www.visionweb.com.ar\/?p=16671","title":{"rendered":"Llega a Avellaneda la feria \u201cMotiva: emprender en comunidad\u201d"},"content":{"rendered":"<p><em><strong>Se trata de un evento dirigido a emprendedores de la Provincia. Habr\u00e1 talleres, stands institucionales y mucho m\u00e1s.<\/strong><\/em><strong>\u00a0<\/strong><!--more--><\/p>\n<p><strong> <img loading=\"lazy\" decoding=\"async\" class=\"size-medium wp-image-16672 alignright\" src=\"https:\/\/www.visionweb.com.ar\/wp-content\/uploads\/2024\/12\/motiva-feria-avellandeda-253x300.png\" alt=\"\" width=\"253\" height=\"300\" srcset=\"https:\/\/www.visionweb.com.ar\/wp-content\/uploads\/2024\/12\/motiva-feria-avellandeda-253x300.png 253w, https:\/\/www.visionweb.com.ar\/wp-content\/uploads\/2024\/12\/motiva-feria-avellandeda.png 357w\" sizes=\"auto, (max-width: 253px) 100vw, 253px\" \/>\u00a0 L<\/strong>lega<strong> \u201cMotiva: Emprender en comunidad\u201d <\/strong>a la ciudad de<strong> Avellaneda, un evento destinado a emprendedores <\/strong>que se realizar\u00e1 ma\u00f1ana<strong> jueves 12, <\/strong>en el horario de 10 a 19 horas en el<strong> Parque La Estaci\u00f3n, ubicado en G\u00fcemes 700, Avellaneda,<\/strong> con entrada libre y gratuita.<\/p>\n<p>Durante la jornada, los asistentes podr\u00e1n conocer diversas<strong> experiencias autogestivas, recorrer stands institucionales e informativos, y participar en talleres de capacitaci\u00f3n, paneles, rondas tem\u00e1ticas y estaciones participativas.<\/strong><\/p>\n<p>El\u00a0<strong>Gobernador Axel Kicillof<\/strong>, el\u00a0<strong>ministro Andr\u00e9s Larroque<\/strong>, el\u00a0<strong>intendente Jorge Ferraresi<\/strong>\u00a0y el\u00a0<strong>subsecretario Daniel Men\u00e9ndez<\/strong>\u00a0estar\u00e1n presentes en la inauguraci\u00f3n de la feria.<\/p>\n<p><strong>\u00abLa iniciativa busca mostrar las nuevas formas de trabajo y otras econom\u00edas, generando un espacio de intercambio de saberes y visibilizaci\u00f3n, entre los nuevos actores del mundo del trabajo actual\u00bb<\/strong>, describe el comunicado de la Provincia.<\/p>\n<p><strong>Motiva\u00a0<\/strong>es presentada por el\u00a0<strong>Ministerio de Desarrollo de la Comunidad<\/strong>, a trav\u00e9s de la\u00a0<strong>Subsecretar\u00eda de Econom\u00eda Popular<\/strong>, y, seg\u00fan detall\u00f3 el comunicado oficial, contar\u00e1 con\u00a0<strong>distintos stands institucionales<\/strong>, en donde se van a poder conocer experiencias de municipios con pol\u00edticas para el sector, de cooperativas con emprendimientos de toda la Provincia de Buenos Aires.<\/p>\n<p>Adem\u00e1s, habr\u00e1\u00a0<strong>feria de emprendedores<\/strong>, talleres de capacitaciones para potenciar emprendimientos, como el de\u00a0Dise\u00f1o Gr\u00e1fico para emprendedores, dictado por\u00a0<strong>Coco Cerrella<\/strong>; el de\u00a0Gesti\u00f3n de Microemprendimientos y negocios, a cargo de\u00a0<strong>Diego Navajas<\/strong>; y el de\u00a0C\u00f3mo destacarte en el mundo de la pasteler\u00eda, de la mano de\u00a0<strong>Flor Menescaldi<\/strong>, entre otros.<\/p>\n<p>Las<strong>\u00a0estaciones creativas\u00a0<\/strong>se tratan de actividades art\u00edsticas dise\u00f1adas para inspirar la creatividad en un ambiente colaborativo. Mientras que en las\u00a0<strong>rondas tem\u00e1ticas<\/strong>\u00a0se podr\u00e1n intercambiar ideas sobre las nuevas econom\u00edas, a partir de experiencias autogestivas, asociativas y comunitarias.<\/p>\n<p>En los\u00a0<strong>paneles\u00a0<\/strong>se abordar\u00e1n experiencias de gesti\u00f3n p\u00fablica y pol\u00edticas orientadas al sector, con diferentes expositores relevantes y divididos en ejes. Uno de ellos ser\u00e1\u00a0El financiamiento como derecho. Finanzas solidarias. <strong>(VW)<\/strong><\/p>\n","protected":false},"excerpt":{"rendered":"<p>Se trata de un evento dirigido a emprendedores de la Provincia. Habr\u00e1 talleres, stands institucionales y mucho m\u00e1s.\u00a0<\/p>\n","protected":false},"author":4,"featured_media":16672,"comment_status":"closed","ping_status":"closed","sticky":false,"template":"","format":"standard","meta":{"_monsterinsights_skip_tracking":false,"_monsterinsights_sitenote_active":false,"_monsterinsights_sitenote_note":"","_monsterinsights_sitenote_category":0,"footnotes":""},"categories":[8],"tags":[7051,83,2579],"class_list":["post-16671","post","type-post","status-publish","format-standard","has-post-thumbnail","hentry","category-interes-general","tag-motiva-emprender-en-comunidad","tag-avellaneda","tag-feria"],"_links":{"self":[{"href":"https:\/\/www.visionweb.com.ar\/index.php?rest_route=\/wp\/v2\/posts\/16671","targetHints":{"allow":["GET"]}}],"collection":[{"href":"https:\/\/www.visionweb.com.ar\/index.php?rest_route=\/wp\/v2\/posts"}],"about":[{"href":"https:\/\/www.visionweb.com.ar\/index.php?rest_route=\/wp\/v2\/types\/post"}],"author":[{"embeddable":true,"href":"https:\/\/www.visionweb.com.ar\/index.php?rest_route=\/wp\/v2\/users\/4"}],"replies":[{"embeddable":true,"href":"https:\/\/www.visionweb.com.ar\/index.php?rest_route=%2Fwp%2Fv2%2Fcomments&post=16671"}],"version-history":[{"count":1,"href":"https:\/\/www.visionweb.com.ar\/index.php?rest_route=\/wp\/v2\/posts\/16671\/revisions"}],"predecessor-version":[{"id":16673,"href":"https:\/\/www.visionweb.com.ar\/index.php?rest_route=\/wp\/v2\/posts\/16671\/revisions\/16673"}],"wp:featuredmedia":[{"embeddable":true,"href":"https:\/\/www.visionweb.com.ar\/index.php?rest_route=\/wp\/v2\/media\/16672"}],"wp:attachment":[{"href":"https:\/\/www.visionweb.com.ar\/index.php?rest_route=%2Fwp%2Fv2%2Fmedia&parent=16671"}],"wp:term":[{"taxonomy":"category","embeddable":true,"href":"https:\/\/www.visionweb.com.ar\/index.php?rest_route=%2Fwp%2Fv2%2Fcategories&post=16671"},{"taxonomy":"post_tag","embeddable":true,"href":"https:\/\/www.visionweb.com.ar\/index.php?rest_route=%2Fwp%2Fv2%2Ftags&post=16671"}],"curies":[{"name":"wp","href":"https:\/\/api.w.org\/{rel}","templated":true}]}}