{"id":16662,"date":"2024-12-11T07:05:16","date_gmt":"2024-12-11T10:05:16","guid":{"rendered":"https:\/\/www.visionweb.com.ar\/?p=16662"},"modified":"2024-12-10T23:43:01","modified_gmt":"2024-12-11T02:43:01","slug":"milei-anuncio-el-fin-del-cepo-cambiario-y-profundizara-el-efecto-motosierra","status":"publish","type":"post","link":"https:\/\/www.visionweb.com.ar\/?p=16662","title":{"rendered":"Milei anuncio el fin del Cepo cambiario y profundizar\u00e1 el efecto \u00abMotosierra\u00bb"},"content":{"rendered":"<p><em><strong>Anticip\u00f3 tambi\u00e9n que se rebajaran las retenciones al agro e impulsar\u00e1 la firma de un tratado de libre comercio con Estados Unidos.\u00a0<\/strong><\/em><!--more--><\/p>\n<div id=\"attachment_16663\" style=\"width: 310px\" class=\"wp-caption alignright\"><img loading=\"lazy\" decoding=\"async\" aria-describedby=\"caption-attachment-16663\" class=\"wp-image-16663 size-medium\" src=\"https:\/\/www.visionweb.com.ar\/wp-content\/uploads\/2024\/12\/DISCURSO-DE-MILEI-300x200.png\" alt=\"\" width=\"300\" height=\"200\" srcset=\"https:\/\/www.visionweb.com.ar\/wp-content\/uploads\/2024\/12\/DISCURSO-DE-MILEI-300x200.png 300w, https:\/\/www.visionweb.com.ar\/wp-content\/uploads\/2024\/12\/DISCURSO-DE-MILEI.png 640w\" sizes=\"auto, (max-width: 300px) 100vw, 300px\" \/><p id=\"caption-attachment-16663\" class=\"wp-caption-text\"><em><strong>El Presidente Javier Milei estaba acompa\u00f1ado por la totalidad de su gabinete (Imagen: Prensa Presidencia de la Naci\u00f3n)<\/strong><\/em><\/p><\/div>\n<p>En su mensaje por cadena nacional, a un a\u00f1o de haber asumido la presidencia de la Naci\u00f3n, Javier Milei, hizo en la noche del martes\u00a0 una serie de anuncios en materia\u00a0 econ\u00f3mica, de seguridad, electoral y pol\u00edtica energ\u00e9tica.<\/p>\n<p>El presidente Milei estaba acompa\u00f1ado por todo su gabinete, encabez\u00f3 la cadena nacional que se difundi\u00f3 esta noche, conmemorativa del primer a\u00f1o de gobierno.<\/p>\n<p>El presidente Milei comenz\u00f3 su discurso a las 21 horas en punto (previo hab\u00eda sido grabado por la tarde), por la cadena nacional de radio y televisi\u00f3n.<\/p>\n<p>En el plano corto, a su derecha, la secretaria General de la Presidencia, su hermana Karina Milei -la \u00fanica mencionada en un discurso de poco m\u00e1s de media hora-, y a su izquierda, el jefe de Gabinete, Guillermo Francos. Detr\u00e1s, los ministros de Econom\u00eda, Luis Caputo, y de Seguridad, Patricia Bullrich.<\/p>\n<p>Luego de hacer un largo repaso de su primer a\u00f1o de gesti\u00f3n, en el que logr\u00f3 bajar las inflaci\u00f3n, achicar la emisi\u00f3n monetaria, desburocratizar el estado y eliminar las principales trabas al comercio, el mandatario hizo tambi\u00e9n referencia a diferentes anuncios<\/p>\n<p>En ese sentido, con respecto a los anuncios el primer mandatario se\u00f1al\u00f3 que:<\/p>\n<p>&#8211; En el \u00e1rea econ\u00f3mica, Milei anunci\u00f3 una: Reforma impositiva estructural, en la que se propuso reducir \u201cun 90% la cantidad de impuestos nacionales y devolverle a las provincias la autonom\u00eda impositiva que nunca debieron haber perdido\u201d.<\/p>\n<p>Tambi\u00e9n anunci\u00f3 que <strong>el a\u00f1o que viene \u201cla salida del cepo ser\u00e1 una realidad\u201d y detall\u00f3 que \u201cpara ello estamos trabajando en una soluci\u00f3n definitiva para el problema de los stocks del Banco Central,<\/strong> que puede darse ya sea a trav\u00e9s de un nuevo programa con el Fondo Monetario o a trav\u00e9s de un acuerdo con privados\u201d.<\/p>\n<p>&#8211; Luego plante\u00f3 la \u201cLibre competencia de monedas\u201d y consider\u00f3 que <strong>\u201ctodos los argentinos podr\u00e1n utilizar la moneda que quieran en sus transacciones cotidianas\u201d<\/strong>. Sobre lo que luego se explay\u00f3 sosteniendo: \u201cesto quiere decir que desde ahora, cada argentino va a poder comprar, vender y facturar en d\u00f3lares, o en la moneda que considere; exceptuando el pago de impuestos que por ahora seguir\u00e1 siendo en pesos\u201d.<\/p>\n<p>&#8211; En materia de inversiones, consider\u00f3 que \u201ca base de darle un marco fiscal l\u00f3gico a las inversiones de m\u00e1s de 200 millones de d\u00f3lares, \u00abya tenemos solicitud de aprobaci\u00f3n de inversiones por m\u00e1s de 11.800 millones de d\u00f3lares, y hay anuncios por miles de millones m\u00e1s en sectores como infraestructura, miner\u00eda, siderurgia, energ\u00eda, automotriz, tecnolog\u00eda, petr\u00f3leo y gas\u201d.<\/p>\n<p>&#8211; En Comercio Internacional, reiter\u00f3 la propuesta que d\u00edas atr\u00e1s hizo en la Cumbre del Mercosur, para \u201celiminar las trabas arancelarias que dificultan el libre comercio interno\u201d dentro del organismo. \u201cReducir el arancel externo com\u00fan que nos encarece la vida a todos sin ning\u00fan beneficio en contraprestaci\u00f3n\u201d, luego anunci\u00f3 la b\u00fasqueda de \u201cimpulsar durante el pr\u00f3ximo a\u00f1o un tratado de libre comercio con Estados Unidos, como debi\u00f3 haber sucedido hace 19 a\u00f1os\u201d.<\/p>\n<p>&#8211; Con respecto de la Desregulaci\u00f3n, una de los ejes centrales para el l\u00edder libertario, anunci\u00f3 \u201cMotosierra profunda\u201d y adelant\u00f3 que se va \u201ca hacer una auditor\u00eda inclemente para avanzar con la reducci\u00f3n del gasto p\u00fablico m\u00e1s profunda de la historia argentina, que nos legar\u00e1 un Estado m\u00e1s chico, m\u00e1s efectivo, y m\u00e1s barato para todos los pagadores de impuestos\u201d.<\/p>\n<p><strong>A\u00f1o electoral<\/strong><\/p>\n<p>En cuanto al a\u00f1o electoral entrante, el mandatario resalt\u00f3 que la agenda libertaria, \u201ca diferencia de lo que suelen hacer los pol\u00edticos, que en los a\u00f1os electorales se dedican a despilfarrar la plata de todos los argentinos como si fuera propia en b\u00fasqueda de votos\u201d va a \u201chacer algo distinto\u201d.<\/p>\n<p>A eso agreg\u00f3 que se continuar\u00e1 \u201celiminando organismos, secretar\u00edas, subsecretar\u00edas, empresas p\u00fablicas y todo estamento del estado que no deber\u00eda existir\u201d y complet\u00f3 que \u201dcada atribuci\u00f3n o tarea que no corresponda a lo que se supone que tiene que hacer el Estado Nacional ser\u00e1 eliminada\u201d.<\/p>\n<p>\u201cVamos a continuar nuestro programa de ajustepara poder bajar impuestos y devolverle el dinero al sector privado. En esa l\u00ednea vamos a hacer una reforma impositiva, una <strong>reforma previsional<\/strong>, una verdadera reforma laboral; una reforma a las leyes de seguridad nacional, una profunda reforma penal, una reforma pol\u00edtica, y otras tantas reformas que el pa\u00eds se debe hace d\u00e9cadas\u201d, agreg\u00f3<\/p>\n<p>&#8211; Luego de eso se refiri\u00f3 a la \u201cReforma de la Polic\u00eda Federal\u201d con el objetivo de \u201cconvertirla en la agencia federal de investigaci\u00f3n criminal, un FBI argentino\u201d. La idea es que esto \u201caumente su eficiencia operativa, su profesionalizaci\u00f3n, su tecnolog\u00eda y su capacidad para combatir delitos con un alcance tanto nacional como internacional. O sea, un FBI argentino de verdad, no el espejito de color que vend\u00eda Massa\u201d.<\/p>\n<p>&#8211; Tambi\u00e9n la creaci\u00f3n de una \u201cUnidad anti narcoterrorismo\u201d, para combatir el narco en la triple frontera, algo a lo que tambi\u00e9n ya hab\u00eda hecho alusi\u00f3n en su paso por Montevideo, durante la Cumbre del Mercosur. \u201dBuscaremos la cooperaci\u00f3n de nuestros vecinos que integran el Mercosur\u201d, fue una de las definiciones.<\/p>\n<p>&#8211; El mandatario anunci\u00f3, adem\u00e1s, un \u201cPlan Nuclear Argentino para la Inteligencia Artificial\u201d, bajo la idea de \u201cdise\u00f1ar un plan que contemple la construcci\u00f3n de nuevos reactores, as\u00ed como la investigaci\u00f3n en las tecnolog\u00edas emergentes de reactores peque\u00f1os o modulares, manteniendo los m\u00e1ximos est\u00e1ndares de seguridad y eficiencia\u201d<\/p>\n<p>En cuanto al a\u00f1o electoral entrante, el mandatario resalt\u00f3 que la agenda libertaria, \u201ca diferencia de lo que suelen hacer los pol\u00edticos, que en los a\u00f1os electorales se dedican a despilfarrar la plata de todos los argentinos como si fuera propia en b\u00fasqueda de votos\u201d va a \u201chacer algo distinto\u201d.<strong>(VW)<\/strong>.<\/p>\n<p>&nbsp;<\/p>\n","protected":false},"excerpt":{"rendered":"<p>Anticip\u00f3 tambi\u00e9n que se rebajaran las retenciones al agro e impulsar\u00e1 la firma de un tratado de libre comercio con Estados Unidos.\u00a0<\/p>\n","protected":false},"author":3,"featured_media":16663,"comment_status":"closed","ping_status":"closed","sticky":false,"template":"","format":"standard","meta":{"_monsterinsights_skip_tracking":false,"_monsterinsights_sitenote_active":false,"_monsterinsights_sitenote_note":"","_monsterinsights_sitenote_category":0,"footnotes":""},"categories":[4],"tags":[679,7049,1663,4530],"class_list":["post-16662","post","type-post","status-publish","format-standard","has-post-thumbnail","hentry","category-politica","tag-anuncios","tag-bimonetarismo","tag-inversiones","tag-milei"],"_links":{"self":[{"href":"https:\/\/www.visionweb.com.ar\/index.php?rest_route=\/wp\/v2\/posts\/16662","targetHints":{"allow":["GET"]}}],"collection":[{"href":"https:\/\/www.visionweb.com.ar\/index.php?rest_route=\/wp\/v2\/posts"}],"about":[{"href":"https:\/\/www.visionweb.com.ar\/index.php?rest_route=\/wp\/v2\/types\/post"}],"author":[{"embeddable":true,"href":"https:\/\/www.visionweb.com.ar\/index.php?rest_route=\/wp\/v2\/users\/3"}],"replies":[{"embeddable":true,"href":"https:\/\/www.visionweb.com.ar\/index.php?rest_route=%2Fwp%2Fv2%2Fcomments&post=16662"}],"version-history":[{"count":3,"href":"https:\/\/www.visionweb.com.ar\/index.php?rest_route=\/wp\/v2\/posts\/16662\/revisions"}],"predecessor-version":[{"id":16666,"href":"https:\/\/www.visionweb.com.ar\/index.php?rest_route=\/wp\/v2\/posts\/16662\/revisions\/16666"}],"wp:featuredmedia":[{"embeddable":true,"href":"https:\/\/www.visionweb.com.ar\/index.php?rest_route=\/wp\/v2\/media\/16663"}],"wp:attachment":[{"href":"https:\/\/www.visionweb.com.ar\/index.php?rest_route=%2Fwp%2Fv2%2Fmedia&parent=16662"}],"wp:term":[{"taxonomy":"category","embeddable":true,"href":"https:\/\/www.visionweb.com.ar\/index.php?rest_route=%2Fwp%2Fv2%2Fcategories&post=16662"},{"taxonomy":"post_tag","embeddable":true,"href":"https:\/\/www.visionweb.com.ar\/index.php?rest_route=%2Fwp%2Fv2%2Ftags&post=16662"}],"curies":[{"name":"wp","href":"https:\/\/api.w.org\/{rel}","templated":true}]}}