{"id":16660,"date":"2024-12-11T08:08:38","date_gmt":"2024-12-11T11:08:38","guid":{"rendered":"https:\/\/www.visionweb.com.ar\/?p=16660"},"modified":"2024-12-10T22:14:30","modified_gmt":"2024-12-11T01:14:30","slug":"el-miercoles-18-habra-un-paro-de-trenes-a-nivel-nacional","status":"publish","type":"post","link":"https:\/\/www.visionweb.com.ar\/?p=16660","title":{"rendered":"El mi\u00e9rcoles 18 habr\u00e1 un paro de trenes a nivel nacional"},"content":{"rendered":"<p><em><strong>Fue dispuesto por el gremio de\u00a0 La Fraternidad. Duras cr\u00edticas del gremio a la oposici\u00f3n. El paro ser\u00e1 por 24 horas.<\/strong><\/em> <!--more--><\/p>\n<p><img loading=\"lazy\" decoding=\"async\" class=\"size-medium wp-image-6520 alignright\" src=\"https:\/\/www.visionweb.com.ar\/wp-content\/uploads\/2022\/07\/trenes-estacion-277x300.jpg\" alt=\"\" width=\"277\" height=\"300\" srcset=\"https:\/\/www.visionweb.com.ar\/wp-content\/uploads\/2022\/07\/trenes-estacion-277x300.jpg 277w, https:\/\/www.visionweb.com.ar\/wp-content\/uploads\/2022\/07\/trenes-estacion.jpg 500w\" sizes=\"auto, (max-width: 277px) 100vw, 277px\" \/>El sindicato de maquinistas La Fraternidad anunci\u00f3 hoy un \u201cparo total de actividades\u201d a nivel nacional para el mi\u00e9rcoles pr\u00f3ximo en reclamo de mejoras salariales.<\/p>\n<p>El gremio se\u00f1al\u00f3 que el gobierno de Javier Milei \u201cdesconoce\u201d la inflaci\u00f3n de septiembre y octubre porque ofrece \u201caumentos irrisorios\u201d para noviembre, del 1%, y diciembre, del 2,5%, as\u00ed como tampoco \u201creconoce el 46% perdido desde el inicio de la gesti\u00f3n\u201d.<\/p>\n<p>\u201cDespu\u00e9s de 90 d\u00edas sin recibir una respuesta por parte de los funcionarios p\u00fablicos, el sindicato La Fraternidad decidi\u00f3 llevar a cabo un paro de actividades total para el pr\u00f3ximo mi\u00e9rcoles 18 de diciembre, por 24 horas, en todo el territorio nacional\u201d, anunci\u00f3 el gremio en un comunicado.<\/p>\n<p>La Fraternidad lanz\u00f3 cr\u00edticas tambi\u00e9n contra la oposici\u00f3n y la calific\u00f3 de estar \u201cconfundida\u201d y \u201csin rumbo\u201d, mientras \u201clos trabajadores estamos y estaremos alerta custodiando los aut\u00e9nticos valores y conquistas heredadas de nuestra doctrina y para el pueblo trabajador\u201d<strong>(VW)<\/strong>.<\/p>\n","protected":false},"excerpt":{"rendered":"<p>Fue dispuesto por el gremio de\u00a0 La Fraternidad. Duras cr\u00edticas del gremio a la oposici\u00f3n. El paro ser\u00e1 por 24 horas.<\/p>\n","protected":false},"author":3,"featured_media":6520,"comment_status":"closed","ping_status":"closed","sticky":false,"template":"","format":"standard","meta":{"_monsterinsights_skip_tracking":false,"_monsterinsights_sitenote_active":false,"_monsterinsights_sitenote_note":"","_monsterinsights_sitenote_category":0,"footnotes":""},"categories":[8,4],"tags":[7047,5220,1991,252,7048,56],"class_list":["post-16660","post","type-post","status-publish","format-standard","has-post-thumbnail","hentry","category-interes-general","category-politica","tag-24-horas","tag-falta","tag-la-fraternidad","tag-paro","tag-respuesta","tag-salarios"],"_links":{"self":[{"href":"https:\/\/www.visionweb.com.ar\/index.php?rest_route=\/wp\/v2\/posts\/16660","targetHints":{"allow":["GET"]}}],"collection":[{"href":"https:\/\/www.visionweb.com.ar\/index.php?rest_route=\/wp\/v2\/posts"}],"about":[{"href":"https:\/\/www.visionweb.com.ar\/index.php?rest_route=\/wp\/v2\/types\/post"}],"author":[{"embeddable":true,"href":"https:\/\/www.visionweb.com.ar\/index.php?rest_route=\/wp\/v2\/users\/3"}],"replies":[{"embeddable":true,"href":"https:\/\/www.visionweb.com.ar\/index.php?rest_route=%2Fwp%2Fv2%2Fcomments&post=16660"}],"version-history":[{"count":1,"href":"https:\/\/www.visionweb.com.ar\/index.php?rest_route=\/wp\/v2\/posts\/16660\/revisions"}],"predecessor-version":[{"id":16661,"href":"https:\/\/www.visionweb.com.ar\/index.php?rest_route=\/wp\/v2\/posts\/16660\/revisions\/16661"}],"wp:featuredmedia":[{"embeddable":true,"href":"https:\/\/www.visionweb.com.ar\/index.php?rest_route=\/wp\/v2\/media\/6520"}],"wp:attachment":[{"href":"https:\/\/www.visionweb.com.ar\/index.php?rest_route=%2Fwp%2Fv2%2Fmedia&parent=16660"}],"wp:term":[{"taxonomy":"category","embeddable":true,"href":"https:\/\/www.visionweb.com.ar\/index.php?rest_route=%2Fwp%2Fv2%2Fcategories&post=16660"},{"taxonomy":"post_tag","embeddable":true,"href":"https:\/\/www.visionweb.com.ar\/index.php?rest_route=%2Fwp%2Fv2%2Ftags&post=16660"}],"curies":[{"name":"wp","href":"https:\/\/api.w.org\/{rel}","templated":true}]}}