{"id":16653,"date":"2024-12-10T10:48:27","date_gmt":"2024-12-10T13:48:27","guid":{"rendered":"https:\/\/www.visionweb.com.ar\/?p=16653"},"modified":"2024-12-10T10:48:27","modified_gmt":"2024-12-10T13:48:27","slug":"verano-2025-la-cat-destaco-la-competitividad-de-mar-del-plata-frente-a-brasil","status":"publish","type":"post","link":"https:\/\/www.visionweb.com.ar\/?p=16653","title":{"rendered":"Verano 2025: la CAT destac\u00f3 la competitividad de Mar del Plata frente a Brasil"},"content":{"rendered":"<p><em><strong>El presidente de la C\u00e1mara Argentina de Turismo, Gustavo Hanni, descart\u00f3 que Brasil sea m\u00e1s \u00abecon\u00f3mico\u00bb que Mar del Plata en la antesala del verano 2025.<\/strong><\/em><!--more--><\/p>\n<div id=\"attachment_10174\" style=\"width: 310px\" class=\"wp-caption alignright\"><img loading=\"lazy\" decoding=\"async\" aria-describedby=\"caption-attachment-10174\" class=\"wp-image-10174 size-medium\" src=\"https:\/\/www.visionweb.com.ar\/wp-content\/uploads\/2023\/03\/MDQ-2023-1-300x225.jpg\" alt=\"\" width=\"300\" height=\"225\" srcset=\"https:\/\/www.visionweb.com.ar\/wp-content\/uploads\/2023\/03\/MDQ-2023-1-300x225.jpg 300w, https:\/\/www.visionweb.com.ar\/wp-content\/uploads\/2023\/03\/MDQ-2023-1-320x240.jpg 320w, https:\/\/www.visionweb.com.ar\/wp-content\/uploads\/2023\/03\/MDQ-2023-1.jpg 370w\" sizes=\"auto, (max-width: 300px) 100vw, 300px\" \/><p id=\"caption-attachment-10174\" class=\"wp-caption-text\">MDQ\u00a0 Foto archivo VW<\/p><\/div>\n<p><strong>\u00a0\u00a0 \u00a0\u00a0\u00a0\u00a0 E<\/strong>l\u00a0<strong>presidente <\/strong>de la<strong>\u00a0<\/strong><a href=\"https:\/\/www.camaradeturismo.org.ar\/\"><strong>C\u00e1mara Argentina de Turismo<\/strong>\u00a0(<strong>CAT<\/strong>)<\/a>,\u00a0<strong>Gustavo Hanni<\/strong>, descart\u00f3 que Brasil sea m\u00e1s econ\u00f3mico que Mar del Plata en la antesala de las vacaciones de\u00a0<strong>verano 2025<\/strong>, en medio de una creciente demanda de turistas hacia ese destino internacional. \u201cLo tenemos medido y no es cierto que sea m\u00e1s barato\u201d, afirm\u00f3 el especialista y representante del rubro.<\/p>\n<p><strong>Hanni<\/strong>\u00a0particip\u00f3 de una reuni\u00f3n en la ciudad balnearia junto a empresarios del sector y al\u00a0<strong>secretario de Turismo<\/strong>,\u00a0<strong>Ambiente y Deporte de la Naci\u00f3n<\/strong>,\u00a0<strong>Daniel Scioli<\/strong>\u00a0desde donde subray\u00f3 que la preferencia de algunos viajeros por Brasil no afectar\u00e1 significativamente a la\u00a0<strong>Costa Atl\u00e1ntica<\/strong>, inform\u00f3 Agencia DIB.<\/p>\n<p>\u201cEs cierto que hay m\u00e1s demanda para ir a Brasil, pero <strong>no se va a sentir tanto en la Costa<\/strong>\u201d, asegur\u00f3 la autoridad de la\u00a0<strong>CAT<\/strong>, a la vez que destac\u00f3 la <strong>\u201cpotente oferta\u201d local<\/strong> con precios competitivos adaptados a diferentes presupuestos.<\/p>\n<p>El empresario, con m\u00e1s de 25 a\u00f1os de trayectoria en el sector, remarc\u00f3 que <strong>ninguna ciudad brasile\u00f1a iguala la oferta de servicios, espect\u00e1culos y entretenimiento que caracteriza a \u201cLa Feliz\u201d<\/strong>. En esa l\u00ednea, los operadores tur\u00edsticos tambi\u00e9n destacaron la amplitud de opciones en la Costa Atl\u00e1ntica, que incluye propuestas exclusivas y alternativas m\u00e1s accesibles.<\/p>\n<p>Adem\u00e1s,\u00a0<strong>Hanni<\/strong>\u00a0se\u00f1al\u00f3 que los h\u00e1bitos de los turistas han cambiado tras la pandemia, con una tendencia hacia escapadas m\u00e1s cortas, que favorece a los destinos cercanos. \u201c<strong>Hoy la gente prefiere viajar varias veces al a\u00f1o, por pocos d\u00edas<\/strong>. A Brasil se va una sola vez, y despu\u00e9s se viene tres d\u00edas a la costa porque est\u00e1 cerca y el clima va a estar bueno\u201d, indic\u00f3.<\/p>\n<p>En este marco, los analistas se\u00f1alan que el 70% de los turistas que eligen la\u00a0<strong>Costa Atl\u00e1ntica<\/strong>\u00a0provienen del\u00a0<strong>\u00c1rea Metropolitana de Buenos Aires<\/strong>\u00a0(<strong>AMBA<\/strong>) y la\u00a0<strong>Ciudad Aut\u00f3noma de Buenos Aires<\/strong>\u00a0(<strong>CABA<\/strong>), lo que convierte a\u00a0<strong>Mar del Plata<\/strong>\u00a0en un destino accesible para quienes prefieren viajar por tierra. \u201cEl turismo de avi\u00f3n tiene un l\u00edmite porque no hay mucha oferta, pero Mar del Plata sigue siendo una opci\u00f3n cercana y conveniente para muchos\u201d, explic\u00f3.<\/p>\n<p>De cara a la temporada de verano,\u00a0<strong>Hanni<\/strong>\u00a0se mostr\u00f3 <strong>optimista sobre la cantidad de visitantes que se movilizar\u00e1n hacia la Costa<\/strong>. \u201cCreo que vamos a tener una <strong>buena temporada<\/strong>. Lo que va a definir el comportamiento del turista es lo que va a consumir y cu\u00e1nto\u201d, concluy\u00f3.<\/p>\n<p><strong>Verano 2025: empresario de Punta Mogotes defiende a Mar del Plata frente a Brasil<\/strong><\/p>\n<p>Por otro lado, el due\u00f1o del Balneario 12 de\u00a0<strong>Punta Mogotes<\/strong>,\u00a0<strong>Augusto Digiovanni<\/strong>, expres\u00f3 su descontento con las comparaciones entre los precios de\u00a0<strong>Mar del Plata<\/strong>\u00a0y\u00a0<strong>Brasil<\/strong>\u00a0para las vacaciones de\u00a0<strong>verano 2025<\/strong>.<\/p>\n<p>En un video viralizado el pasado 8 de diciembre,\u00a0<strong>Digiovanni<\/strong>\u00a0subray\u00f3 las ventajas de la costa atl\u00e1ntica argentina, destacando la calidad de los servicios, la infraestructura y la accesibilidad para turistas de todos los presupuestos. <strong>\u201cPrimero Argentina\u201d<\/strong>, enfatiz\u00f3 el empresario, en defensa del turismo local.<\/p>\n<p>En su mensaje, el marplatense cuestion\u00f3 la supuesta ventaja de precios en\u00a0<strong>Brasil<\/strong>, resaltando la falta de infraestructura en comparaci\u00f3n con la\u00a0<strong>Costa Atl\u00e1ntica<\/strong>. \u201c\u00bfSe ponen contentos que es m\u00e1s barato eso? <strong>Sin ba\u00f1o, sin hospital, sin infraestructura<\/strong>\u201d, critic\u00f3. A modo de contraste, el empresario destac\u00f3 que los balnearios locales ofrecen servicios de calidad y todas las comodidades necesarias para unas vacaciones familiares.<\/p>\n<p><img loading=\"lazy\" decoding=\"async\" class=\"size-medium wp-image-12208 alignleft\" src=\"https:\/\/www.visionweb.com.ar\/wp-content\/uploads\/2023\/10\/MDQ-300x152.png\" alt=\"\" width=\"300\" height=\"152\" srcset=\"https:\/\/www.visionweb.com.ar\/wp-content\/uploads\/2023\/10\/MDQ-300x152.png 300w, https:\/\/www.visionweb.com.ar\/wp-content\/uploads\/2023\/10\/MDQ.png 640w\" sizes=\"auto, (max-width: 300px) 100vw, 300px\" \/>En ese sentido,\u00a0<strong>Digiovanni<\/strong>\u00a0tambi\u00e9n respondi\u00f3 a un video que circulaba sobre un \u201cmen\u00fa de 8 mil pesos\u201d en la<strong>\u00a0<\/strong>costa brasile\u00f1a, invitando a los turistas a disfrutar de opciones accesibles en\u00a0<strong>Mar del Plata<\/strong>, como una \u201cpolenta en la playa\u201d. Seg\u00fan el representante del sector turismo, la costa argentina cuenta con alternativas para todos los bolsillos, combinando precios razonables con servicios de alta calidad.<\/p>\n<p>Asimismo,\u00a0<strong>Digiovanni<\/strong>\u00a0se mostr\u00f3 confiado en que la temporada de\u00a0<strong>verano 2025<\/strong>\u00a0ser\u00e1 exitosa, a pesar de las subas de precios que meses atr\u00e1s generaron preocupaci\u00f3n. El propietario del emblem\u00e1tico balneario aclar\u00f3 que los aumentos, como el de una carpa que pas\u00f3 de 30 mil a 50 mil pesos, reflejan una actualizaci\u00f3n responsable orientada a garantizar una experiencia de calidad.<\/p>\n<p>En relaci\u00f3n con las tarifas, el empresario destac\u00f3 que \u201cLa Feliz\u201d busca mantenerse competitiva a pesar de la tendencia de algunos argentinos a viajar al exterior, impulsados por la baja del d\u00f3lar y la devaluaci\u00f3n del real. Al respecto,\u00a0<strong>Digiovanni<\/strong>\u00a0enfatiz\u00f3 que llenar los balnearios con turistas no solo beneficia a los prestadores de servicios, sino tambi\u00e9n a la econom\u00eda local.<\/p>\n<p>Por caso,\u00a0<strong>Digiovanni<\/strong>\u00a0advirti\u00f3 sobre el aumento de fraudes virtuales en las reservas de balnearios, instando a los turistas a utilizar canales oficiales de comunicaci\u00f3n para evitar estafas. \u201cUn WhatsApp simple y seguro puede marcar la diferencia para hacer reservas confiables\u201d, explic\u00f3 el\u00a0<strong>marplatense<\/strong>. <strong>(VW)<\/strong><\/p>\n","protected":false},"excerpt":{"rendered":"<p>El presidente de la C\u00e1mara Argentina de Turismo, Gustavo Hanni, descart\u00f3 que Brasil sea m\u00e1s \u00abecon\u00f3mico\u00bb que Mar del Plata en la antesala del verano 2025.<\/p>\n","protected":false},"author":4,"featured_media":10174,"comment_status":"closed","ping_status":"closed","sticky":false,"template":"","format":"standard","meta":{"_monsterinsights_skip_tracking":false,"_monsterinsights_sitenote_active":false,"_monsterinsights_sitenote_note":"","_monsterinsights_sitenote_category":0,"footnotes":""},"categories":[700],"tags":[7043,1371,3427,7042,247,7044],"class_list":["post-16653","post","type-post","status-publish","format-standard","has-post-thumbnail","hentry","category-turismo","tag-camara-de-turismo","tag-cat","tag-costa-atlantica","tag-gustavo-hanni","tag-mar-del-plata","tag-verano-2025"],"_links":{"self":[{"href":"https:\/\/www.visionweb.com.ar\/index.php?rest_route=\/wp\/v2\/posts\/16653","targetHints":{"allow":["GET"]}}],"collection":[{"href":"https:\/\/www.visionweb.com.ar\/index.php?rest_route=\/wp\/v2\/posts"}],"about":[{"href":"https:\/\/www.visionweb.com.ar\/index.php?rest_route=\/wp\/v2\/types\/post"}],"author":[{"embeddable":true,"href":"https:\/\/www.visionweb.com.ar\/index.php?rest_route=\/wp\/v2\/users\/4"}],"replies":[{"embeddable":true,"href":"https:\/\/www.visionweb.com.ar\/index.php?rest_route=%2Fwp%2Fv2%2Fcomments&post=16653"}],"version-history":[{"count":1,"href":"https:\/\/www.visionweb.com.ar\/index.php?rest_route=\/wp\/v2\/posts\/16653\/revisions"}],"predecessor-version":[{"id":16656,"href":"https:\/\/www.visionweb.com.ar\/index.php?rest_route=\/wp\/v2\/posts\/16653\/revisions\/16656"}],"wp:featuredmedia":[{"embeddable":true,"href":"https:\/\/www.visionweb.com.ar\/index.php?rest_route=\/wp\/v2\/media\/10174"}],"wp:attachment":[{"href":"https:\/\/www.visionweb.com.ar\/index.php?rest_route=%2Fwp%2Fv2%2Fmedia&parent=16653"}],"wp:term":[{"taxonomy":"category","embeddable":true,"href":"https:\/\/www.visionweb.com.ar\/index.php?rest_route=%2Fwp%2Fv2%2Fcategories&post=16653"},{"taxonomy":"post_tag","embeddable":true,"href":"https:\/\/www.visionweb.com.ar\/index.php?rest_route=%2Fwp%2Fv2%2Ftags&post=16653"}],"curies":[{"name":"wp","href":"https:\/\/api.w.org\/{rel}","templated":true}]}}