{"id":16643,"date":"2024-12-09T11:30:49","date_gmt":"2024-12-09T14:30:49","guid":{"rendered":"https:\/\/www.visionweb.com.ar\/?p=16643"},"modified":"2024-12-09T11:30:49","modified_gmt":"2024-12-09T14:30:49","slug":"kicillof-anuncio-que-la-provincia-de-buenos-aires-quiere-quedarse-con-aerolineas-argentinas","status":"publish","type":"post","link":"https:\/\/www.visionweb.com.ar\/?p=16643","title":{"rendered":"Kicillof anunci\u00f3 que la Provincia de Buenos Aires quiere quedarse con Aerol\u00edneas Argentinas"},"content":{"rendered":"<p><em><strong>El gobernador bonaerense dijo que Aerol\u00edneas Argentinas podr\u00eda pasar a la Provincia para que no avance su privatizaci\u00f3n. \u201cLa Provincia s\u00ed la quiere.\u00a0Esto requiere una serie de pasos institucionales, y hoy expresamos la vocaci\u00f3n de empezar a dar esos pasos\u201d, expres\u00f3.<\/strong><strong>\u00a0<\/strong><\/em><!--more--><\/p>\n<div id=\"attachment_16644\" style=\"width: 310px\" class=\"wp-caption alignright\"><img loading=\"lazy\" decoding=\"async\" aria-describedby=\"caption-attachment-16644\" class=\"wp-image-16644 size-medium\" src=\"https:\/\/www.visionweb.com.ar\/wp-content\/uploads\/2024\/12\/AA-ceriani-300x270.png\" alt=\"\" width=\"300\" height=\"270\" srcset=\"https:\/\/www.visionweb.com.ar\/wp-content\/uploads\/2024\/12\/AA-ceriani-300x270.png 300w, https:\/\/www.visionweb.com.ar\/wp-content\/uploads\/2024\/12\/AA-ceriani.png 520w\" sizes=\"auto, (max-width: 300px) 100vw, 300px\" \/><p id=\"caption-attachment-16644\" class=\"wp-caption-text\">Ceriani, que ya dirigi\u00f3 la aerol\u00ednea, hoy integra el directorio de AUBASA<\/p><\/div>\n<p><strong>\u00a0\u00a0\u00a0\u00a0 \u00a0\u00a0\u00a0 E<\/strong>l gobernador de la<strong>\u00a0provincia de Buenos Aires<\/strong>, <strong>Axel Kicillof<\/strong>, anunci\u00f3 sus intenciones de tomar el mando de Aerol\u00edneas Argentinas, y propuso que se traspase al Estado provincial.<\/p>\n<p>\u00ab<strong>Si el gobierno quiere liquidar, vaciar, cerrar, vender a una empresa extranjera o a un grupo amigo Aerol\u00edneas Argentinas, la provincia de Buenos Aires no lo va a permitir<\/strong>\u00ab, afirm\u00f3 Kicillof.<\/p>\n<p>Kicillof subray\u00f3 que la aerol\u00ednea de bandera es fundamental para el pa\u00eds y destac\u00f3 su relevancia econ\u00f3mica y social: \u201cEs un<strong>\u00a0instrumento central para la conectividad\u00a0<\/strong>de la Argentina, es una fuente de ingresos y de bienestar inconmensurable.<strong>\u00a0La Provincia s\u00ed la quiere.<\/strong>\u00a0Esto requiere una serie de pasos institucionales, y hoy expresamos la vocaci\u00f3n de empezar a dar esos pasos\u201d.<\/p>\n<p>\u00abAerol\u00edneas no se vende y la patria no se vende\u00bb, sentenci\u00f3 Kicillof durante el anuncio realizado en conferencia de prensa. Seg\u00fan el gobernador, las intenciones de\u00a0<strong>Javier Milei<\/strong>\u00a0constituyen \u00ab<strong>otro intento de saqueo<\/strong>\u00bb que no solo afectar\u00eda a la empresa (con menos vuelos, menos aviones, etc\u00e9tera) sino tambi\u00e9n a toda la econom\u00eda de la Provincia.<\/p>\n<p>De acuerdo con un an\u00e1lisis econ\u00f3mico hecho por el gabinete de Kicillof\u00a0<strong>ser\u00edan unos 2665 millones de d\u00f3lares que se pierden \u00absi la Provincia empieza a perder vuelos internacionales o nacionales\u00bb<\/strong>. Esta cifra incluye el\u00a0<strong>producto aeroportuario <\/strong>y el impacto en el\u00a0<strong>turismo<\/strong>.<\/p>\n<p><strong>Evitar la venta:<\/strong><\/p>\n<p>Tras el anuncio, ahora empiezan \u00abuna serie de acciones y reuniones de trabajo\u00bb que va a encabezar el gobierno.\u00a0<strong>La idea es aliarse con los gremios aeron\u00e1uticos y otros sectores (incluyendo a otros gobernadores provinciales) para armar una estructura concreta que les permita administrar Aerol\u00edneas Argentinas<\/strong>\u00a0y evitar as\u00ed su venta o cierre.<\/p>\n<p>Lo cierto es que\u00a0<strong>dependen de la decisi\u00f3n que tome el Gobierno Nacional con la compa\u00f1\u00eda<\/strong>\u00a0para poder determinar los pasos a seguir. \u00abHa amenazado con varias cosas:\u00a0<strong>venderla<\/strong>, llevarla a la\u00a0<strong>quiebra<\/strong>,\u00a0<strong>disolverla<\/strong>, tambi\u00e9n ha dicho que se la iba a dar a los\u00a0<strong>trabajadores<\/strong>\u00ab, record\u00f3 Kicillof en la conferencia de prensa.<\/p>\n<p>En este sentido, los pr\u00f3ximos pasos de la administraci\u00f3n libertaria definir\u00e1n lo que haga la gesti\u00f3n de Kicillof. \u00ab<strong>La Provincia tiene diferentes caminos y algunos de ellos necesitan de la Legislatura Bonaerense<\/strong>\u00ab, adelant\u00f3 el gobernador.<\/p>\n<p>M\u00e1s all\u00e1 de todo, el gobernador ya est\u00e1 pensando \u00abno es solo recibirla sino sacarle el jugo en todo lo posible\u00bb. De hecho, en su gabinete cuenta con un funcionario conocedor de esa industria en general y de Aerol\u00edneas Argentinas en particular. Se trata de\u00a0<strong>Pablo Ceriani<\/strong>, quien integra el directorio de la empresa vial bonaerense AUBASA, y que ya dirigi\u00f3 los destinos de la aerol\u00ednea de bandera. <strong>(VW)<\/strong><\/p>\n","protected":false},"excerpt":{"rendered":"<p>El gobernador bonaerense dijo que Aerol\u00edneas Argentinas podr\u00eda pasar a la Provincia para que no avance su privatizaci\u00f3n. \u201cLa Provincia s\u00ed la quiere.\u00a0Esto requiere una serie de pasos institucionales, y hoy expresamos la vocaci\u00f3n&#46;&#46;&#46;<\/p>\n","protected":false},"author":4,"featured_media":16644,"comment_status":"closed","ping_status":"closed","sticky":false,"template":"","format":"standard","meta":{"_monsterinsights_skip_tracking":false,"_monsterinsights_sitenote_active":false,"_monsterinsights_sitenote_note":"","_monsterinsights_sitenote_category":0,"footnotes":""},"categories":[4],"tags":[3228,167,7037],"class_list":["post-16643","post","type-post","status-publish","format-standard","has-post-thumbnail","hentry","category-politica","tag-aerolineas-argentinas","tag-kicillof","tag-que-la-empresa-pase-a-la-provincia"],"_links":{"self":[{"href":"https:\/\/www.visionweb.com.ar\/index.php?rest_route=\/wp\/v2\/posts\/16643","targetHints":{"allow":["GET"]}}],"collection":[{"href":"https:\/\/www.visionweb.com.ar\/index.php?rest_route=\/wp\/v2\/posts"}],"about":[{"href":"https:\/\/www.visionweb.com.ar\/index.php?rest_route=\/wp\/v2\/types\/post"}],"author":[{"embeddable":true,"href":"https:\/\/www.visionweb.com.ar\/index.php?rest_route=\/wp\/v2\/users\/4"}],"replies":[{"embeddable":true,"href":"https:\/\/www.visionweb.com.ar\/index.php?rest_route=%2Fwp%2Fv2%2Fcomments&post=16643"}],"version-history":[{"count":1,"href":"https:\/\/www.visionweb.com.ar\/index.php?rest_route=\/wp\/v2\/posts\/16643\/revisions"}],"predecessor-version":[{"id":16645,"href":"https:\/\/www.visionweb.com.ar\/index.php?rest_route=\/wp\/v2\/posts\/16643\/revisions\/16645"}],"wp:featuredmedia":[{"embeddable":true,"href":"https:\/\/www.visionweb.com.ar\/index.php?rest_route=\/wp\/v2\/media\/16644"}],"wp:attachment":[{"href":"https:\/\/www.visionweb.com.ar\/index.php?rest_route=%2Fwp%2Fv2%2Fmedia&parent=16643"}],"wp:term":[{"taxonomy":"category","embeddable":true,"href":"https:\/\/www.visionweb.com.ar\/index.php?rest_route=%2Fwp%2Fv2%2Fcategories&post=16643"},{"taxonomy":"post_tag","embeddable":true,"href":"https:\/\/www.visionweb.com.ar\/index.php?rest_route=%2Fwp%2Fv2%2Ftags&post=16643"}],"curies":[{"name":"wp","href":"https:\/\/api.w.org\/{rel}","templated":true}]}}