{"id":16616,"date":"2024-12-06T08:00:36","date_gmt":"2024-12-06T11:00:36","guid":{"rendered":"https:\/\/www.visionweb.com.ar\/?p=16616"},"modified":"2024-12-06T09:29:14","modified_gmt":"2024-12-06T12:29:14","slug":"manifestantes-reclamaron-la-entrega-de-carne-en-frigorifico-de-bernal-oeste","status":"publish","type":"post","link":"https:\/\/www.visionweb.com.ar\/?p=16616","title":{"rendered":"Manifestantes reclamaron la entrega de carne en frigor\u00edfico de Bernal Oeste"},"content":{"rendered":"<p><em><strong>Tras cortar el tr\u00e1nsito frente a Finexcor, en Camino General Belgrano al 1400, exigieron hablar con los due\u00f1os del establecimiento, y tras no tener respuesta, se retiraron.<\/strong><\/em><!--more--><\/p>\n<article id=\"article-post\" class=\"first\">\n<div class=\"cuerpo\" data-twitter-link=\"https:\/\/twitter.com\/intent\/tweet?url=https:\/\/www.diariopopular.com.ar\/c818478&amp;via=poopulardiario&amp;related=Popular&amp;text=\">\n<p><img loading=\"lazy\" decoding=\"async\" class=\"size-medium wp-image-16621 alignright\" src=\"https:\/\/www.visionweb.com.ar\/wp-content\/uploads\/2024\/12\/RECLAMO-DE-CARNE-300x150.png\" alt=\"\" width=\"300\" height=\"150\" srcset=\"https:\/\/www.visionweb.com.ar\/wp-content\/uploads\/2024\/12\/RECLAMO-DE-CARNE-300x150.png 300w, https:\/\/www.visionweb.com.ar\/wp-content\/uploads\/2024\/12\/RECLAMO-DE-CARNE.png 640w\" sizes=\"auto, (max-width: 300px) 100vw, 300px\" \/>Manifestantes se concentraron frente a un frigor\u00edfico en Bernal Oeste y\u00a0<strong>reclamaron que los due\u00f1os entreguen carne a la poblaci\u00f3n debido a que \u201chemos llegado a una situaci\u00f3n l\u00edmite\u201d.<\/strong><\/p>\n<p>Adem\u00e1s, sostuvieron que los ni\u00f1os se enferman cada vez m\u00e1s por la falta de nutrientes. La manifestaci\u00f3n finaliz\u00f3 a las pocas horas y no hubo intervenci\u00f3n policial.<\/p>\n<\/div>\n<\/article>\n<article id=\"article-post\">\n<div class=\"cuerpo\" data-twitter-link=\"https:\/\/twitter.com\/intent\/tweet?url=https:\/\/www.diariopopular.com.ar\/c818478&amp;via=poopulardiario&amp;related=Popular&amp;text=\">\n<p><strong>Desde el n\u00facleo de desocupados del Frente Popular Dar\u00edo Santill\u00e1n (FPDS)<\/strong>, relacionado con la izquierda quilme\u00f1a, se presentaron en la puerta del frigor\u00edfico Finexcor de Bernal Oeste, situado en Camino General Belgrano 1415.<\/p>\n<p>Fueron decenas las personas que se reunieron bajo el lema \u201cun gesto solidario urgente\u201d y permanecieron durante algunas horas en medio de la calle. As\u00ed lo explic\u00f3 Orlando Ag\u00fcero, referente del movimiento.<\/p>\n<p>\u201cHemos llegado a una situaci\u00f3n l\u00edmite: millones de ni\u00f1os acceden hoy a una sola comida diaria, en gran medida garantizada por las redes comunitarias de las barriadas.\u00a0<strong>Este fen\u00f3meno se ha profundizado dr\u00e1sticamente desde la asunci\u00f3n de \u00e9ste gobierno y no se puede tolerar m\u00e1s<\/strong>\u201d, indic\u00f3 Ag\u00fcero.<\/p>\n<p>Al respecto agreg\u00f3: \u201cResulta una tragedia que la falta de nutrientes est\u00e9 generando una constante exposici\u00f3n de nuestras ni\u00f1eces a enfermedades producto de sus defensas diezmadas. Nos negamos a naturalizar semejantes niveles de violencia contra el pueblo\u201d.<\/p>\n<p><strong>En sinton\u00eda, sostuvo que la protesta se da ya que en este a\u00f1o<\/strong>, \u00abel sector de la carne tuvo ganancias extraordinarias e ilimitadas, mientras el resto de la poblaci\u00f3n vivi\u00f3 contando monedas a la hora de llenar la heladera\u00bb.<\/p>\n<p>\u201cMientras el consumo de carne vacuna por parte de los habitantes de nuestro pa\u00eds cae a pisos hist\u00f3ricos,\u00a0<strong>las exportaciones de la misma se multiplican mes a mes<\/strong>: entre enero y septiembre generaron ganancias de m\u00e1s de 2 mil millones de d\u00f3lares para los empresarios de dicho sector\u201d, dijo.<\/p>\n<p>As\u00ed las cosas, exigieron la entrega de mercader\u00eda, aunque no lograron hablar con las autoridades del lugar.\u00a0<strong>Tras algunas horas de protesta, se marcharon de la v\u00eda p\u00fablica(VW)<\/strong>.<\/p>\n<p>Fuente: Diario Popular<\/p>\n<\/div>\n<\/article>\n","protected":false},"excerpt":{"rendered":"<p>Tras cortar el tr\u00e1nsito frente a Finexcor, en Camino General Belgrano al 1400, exigieron hablar con los due\u00f1os del establecimiento, y tras no tener respuesta, se retiraron.<\/p>\n","protected":false},"author":3,"featured_media":16621,"comment_status":"closed","ping_status":"closed","sticky":false,"template":"","format":"standard","meta":{"_monsterinsights_skip_tracking":false,"_monsterinsights_sitenote_active":false,"_monsterinsights_sitenote_note":"","_monsterinsights_sitenote_category":0,"footnotes":""},"categories":[8],"tags":[286,7024,7025,2291],"class_list":["post-16616","post","type-post","status-publish","format-standard","has-post-thumbnail","hentry","category-interes-general","tag-exportaciones","tag-finexpor","tag-minterno","tag-piqueteros"],"_links":{"self":[{"href":"https:\/\/www.visionweb.com.ar\/index.php?rest_route=\/wp\/v2\/posts\/16616","targetHints":{"allow":["GET"]}}],"collection":[{"href":"https:\/\/www.visionweb.com.ar\/index.php?rest_route=\/wp\/v2\/posts"}],"about":[{"href":"https:\/\/www.visionweb.com.ar\/index.php?rest_route=\/wp\/v2\/types\/post"}],"author":[{"embeddable":true,"href":"https:\/\/www.visionweb.com.ar\/index.php?rest_route=\/wp\/v2\/users\/3"}],"replies":[{"embeddable":true,"href":"https:\/\/www.visionweb.com.ar\/index.php?rest_route=%2Fwp%2Fv2%2Fcomments&post=16616"}],"version-history":[{"count":4,"href":"https:\/\/www.visionweb.com.ar\/index.php?rest_route=\/wp\/v2\/posts\/16616\/revisions"}],"predecessor-version":[{"id":16622,"href":"https:\/\/www.visionweb.com.ar\/index.php?rest_route=\/wp\/v2\/posts\/16616\/revisions\/16622"}],"wp:featuredmedia":[{"embeddable":true,"href":"https:\/\/www.visionweb.com.ar\/index.php?rest_route=\/wp\/v2\/media\/16621"}],"wp:attachment":[{"href":"https:\/\/www.visionweb.com.ar\/index.php?rest_route=%2Fwp%2Fv2%2Fmedia&parent=16616"}],"wp:term":[{"taxonomy":"category","embeddable":true,"href":"https:\/\/www.visionweb.com.ar\/index.php?rest_route=%2Fwp%2Fv2%2Fcategories&post=16616"},{"taxonomy":"post_tag","embeddable":true,"href":"https:\/\/www.visionweb.com.ar\/index.php?rest_route=%2Fwp%2Fv2%2Ftags&post=16616"}],"curies":[{"name":"wp","href":"https:\/\/api.w.org\/{rel}","templated":true}]}}