{"id":16605,"date":"2024-12-05T08:32:37","date_gmt":"2024-12-05T11:32:37","guid":{"rendered":"https:\/\/www.visionweb.com.ar\/?p=16605"},"modified":"2024-12-05T08:32:55","modified_gmt":"2024-12-05T11:32:55","slug":"lomas-recordo-el-dia-internacional-de-las-personas-con-discapacidad","status":"publish","type":"post","link":"https:\/\/www.visionweb.com.ar\/?p=16605","title":{"rendered":"Lomas record\u00f3 el \u00abD\u00eda internacional de las personas con discapacidad"},"content":{"rendered":"<p><em><strong>El intendente Oterm\u00edn particip\u00f3 de la jornada junto a m\u00e1s de mil vecinos y familias de 33 instituciones, centros de d\u00eda, espacios de formaci\u00f3n y servicios de salud.<\/strong><\/em><!--more--><\/p>\n<div id=\"attachment_16606\" style=\"width: 310px\" class=\"wp-caption alignright\"><img loading=\"lazy\" decoding=\"async\" aria-describedby=\"caption-attachment-16606\" class=\"wp-image-16606 size-medium\" src=\"https:\/\/www.visionweb.com.ar\/wp-content\/uploads\/2024\/12\/DISCAPACIDAD-300x225.png\" alt=\"\" width=\"300\" height=\"225\" srcset=\"https:\/\/www.visionweb.com.ar\/wp-content\/uploads\/2024\/12\/DISCAPACIDAD-300x225.png 300w, https:\/\/www.visionweb.com.ar\/wp-content\/uploads\/2024\/12\/DISCAPACIDAD-320x240.png 320w, https:\/\/www.visionweb.com.ar\/wp-content\/uploads\/2024\/12\/DISCAPACIDAD.png 640w\" sizes=\"auto, (max-width: 300px) 100vw, 300px\" \/><p id=\"caption-attachment-16606\" class=\"wp-caption-text\"><em><strong>Ciento de vecinos de Lomas de Zamora participaron del encuentro (Foto,: Prensa MLZ)<\/strong><\/em><\/p><\/div>\n<p>En el marco del\u00a0<strong>D\u00eda Internacional de las Personas con Discapacidad<\/strong>, m\u00e1s de mil vecinos de Lomas de Zamora junto a sus familias y representantes de 33 instituciones, disfrutaron, este mi\u00e9rcoles, de una jornada repleta de m\u00fasica, alegr\u00eda y un mensaje contundente de inclusi\u00f3n y respeto por la diversidad.<\/p>\n<p>Este encuentro fue encabezado por el intendente de Lomas de Zamora, Federico Oterm\u00edn en conjunto con el Departamento de Cultura Lomas.<\/p>\n<p>El evento, que tuvo la destacada participaci\u00f3n del DJ Lautaro Moli, se convirti\u00f3 en un espacio de encuentro y celebraci\u00f3n donde los asistentes pudieron compartir experiencias y fortalecer v\u00ednculos.<\/p>\n<p>Oterm\u00edn, quien asisti\u00f3 acompa\u00f1ado de su madre, Alicia Ledwab, exdocente y directora de la escuela especial N\u00b0506 para chicos ciegos, y su hija Sof\u00eda, resalt\u00f3\u00a0<strong>la importancia de construir una comunidad m\u00e1s inclusiva y garantizar los derechos de todas las personas<\/strong>. \u201cComo aprend\u00ed de mi mam\u00e1, todos tenemos derecho a so\u00f1ar, a desarrollarnos y a ser felices sin que ning\u00fan contexto determine lo contrario\u201d, expres\u00f3 el intendente.<\/p>\n<p>Asimismo, reafirm\u00f3 el compromiso de su gesti\u00f3n con la inclusi\u00f3n. \u201cLos vecinos con discapacidad tienen un lugar prioritario en nuestra agenda. Queremos escucharlos y aprender de ustedes\u201d, a\u00f1adi\u00f3, invitando adem\u00e1s al Primer Congreso de la Comunidad, programado para el 21 de diciembre en el Parque de Lomas.<\/p>\n<p>A trav\u00e9s de estas iniciativas,\u00a0<strong>el Municipio de Lomas de Zamora refuerza su compromiso con pol\u00edticas p\u00fablicas orientadas a garantizar la accesibilidad, promover la participaci\u00f3n y eliminar las barreras que dificultan la inclusi\u00f3n de las personas con discapacidad.(VW)<\/strong><\/p>\n","protected":false},"excerpt":{"rendered":"<p>El intendente Oterm\u00edn particip\u00f3 de la jornada junto a m\u00e1s de mil vecinos y familias de 33 instituciones, centros de d\u00eda, espacios de formaci\u00f3n y servicios de salud.<\/p>\n","protected":false},"author":3,"featured_media":16606,"comment_status":"closed","ping_status":"closed","sticky":false,"template":"","format":"standard","meta":{"_monsterinsights_skip_tracking":false,"_monsterinsights_sitenote_active":false,"_monsterinsights_sitenote_note":"","_monsterinsights_sitenote_category":0,"footnotes":""},"categories":[5],"tags":[254,2909,6410],"class_list":["post-16605","post","type-post","status-publish","format-standard","has-post-thumbnail","hentry","category-sociedad","tag-convenio","tag-discapacidad","tag-otermin"],"_links":{"self":[{"href":"https:\/\/www.visionweb.com.ar\/index.php?rest_route=\/wp\/v2\/posts\/16605","targetHints":{"allow":["GET"]}}],"collection":[{"href":"https:\/\/www.visionweb.com.ar\/index.php?rest_route=\/wp\/v2\/posts"}],"about":[{"href":"https:\/\/www.visionweb.com.ar\/index.php?rest_route=\/wp\/v2\/types\/post"}],"author":[{"embeddable":true,"href":"https:\/\/www.visionweb.com.ar\/index.php?rest_route=\/wp\/v2\/users\/3"}],"replies":[{"embeddable":true,"href":"https:\/\/www.visionweb.com.ar\/index.php?rest_route=%2Fwp%2Fv2%2Fcomments&post=16605"}],"version-history":[{"count":2,"href":"https:\/\/www.visionweb.com.ar\/index.php?rest_route=\/wp\/v2\/posts\/16605\/revisions"}],"predecessor-version":[{"id":16608,"href":"https:\/\/www.visionweb.com.ar\/index.php?rest_route=\/wp\/v2\/posts\/16605\/revisions\/16608"}],"wp:featuredmedia":[{"embeddable":true,"href":"https:\/\/www.visionweb.com.ar\/index.php?rest_route=\/wp\/v2\/media\/16606"}],"wp:attachment":[{"href":"https:\/\/www.visionweb.com.ar\/index.php?rest_route=%2Fwp%2Fv2%2Fmedia&parent=16605"}],"wp:term":[{"taxonomy":"category","embeddable":true,"href":"https:\/\/www.visionweb.com.ar\/index.php?rest_route=%2Fwp%2Fv2%2Fcategories&post=16605"},{"taxonomy":"post_tag","embeddable":true,"href":"https:\/\/www.visionweb.com.ar\/index.php?rest_route=%2Fwp%2Fv2%2Ftags&post=16605"}],"curies":[{"name":"wp","href":"https:\/\/api.w.org\/{rel}","templated":true}]}}