{"id":16600,"date":"2024-12-04T17:57:56","date_gmt":"2024-12-04T20:57:56","guid":{"rendered":"https:\/\/www.visionweb.com.ar\/?p=16600"},"modified":"2024-12-04T17:57:56","modified_gmt":"2024-12-04T20:57:56","slug":"distrito-la-ribera-lanus-gobierno-arranco-con-las-obras-en-la-zona-del-puente-alsina","status":"publish","type":"post","link":"https:\/\/www.visionweb.com.ar\/?p=16600","title":{"rendered":"Distrito La Ribera: Lan\u00fas Gobierno arranc\u00f3 con las obras en la zona del Puente Alsina"},"content":{"rendered":"<p><strong><em>Comienzan los trabajos en el Puente Alsina, para mejorar el ingreso a Lan\u00fas. La inversi\u00f3n ser\u00e1 de 700 millones de pesos.<\/em><\/strong><!--more--><\/p>\n<div id=\"attachment_16601\" style=\"width: 310px\" class=\"wp-caption alignright\"><img loading=\"lazy\" decoding=\"async\" aria-describedby=\"caption-attachment-16601\" class=\"wp-image-16601 size-medium\" src=\"https:\/\/www.visionweb.com.ar\/wp-content\/uploads\/2024\/12\/obras-puente-alsina-300x199.jpg\" alt=\"\" width=\"300\" height=\"199\" srcset=\"https:\/\/www.visionweb.com.ar\/wp-content\/uploads\/2024\/12\/obras-puente-alsina-300x199.jpg 300w, https:\/\/www.visionweb.com.ar\/wp-content\/uploads\/2024\/12\/obras-puente-alsina.jpg 580w\" sizes=\"auto, (max-width: 300px) 100vw, 300px\" \/><p id=\"caption-attachment-16601\" class=\"wp-caption-text\">Foto: Gentileza Prensa de Lan\u00fas<\/p><\/div>\n<p><strong>\u00a0 \u00a0\u00a0 E<\/strong>l intendente de Lan\u00fas,\u00a0<strong>Juli\u00e1n \u00c1lvarez, <\/strong>anunci\u00f3 el inicio de una obra de puesta en valor de uno de los accesos al distrito, y en ese sentido, recorri\u00f3 la zona del Puente Ezequiel Demonty (Valent\u00edn Alsina), que implica una inversi\u00f3n de 700 millones de pesos.<\/p>\n<p>La obra, que se ejecuta en el marco del <strong>Proyecto Distrito La Ribera<\/strong>, abarcar\u00e1 desde el Puente Ezequiel Demonty hasta Darragueira, y tendr\u00e1 como eje central la avenida Remedios de Escalada de San Mart\u00edn, inform\u00f3 Prensa de Lan\u00fas.<\/p>\n<p>Al respecto, el Intendente resalt\u00f3 el impacto positivo de la iniciativa para las familias de la zona. \u00abDe esta manera, no s\u00f3lo mejoraremos este punto estrat\u00e9gico y central de ingreso y egreso a nuestra ciudad, sino que <strong>tambi\u00e9n crearemos m\u00e1s y mejores espacios p\u00fablicos<\/strong> para el disfrute de los vecinos y vecinas\u00bb.<\/p>\n<p>Con la ejecuci\u00f3n de esas labores, Lan\u00fas Gobierno tambi\u00e9n garantizar\u00e1 mayores niveles de <strong>seguridad vial en el barrio<\/strong>. En ese sentido, se incorporar\u00e1n sendas peatonales, rampas y paradas de colectivos. Otras de las medidas que apuntar\u00e1n en esa direcci\u00f3n, ser\u00e1n la instalaci\u00f3n de luminaria moderna y de una nueva garita policial.<\/p>\n<p>A trav\u00e9s de la creaci\u00f3n del Distrito La Ribera, el Municipio contempla la <strong>recuperaci\u00f3n de un total de 560 hect\u00e1reas <\/strong>en la zona de la ex traza del ferrocarril Belgrano Sur y las avenidas General Hornos y Carlos Pellegrini.<\/p>\n<p>Por otra parte, se har\u00e1 la restauraci\u00f3n integral de la escultura <strong>\u00abEl Malevo\u00bb<\/strong>. La pieza, que hab\u00eda sido inaugurada en 2013 y que luego fue quitada del Puente Alsina en 2018, es una creaci\u00f3n del <strong>artista Jos\u00e9 Perera <\/strong>y constituye un emblema de la identidad y la cultura popular nacional. <strong>(VW)<\/strong><\/p>\n","protected":false},"excerpt":{"rendered":"<p>Comienzan los trabajos en el Puente Alsina, para mejorar el ingreso a Lan\u00fas. La inversi\u00f3n ser\u00e1 de 700 millones de pesos.<\/p>\n","protected":false},"author":4,"featured_media":16601,"comment_status":"closed","ping_status":"closed","sticky":false,"template":"","format":"standard","meta":{"_monsterinsights_skip_tracking":false,"_monsterinsights_sitenote_active":false,"_monsterinsights_sitenote_note":"","_monsterinsights_sitenote_category":0,"footnotes":""},"categories":[8,4],"tags":[6979,7020,6109,3037],"class_list":["post-16600","post","type-post","status-publish","format-standard","has-post-thumbnail","hentry","category-interes-general","category-politica","tag-distrito-la-ribera","tag-inicio-de-obras","tag-lanus-gobierno","tag-puente-alsina"],"_links":{"self":[{"href":"https:\/\/www.visionweb.com.ar\/index.php?rest_route=\/wp\/v2\/posts\/16600","targetHints":{"allow":["GET"]}}],"collection":[{"href":"https:\/\/www.visionweb.com.ar\/index.php?rest_route=\/wp\/v2\/posts"}],"about":[{"href":"https:\/\/www.visionweb.com.ar\/index.php?rest_route=\/wp\/v2\/types\/post"}],"author":[{"embeddable":true,"href":"https:\/\/www.visionweb.com.ar\/index.php?rest_route=\/wp\/v2\/users\/4"}],"replies":[{"embeddable":true,"href":"https:\/\/www.visionweb.com.ar\/index.php?rest_route=%2Fwp%2Fv2%2Fcomments&post=16600"}],"version-history":[{"count":1,"href":"https:\/\/www.visionweb.com.ar\/index.php?rest_route=\/wp\/v2\/posts\/16600\/revisions"}],"predecessor-version":[{"id":16602,"href":"https:\/\/www.visionweb.com.ar\/index.php?rest_route=\/wp\/v2\/posts\/16600\/revisions\/16602"}],"wp:featuredmedia":[{"embeddable":true,"href":"https:\/\/www.visionweb.com.ar\/index.php?rest_route=\/wp\/v2\/media\/16601"}],"wp:attachment":[{"href":"https:\/\/www.visionweb.com.ar\/index.php?rest_route=%2Fwp%2Fv2%2Fmedia&parent=16600"}],"wp:term":[{"taxonomy":"category","embeddable":true,"href":"https:\/\/www.visionweb.com.ar\/index.php?rest_route=%2Fwp%2Fv2%2Fcategories&post=16600"},{"taxonomy":"post_tag","embeddable":true,"href":"https:\/\/www.visionweb.com.ar\/index.php?rest_route=%2Fwp%2Fv2%2Ftags&post=16600"}],"curies":[{"name":"wp","href":"https:\/\/api.w.org\/{rel}","templated":true}]}}