{"id":16587,"date":"2024-12-03T11:58:58","date_gmt":"2024-12-03T14:58:58","guid":{"rendered":"https:\/\/www.visionweb.com.ar\/?p=16587"},"modified":"2024-12-03T11:58:58","modified_gmt":"2024-12-03T14:58:58","slug":"continuaran-hasta-mayo-los-subsidios-a-la-luz-y-el-gas","status":"publish","type":"post","link":"https:\/\/www.visionweb.com.ar\/?p=16587","title":{"rendered":"Continuar\u00e1n hasta mayo los subsidios a la luz y el gas"},"content":{"rendered":"<p><strong><em>La normativa dispuso prorrogar por \u201cun plazo de seis meses, desde el 1\u00ba de diciembre de 2024 hasta el 31 de mayo de 2025&#8243;. \u201cVamos a fijar un per\u00edodo de transici\u00f3n hasta abril y despu\u00e9s ir a una tarifa focalizada\u201d, expres\u00f3 la Secretaria de Energ\u00eda.<\/em><\/strong><!--more--><\/p>\n<p><strong>\u00a0\u00a0 <img loading=\"lazy\" decoding=\"async\" class=\"size-medium wp-image-7530 alignright\" src=\"https:\/\/www.visionweb.com.ar\/wp-content\/uploads\/2022\/10\/luz-y-gas-subsidios-300x171.jpg\" alt=\"\" width=\"300\" height=\"171\" srcset=\"https:\/\/www.visionweb.com.ar\/wp-content\/uploads\/2022\/10\/luz-y-gas-subsidios-300x171.jpg 300w, https:\/\/www.visionweb.com.ar\/wp-content\/uploads\/2022\/10\/luz-y-gas-subsidios.bmp 601w\" sizes=\"auto, (max-width: 300px) 100vw, 300px\" \/>\u00a0\u00a0 E<\/strong>l <strong>Gobierno nacional extendi\u00f3 el periodo de transici\u00f3n energ\u00e9tica y decidi\u00f3 continuar con el esquema actual de subsidios a la electricidad y el gas natural por seis meses m\u00e1s<\/strong>, mediante la\u00a0<strong>Resoluci\u00f3n 384\/2024<\/strong>, publicada este martes en el Bolet\u00edn Oficial.<\/p>\n<p>La normativa dispuso prorrogar por \u201cun plazo de seis meses, desde el 1\u00ba de diciembre de 2024 hasta el 31 de mayo de 2025, el\u00a0<strong>Per\u00edodo de Transici\u00f3n hacia Subsidios Energ\u00e9ticos Focalizados<\/strong>\u201d.<\/p>\n<p>De esa forma, el Gobierno mantendr\u00e1 hasta el pr\u00f3ximo 31 de mayo el actual esquema de subsidios a las tarifas de luz y de gas. Desde 2022 est\u00e1 vigente la segmentaci\u00f3n de subsidios por niveles de ingresos (altos, medios y bajos).<\/p>\n<p>Si bien la gesti\u00f3n de\u00a0<strong>Javier Milei<\/strong>\u00a0avanz\u00f3 en recortes parciales de esas subvenciones, la intenci\u00f3n oficial es <strong>eliminarlos de manera completa en 2025<\/strong>, pero la salida de\u00a0<strong>Eduardo Rodr\u00edguez Chirillo<\/strong>\u00a0de la Secretar\u00eda de Energ\u00eda y la urgencia por minimizar posibles cortes masivos en el verano atrasaron el cronograma original.<\/p>\n<p>\u201cLo venimos trabajando mucho. Nos hubiera gustado publicarlo esta semana, pero est\u00e1bamos haciendo los \u00faltimos c\u00e1lculos del impacto en las tarifas.\u00a0<strong>Vamos a fijar un per\u00edodo de transici\u00f3n hasta abril y despu\u00e9s ir a una tarifa focalizada<\/strong>\u201d, plante\u00f3 la secretaria de Energ\u00eda,\u00a0<strong>Mar\u00eda Tettamanti<\/strong>, al participar del evento\u00a0<strong><em>Energy Day<\/em><\/strong>, que organiz\u00f3 el sitio especializado\u00a0<strong>Econojournal<\/strong>.<\/p>\n<p>Estimulaci\u00f3n del ahorro<\/p>\n<p>Energ\u00eda aclar\u00f3 que \u201cdurante este per\u00edodo de pr\u00f3rroga\u00a0<strong>corresponder\u00e1 avanzar gradualmente con las se\u00f1ales que estimulan el ahorro energ\u00e9tico y el cuidado de los recursos naturales<\/strong>\u00a0por parte de todos los hogares del pa\u00eds, al mismo tiempo que se avanza en una aplicaci\u00f3n focalizada de los subsidios que implementa el Poder Ejecutivo Nacional\u201d.<\/p>\n<p>En esa l\u00ednea, precis\u00f3 que \u201c<strong>existen a\u00fan ineficiencias en la asignaci\u00f3n de los recurso<\/strong>s, que distorsionan el objetivo de acompa\u00f1ar a quienes realmente lo necesitan y, en tal sentido, resulta necesario profundizar la ponderaci\u00f3n del impacto de las medidas a adoptar a fin de avanzar en forma ordenada, previsible y gradual hacia la reestructuraci\u00f3n de los subsidios encomendada a esta Secretar\u00eda\u201d.<\/p>\n<p>La medida se da tras\u00a0<strong>la prolongaci\u00f3n de la emergencia energ\u00e9tica hasta el 9 de julio de 2025<\/strong>, resuelta a mediados de noviembre. La misma lleva casi un a\u00f1o de vigencia y afecta a la generaci\u00f3n, el transporte y la distribuci\u00f3n de energ\u00eda el\u00e9ctrica y gas natural. <strong>(VW)<\/strong><\/p>\n<p>&nbsp;<\/p>\n","protected":false},"excerpt":{"rendered":"<p>La normativa dispuso prorrogar por \u201cun plazo de seis meses, desde el 1\u00ba de diciembre de 2024 hasta el 31 de mayo de 2025&#8243;. \u201cVamos a fijar un per\u00edodo de transici\u00f3n hasta abril y&#46;&#46;&#46;<\/p>\n","protected":false},"author":4,"featured_media":7530,"comment_status":"closed","ping_status":"closed","sticky":false,"template":"","format":"standard","meta":{"_monsterinsights_skip_tracking":false,"_monsterinsights_sitenote_active":false,"_monsterinsights_sitenote_note":"","_monsterinsights_sitenote_category":0,"footnotes":""},"categories":[4,5],"tags":[7015,7014,5740],"class_list":["post-16587","post","type-post","status-publish","format-standard","has-post-thumbnail","hentry","category-politica","category-sociedad","tag-mayo-2025","tag-prorrogan-subsidios-de-luz-y-gas","tag-secretaria-de-energia"],"_links":{"self":[{"href":"https:\/\/www.visionweb.com.ar\/index.php?rest_route=\/wp\/v2\/posts\/16587","targetHints":{"allow":["GET"]}}],"collection":[{"href":"https:\/\/www.visionweb.com.ar\/index.php?rest_route=\/wp\/v2\/posts"}],"about":[{"href":"https:\/\/www.visionweb.com.ar\/index.php?rest_route=\/wp\/v2\/types\/post"}],"author":[{"embeddable":true,"href":"https:\/\/www.visionweb.com.ar\/index.php?rest_route=\/wp\/v2\/users\/4"}],"replies":[{"embeddable":true,"href":"https:\/\/www.visionweb.com.ar\/index.php?rest_route=%2Fwp%2Fv2%2Fcomments&post=16587"}],"version-history":[{"count":1,"href":"https:\/\/www.visionweb.com.ar\/index.php?rest_route=\/wp\/v2\/posts\/16587\/revisions"}],"predecessor-version":[{"id":16589,"href":"https:\/\/www.visionweb.com.ar\/index.php?rest_route=\/wp\/v2\/posts\/16587\/revisions\/16589"}],"wp:featuredmedia":[{"embeddable":true,"href":"https:\/\/www.visionweb.com.ar\/index.php?rest_route=\/wp\/v2\/media\/7530"}],"wp:attachment":[{"href":"https:\/\/www.visionweb.com.ar\/index.php?rest_route=%2Fwp%2Fv2%2Fmedia&parent=16587"}],"wp:term":[{"taxonomy":"category","embeddable":true,"href":"https:\/\/www.visionweb.com.ar\/index.php?rest_route=%2Fwp%2Fv2%2Fcategories&post=16587"},{"taxonomy":"post_tag","embeddable":true,"href":"https:\/\/www.visionweb.com.ar\/index.php?rest_route=%2Fwp%2Fv2%2Ftags&post=16587"}],"curies":[{"name":"wp","href":"https:\/\/api.w.org\/{rel}","templated":true}]}}