{"id":16582,"date":"2024-12-02T14:10:26","date_gmt":"2024-12-02T17:10:26","guid":{"rendered":"https:\/\/www.visionweb.com.ar\/?p=16582"},"modified":"2024-12-02T14:10:26","modified_gmt":"2024-12-02T17:10:26","slug":"para-reemplazar-a-las-paso-desde-el-peronismo-proponen-las-iasno","status":"publish","type":"post","link":"https:\/\/www.visionweb.com.ar\/?p=16582","title":{"rendered":"Para reemplazar a las PASO, desde el peronismo proponen las IASNO"},"content":{"rendered":"<p><em><strong>Se trata de una propuesta diferente electoral de una parte del peronismo. El exsenador Sebasti\u00e1n Galmarini propuso cambiar las PASO por un esquema de internas no obligatorias.\u00a0<\/strong><\/em><!--more--><\/p>\n<p><img loading=\"lazy\" decoding=\"async\" class=\"size-full wp-image-1288 alignright\" src=\"https:\/\/www.visionweb.com.ar\/wp-content\/uploads\/2021\/03\/Urna-elecciones.bmp\" alt=\"\" width=\"328\" height=\"267\" \/>\u00a0 <strong>T<\/strong>anto a nivel nacional y provincial, desde el oficialismo y la oposici\u00f3n buscan introducir cambios en el sistema electoral,<strong>\u00a0<\/strong>para las elecciones legislativas del a\u00f1o 2025,<strong> sobre todo con las PASO, <\/strong>y luego de que la boleta \u00fanica ya es una realidad.<\/p>\n<p>En el Congreso de la Naci\u00f3n, el Gobierno nacional impulsa un proyecto para la eliminaci\u00f3n de las PASO, mientras que en la Legislatura provincial parece primar un consenso entre distintas fuerzas para avanzar en el mismo sentido.<\/p>\n<p>En ese marco, surgi\u00f3 la alternativa que present\u00f3 <strong>Sebasti\u00e1n Galmarini<\/strong>, exsenador provincial y miembro del directorio del Banco Provincia, que plante\u00f3 un esquema de \u00abInternas Abiertas Simult\u00e1neas y No Obligatorias\u00bb, ser\u00edan las <strong>IASNO<\/strong>.<\/p>\n<p><strong>C\u00f3mo es la propuesta de las IASNO: <\/strong><\/p>\n<p>\u00abLes propongo reemplazarlas por <strong>Internas Abiertas Simult\u00e1neas y No Obligatorias<\/strong>\u00ab, lanz\u00f3 el dirigente, que es polit\u00f3logo y estudia con atenci\u00f3n los asuntos electorales. En el nuevo esquema, se\u00f1al\u00f3 <strong>Galmarini, \u00abpodr\u00edan votar afiliados a los partidos integrantes del frente, y no afiliados a los dem\u00e1s partidos\u00bb<\/strong>. De esa manera, explic\u00f3, se evita el efecto \u201cinvasi\u00f3n\u201d: \u00abque los votantes de un partido intervengan en la selecci\u00f3n de candidatos del otro partido\u00bb.<\/p>\n<p>Para Galmarini, las PASO \u00abno han sido eficientes en el proceso de selecci\u00f3n de candidatos de los partidos. No transformaron la representaci\u00f3n partidaria, ni mejoraron la oferta de candidatos. Casi no se utilizaron para cargos nacionales o provinciales. Y casi ninguna primaria competitiva\u00bb.<\/p>\n<p>En cambio, se\u00f1al\u00f3, \u00abfuncionaron de v\u00e1lvula de escape a nivel municipal, provocando extensos procesos electorales nacionales y apat\u00eda electoral\u00bb ya que hubo \u00abprovincias y municipios donde se vot\u00f3 hasta 9 veces en un a\u00f1o\u00bb.<\/p>\n<p>Tambi\u00e9n repar\u00f3 en el problema econ\u00f3mico que significan, ya que, sostuvo, provocaron \u00abun gran aumento del costo de campa\u00f1a, y tambi\u00e9n afectaron la gesti\u00f3n de gobierno\u00bb.<\/p>\n<p>Sin embargo, el problema que m\u00e1s preocupa a Galmarini es \u00ab<strong>el aumento del voto estrat\u00e9gico o \u00fatil<\/strong>\u00bb que describi\u00f3 como un \u201cefecto de doble vuelta\u201d que, dijo, \u00abaliment\u00f3 la polarizaci\u00f3n y el voto en contra de tal\u201d. \u00abEn elecciones a dos vueltas, en la primera los electores eligen con elecciones coraz\u00f3n a su primera preferencia, mientras en la segunda con la cabeza, a su segunda o tercera preferencia. El menos malo\u00bb, una situaci\u00f3n que se evitar\u00eda haciendo que la elecci\u00f3n sea para afiliados y no de amplio espectro. <strong>(VW)<\/strong><\/p>\n<p>&nbsp;<\/p>\n","protected":false},"excerpt":{"rendered":"<p>Se trata de una propuesta diferente electoral de una parte del peronismo. El exsenador Sebasti\u00e1n Galmarini propuso cambiar las PASO por un esquema de internas no obligatorias.\u00a0<\/p>\n","protected":false},"author":4,"featured_media":1288,"comment_status":"closed","ping_status":"closed","sticky":false,"template":"","format":"standard","meta":{"_monsterinsights_skip_tracking":false,"_monsterinsights_sitenote_active":false,"_monsterinsights_sitenote_note":"","_monsterinsights_sitenote_category":0,"footnotes":""},"categories":[4],"tags":[7011,2726,7012,7013],"class_list":["post-16582","post","type-post","status-publish","format-standard","has-post-thumbnail","hentry","category-politica","tag-eliminacion-paso","tag-galmarini","tag-iasno","tag-propuesta-del-peronismo"],"_links":{"self":[{"href":"https:\/\/www.visionweb.com.ar\/index.php?rest_route=\/wp\/v2\/posts\/16582","targetHints":{"allow":["GET"]}}],"collection":[{"href":"https:\/\/www.visionweb.com.ar\/index.php?rest_route=\/wp\/v2\/posts"}],"about":[{"href":"https:\/\/www.visionweb.com.ar\/index.php?rest_route=\/wp\/v2\/types\/post"}],"author":[{"embeddable":true,"href":"https:\/\/www.visionweb.com.ar\/index.php?rest_route=\/wp\/v2\/users\/4"}],"replies":[{"embeddable":true,"href":"https:\/\/www.visionweb.com.ar\/index.php?rest_route=%2Fwp%2Fv2%2Fcomments&post=16582"}],"version-history":[{"count":1,"href":"https:\/\/www.visionweb.com.ar\/index.php?rest_route=\/wp\/v2\/posts\/16582\/revisions"}],"predecessor-version":[{"id":16583,"href":"https:\/\/www.visionweb.com.ar\/index.php?rest_route=\/wp\/v2\/posts\/16582\/revisions\/16583"}],"wp:featuredmedia":[{"embeddable":true,"href":"https:\/\/www.visionweb.com.ar\/index.php?rest_route=\/wp\/v2\/media\/1288"}],"wp:attachment":[{"href":"https:\/\/www.visionweb.com.ar\/index.php?rest_route=%2Fwp%2Fv2%2Fmedia&parent=16582"}],"wp:term":[{"taxonomy":"category","embeddable":true,"href":"https:\/\/www.visionweb.com.ar\/index.php?rest_route=%2Fwp%2Fv2%2Fcategories&post=16582"},{"taxonomy":"post_tag","embeddable":true,"href":"https:\/\/www.visionweb.com.ar\/index.php?rest_route=%2Fwp%2Fv2%2Ftags&post=16582"}],"curies":[{"name":"wp","href":"https:\/\/api.w.org\/{rel}","templated":true}]}}