{"id":16567,"date":"2024-11-29T14:44:29","date_gmt":"2024-11-29T17:44:29","guid":{"rendered":"https:\/\/www.visionweb.com.ar\/?p=16567"},"modified":"2024-11-29T14:44:29","modified_gmt":"2024-11-29T17:44:29","slug":"intendentes-de-la-primera-seccion-se-reunieron-para-reclamarle-a-milei-la-devolucion-del-iva","status":"publish","type":"post","link":"https:\/\/www.visionweb.com.ar\/?p=16567","title":{"rendered":"Intendentes de la Primera secci\u00f3n se reunieron para reclamarle a Milei la devoluci\u00f3n del IVA"},"content":{"rendered":"<p><em><strong>En la cumbre de alcaldes peronistas dijeron que es para continuar las obras paradas. \u201cPorque\u00a0con un 10% menos de IVA, nosotros podr\u00edamos hacer un 10% m\u00e1s de obras p\u00fablicas\u201d, destac\u00f3 Curutchet.<\/strong><\/em><!--more--><\/p>\n<p><img loading=\"lazy\" decoding=\"async\" class=\"size-medium wp-image-16568 alignright\" src=\"https:\/\/www.visionweb.com.ar\/wp-content\/uploads\/2024\/11\/intendentes-1ra-seccion-300x168.png\" alt=\"\" width=\"300\" height=\"168\" srcset=\"https:\/\/www.visionweb.com.ar\/wp-content\/uploads\/2024\/11\/intendentes-1ra-seccion-300x168.png 300w, https:\/\/www.visionweb.com.ar\/wp-content\/uploads\/2024\/11\/intendentes-1ra-seccion.png 510w\" sizes=\"auto, (max-width: 300px) 100vw, 300px\" \/> <strong>\u00a0U<\/strong>n grupo de <strong>intendentes<\/strong>\u00a0del peronismo de la\u00a0<strong>Primera Secci\u00f3n<\/strong>\u00a0electoral, se reunieron en las \u00faltimas horas en el municipio bonaerense de\u00a0<strong>Marcos Paz<\/strong>, liderado por\u00a0<strong>Ricardo Curutchet<\/strong>, con el objetivo de elaborar un petitorio para el\u00a0<strong>Gobierno nacional<\/strong>\u00a0de\u00a0<strong>Javier Milei<\/strong>\u00a0para que les env\u00ede los recursos pendientes.<\/p>\n<p>Seg\u00fan explicaron los\u00a0<strong>intendentes<\/strong>\u00a0de la Provincia, la regi\u00f3n encabezada por\u00a0<strong>Axel Kicillof<\/strong>\u00a0\u201cno recibe un trato igualitario\u201d respecto de las otras provincias, y necesita el dinero que el\u00a0<strong>Gobierno<\/strong>\u00a0est\u00e1 obligado a enviar para avanzar con las\u00a0<strong>obras p\u00fablicas\u00a0<\/strong>que paraliz\u00f3\u00a0<strong>Milei<\/strong>\u00a0el d\u00eda que asumi\u00f3.<\/p>\n<p>Por eso, el documento que elaboraron los\u00a0<strong>intendentes<\/strong>\u00a0de la Primera secci\u00f3n le reclama a\u00a0<strong>Milei<\/strong>, que <strong>cumpla con los env\u00edos pendientes de fondos a provincias y municipios<\/strong>, que reanude el mantenimiento de rutas y v\u00edas ferroviarias, y que baje el\u00a0<strong>Impuesto al Valor Agregado<\/strong>\u00a0(<strong>IVA<\/strong>) a las obras p\u00fablicas.<\/p>\n<p>\u201c<strong>No estamos teniendo un trato igualitario<\/strong>, m\u00e1xime si consideramos que las empresas privadas tienen la posibilidad de descargar el\u00a0<strong>IVA<\/strong>\u00a0y nosotros, en los municipios, no\u201d, explic\u00f3\u00a0<strong>Curutchet<\/strong>\u00a0sobre el \u00faltimo punto, y agreg\u00f3 que es un n\u00famero que los jefes comunales necesitan \u201cponer en la conversaci\u00f3n\u201d.<\/p>\n<p>Luego de remarcar que los recursos que tienen los\u00a0<strong>intendentes<\/strong>\u00a0\u201cson escasos\u201d,\u00a0<strong>Curutchet<\/strong>\u00a0enfatiz\u00f3 que as\u00ed como Milei \u201chabla de la cobrabilidad y las tasas municipales, de si hay que ponerlas en la factura de la luz o no, hay que empezar a poner sobre la mesa el\u00a0<strong>IVA<\/strong>\u201d. \u201c<strong>Porque<\/strong>\u00a0<strong>con un 10% menos de IVA, nosotros podr\u00edamos hacer un 10% m\u00e1s de obras p\u00fablicas<\/strong>\u201d, destac\u00f3.<\/p>\n<p>Es preciso mencionar que, adem\u00e1s de\u00a0<strong>Curutchet<\/strong>, participaron del c\u00f3nclave los jefes comunales de\u00a0<strong>Moreno<\/strong>,\u00a0<strong>Mariel Fern\u00e1ndez<\/strong>,\u00a0<strong>General Las Heras<\/strong>,\u00a0<strong>Javier Osuna<\/strong>,\u00a0<strong>Navarro<\/strong>,\u00a0<strong>Facundo Diz<\/strong>,\u00a0<strong>Pilar<\/strong>,\u00a0<strong>Federico Ach\u00e1val<\/strong>,\u00a0<strong>Merlo<\/strong>,\u00a0<strong>Gustavo Men\u00e9ndez<\/strong>,\u00a0<strong>Luj\u00e1n<\/strong>,\u00a0<strong>Leonardo Boto<\/strong>,\u00a0<strong>Mercedes<\/strong>,\u00a0<strong>Juan Ignacio Ustarroz<\/strong>, y\u00a0<strong>Suipacha<\/strong>,\u00a0<strong>Juan Luis Mancini<\/strong>, junto al el secretario general de la Municipalidad de\u00a0<strong>Escobar<\/strong>,\u00a0<strong>Carlos Ramil<\/strong>.<\/p>\n<p>\u201cUna sola empresa de\u00a0<strong>Las Heras<\/strong>\u00a0aporta de\u00a0<strong>IVA<\/strong>\u00a0todo lo que el municipio gasta por mes. Todo eso es lo que se lleva el\u00a0<strong>Gobierno nacional<\/strong>\u00a0solamente para pagar las jubilaciones de la\u00a0<strong>Administraci\u00f3n Nacional de la Seguridad Social<\/strong>\u00a0(<strong>ANSES<\/strong>), porque no brindan ning\u00fan otro servicio en la ciudad\u201d, dijo\u00a0<strong>Osuna<\/strong>.<\/p>\n<p>En esa l\u00ednea, el jefe comunal del municipio de\u00a0<strong>Las Heras<\/strong>\u00a0calific\u00f3 como \u201cabsurdo\u201d que\u00a0Milei\u00a0haya suspendido todas las\u00a0<strong>obras p\u00fablicas<\/strong>\u00a0en los municipios mientras sigue cobrando esos montos en concepto de\u00a0<strong>IVA<\/strong>. \u201cNos dicen que nos arreglemos como podamos, que Naci\u00f3n no va a dar m\u00e1s nada, pero nos siguen cobrando el\u00a0<strong>IVA<\/strong>\u00a0del gasoil que usamos para arreglar los caminos, el\u00a0<strong>IVA<\/strong>\u00a0de los medicamentos que usamos para curar a la gente, el\u00a0<strong>IVA<\/strong>\u00a0de la creaci\u00f3n de infraestructura que no nos est\u00e1n dando\u201d, enfatiz\u00f3 con enojo.<\/p>\n<p>Es por eso que, en <strong>el documento <\/strong>los\u00a0<strong>intendentes<\/strong>\u00a0escribieron: \u201cHabiendo analizado la coyuntura pol\u00edtica y econ\u00f3mica, consideramos necesario requerir al\u00a0<strong>Gobierno nacional<\/strong>\u00a0de\u00a0<strong>Javier Milei<\/strong>\u00a0que <strong>cumpla con sus obligaciones pendientes, tales como la transferencia de los fondos correspondientes a las provincias y municipios. Asimismo, el mantenimiento sostenido de los \u00e1mbitos jurisdiccionales, a saber, las rutas nacionales y los trazados ferroviarios<\/strong>, entre otros\u201d.<\/p>\n<p>Por caso, los jefes comunales instaron a la administraci\u00f3n libertaria a \u201cadoptar las medidas necesarias tendientes a que se eliminen la imposici\u00f3n del\u00a0<strong>IVA<\/strong>\u00a0en medicamentos, alimentos, combustibles, como una mec\u00e1nica de redireccionamiento del recurso no percibido por los gobiernos municipales en favor de los vecinos\u201d. <strong>(VW)<\/strong><\/p>\n","protected":false},"excerpt":{"rendered":"<p>En la cumbre de alcaldes peronistas dijeron que es para continuar las obras paradas. \u201cPorque\u00a0con un 10% menos de IVA, nosotros podr\u00edamos hacer un 10% m\u00e1s de obras p\u00fablicas\u201d, destac\u00f3 Curutchet.<\/p>\n","protected":false},"author":4,"featured_media":16568,"comment_status":"closed","ping_status":"closed","sticky":false,"template":"","format":"standard","meta":{"_monsterinsights_skip_tracking":false,"_monsterinsights_sitenote_active":false,"_monsterinsights_sitenote_note":"","_monsterinsights_sitenote_category":0,"footnotes":""},"categories":[4],"tags":[7004,7002,7005,7003],"class_list":["post-16567","post","type-post","status-publish","format-standard","has-post-thumbnail","hentry","category-politica","tag-curutchet","tag-intendentes-de-la-primera-seccion","tag-obras-frenadas","tag-reclamos-del-iva"],"_links":{"self":[{"href":"https:\/\/www.visionweb.com.ar\/index.php?rest_route=\/wp\/v2\/posts\/16567","targetHints":{"allow":["GET"]}}],"collection":[{"href":"https:\/\/www.visionweb.com.ar\/index.php?rest_route=\/wp\/v2\/posts"}],"about":[{"href":"https:\/\/www.visionweb.com.ar\/index.php?rest_route=\/wp\/v2\/types\/post"}],"author":[{"embeddable":true,"href":"https:\/\/www.visionweb.com.ar\/index.php?rest_route=\/wp\/v2\/users\/4"}],"replies":[{"embeddable":true,"href":"https:\/\/www.visionweb.com.ar\/index.php?rest_route=%2Fwp%2Fv2%2Fcomments&post=16567"}],"version-history":[{"count":1,"href":"https:\/\/www.visionweb.com.ar\/index.php?rest_route=\/wp\/v2\/posts\/16567\/revisions"}],"predecessor-version":[{"id":16569,"href":"https:\/\/www.visionweb.com.ar\/index.php?rest_route=\/wp\/v2\/posts\/16567\/revisions\/16569"}],"wp:featuredmedia":[{"embeddable":true,"href":"https:\/\/www.visionweb.com.ar\/index.php?rest_route=\/wp\/v2\/media\/16568"}],"wp:attachment":[{"href":"https:\/\/www.visionweb.com.ar\/index.php?rest_route=%2Fwp%2Fv2%2Fmedia&parent=16567"}],"wp:term":[{"taxonomy":"category","embeddable":true,"href":"https:\/\/www.visionweb.com.ar\/index.php?rest_route=%2Fwp%2Fv2%2Fcategories&post=16567"},{"taxonomy":"post_tag","embeddable":true,"href":"https:\/\/www.visionweb.com.ar\/index.php?rest_route=%2Fwp%2Fv2%2Ftags&post=16567"}],"curies":[{"name":"wp","href":"https:\/\/api.w.org\/{rel}","templated":true}]}}