{"id":16556,"date":"2024-11-28T15:20:17","date_gmt":"2024-11-28T18:20:17","guid":{"rendered":"https:\/\/www.visionweb.com.ar\/?p=16556"},"modified":"2024-11-28T15:20:17","modified_gmt":"2024-11-28T18:20:17","slug":"el-salario-minimo-acumula-tal-caida-del-poder-adquisitivo-que-no-se-registraba-desde-2001","status":"publish","type":"post","link":"https:\/\/www.visionweb.com.ar\/?p=16556","title":{"rendered":"El salario m\u00ednimo acumula tal ca\u00edda del poder adquisitivo que no se registraba desde 2001"},"content":{"rendered":"<p><em><strong>De acuerdo al estudio \u201cPanorama del empleo asalariado formal y de las remuneraciones\u201d\u00a0de la Facultad de Ciencias Econ\u00f3micas de las UBA, la merma acumulada alcanza al 28%.<\/strong><\/em><!--more--><\/p>\n<p><strong>\u00a0\u00a0 <img loading=\"lazy\" decoding=\"async\" class=\"size-full wp-image-1743 alignright\" src=\"https:\/\/www.visionweb.com.ar\/wp-content\/uploads\/2021\/05\/busco-trabajo-uca.bmp\" alt=\"\" width=\"498\" height=\"296\" \/> E<\/strong>l Instituto Interdisciplinario de Econom\u00eda Pol\u00edtica de la Facultad de Ciencias <strong>Econ\u00f3micas de la UBA<\/strong>, emiti\u00f3 un informe que muestra que el <strong>salario m\u00ednimo<\/strong> <strong>acumula<\/strong>\u00a0<strong>una p\u00e9rdida de 28%.<\/strong><\/p>\n<p><strong>Se trata de la ca\u00edda de ingresos m\u00e1s fuerte desde la crisis del 2001.<\/strong><\/p>\n<p>La fuerte ca\u00edda s<strong>e explica por el aumento de la inflaci\u00f3n, con el pico de 25,5% de diciembre tras la devaluaci\u00f3n, y del alza de las tarifas.<\/strong><\/p>\n<p>El reporte\u00a0<strong>\u201cPanorama del empleo asalariado formal y de las remuneraciones\u201d<\/strong>\u00a0muestra que la merma del salario se inici\u00f3 en diciembre de 2023, cuando se contrajo 15% de la mano de la aceleraci\u00f3n inflacionaria y se profundiz\u00f3 a\u00fan m\u00e1s en enero con una ca\u00edda del 17%.<\/p>\n<p>Esta tendencia se interrumpi\u00f3 moment\u00e1neamente en los meses siguientes, per\u00edodo durante el cual el incremento nominal acompa\u00f1\u00f3 la inflaci\u00f3n, por lo cual no se observaron reducciones adicionales.<\/p>\n<p><strong>En junio se produjo una nueva ca\u00edda<\/strong>\u00a0(-4,4%), seguida por cierta recuperaci\u00f3n en julio (4,3%) y por reducciones consecutivas en los tres meses siguientes.<\/p>\n<p>La tendencia decreciente de los a\u00f1os previos, adicionalmente a la fuerte contracci\u00f3n de estos meses,\u00a0<strong>posicion\u00f3 el salario m\u00ednimo en un valor inferior al registrado en 2001, previo a la crisis de la convertibilidad.<\/strong><\/p>\n<p><strong>Asimismo, esto implica una erosi\u00f3n de casi el 60% frente al valor m\u00e1ximo de la serie, en septiembre de 2011.<\/strong><\/p>\n<p>El salario promedio de los trabajador<strong>es formales relevado por el Instituto Nacional de Estad\u00edsticas y Censos (INDEC) tambi\u00e9n registr\u00f3 una fuerte contracci\u00f3n<\/strong>\u00a0entre noviembre y diciembre del a\u00f1o pasado.<\/p>\n<p>Aunque, con la desaceleraci\u00f3n de la inflaci\u00f3n, sumado a las negociaciones salariales en el marco de los acuerdos paritarios, permitieron, primero,\u00a0<strong>evitar que la ca\u00edda del poder de compra de los haberes contin\u00fae\u00a0<\/strong>y, luego, que comience un proceso de recuperaci\u00f3n.<\/p>\n<p><strong>En agosto, este \u00edndice registr\u00f3 un aumento de 0,8%, y de 0,3% en septiembre.<\/strong><\/p>\n<p>A pesar de ello, a septiembre de 2024 (\u00faltimo dato disponible) el poder de compra de los salarios promedio continuaba siendo inferior en 1,5% al valor de noviembre. Sin embargo,<strong>\u00a0el porcentaje de aumento se atenu\u00f3 marcadamente desde agosto.<\/strong><\/p>\n<p>El panorama de agosto y septiembre resulta\u00a0<strong>m\u00e1s cr\u00edtico cuando se analizan las cifras de remuneraci\u00f3n promedio de los asalariados registrados del sector privado proveniente del SIPA.<\/strong><\/p>\n<p>Luego de crecer en t\u00e9rminos reales en el mes de junio (+4%) y julio (+2,8%), en agosto experiment\u00f3 una ca\u00edda de 2,5% y en septiembre, los datos preliminares difundidos por la Secretar\u00eda de Trabajo dan cuenta de una nueva ca\u00edda, del 1%.<\/p>\n<p>Esto implica una p\u00e9rdida de poder adquisitivo de 3% abajo del registro de noviembre de 2023. A su vez, acumulaba una ca\u00edda del orden de 20% respecto del m\u00e1ximo de la serie registrado en mayo de 2013. <strong>(VW)<\/strong><\/p>\n","protected":false},"excerpt":{"rendered":"<p>De acuerdo al estudio \u201cPanorama del empleo asalariado formal y de las remuneraciones\u201d\u00a0de la Facultad de Ciencias Econ\u00f3micas de las UBA, la merma acumulada alcanza al 28%.<\/p>\n","protected":false},"author":4,"featured_media":1743,"comment_status":"closed","ping_status":"closed","sticky":false,"template":"","format":"standard","meta":{"_monsterinsights_skip_tracking":false,"_monsterinsights_sitenote_active":false,"_monsterinsights_sitenote_note":"","_monsterinsights_sitenote_category":0,"footnotes":""},"categories":[6],"tags":[6997,1412,6998,1926],"class_list":["post-16556","post","type-post","status-publish","format-standard","has-post-thumbnail","hentry","category-economia","tag-economicas-de-la-uba","tag-estudio","tag-perdida-poder-adquisitivos","tag-salario-minimo"],"_links":{"self":[{"href":"https:\/\/www.visionweb.com.ar\/index.php?rest_route=\/wp\/v2\/posts\/16556","targetHints":{"allow":["GET"]}}],"collection":[{"href":"https:\/\/www.visionweb.com.ar\/index.php?rest_route=\/wp\/v2\/posts"}],"about":[{"href":"https:\/\/www.visionweb.com.ar\/index.php?rest_route=\/wp\/v2\/types\/post"}],"author":[{"embeddable":true,"href":"https:\/\/www.visionweb.com.ar\/index.php?rest_route=\/wp\/v2\/users\/4"}],"replies":[{"embeddable":true,"href":"https:\/\/www.visionweb.com.ar\/index.php?rest_route=%2Fwp%2Fv2%2Fcomments&post=16556"}],"version-history":[{"count":1,"href":"https:\/\/www.visionweb.com.ar\/index.php?rest_route=\/wp\/v2\/posts\/16556\/revisions"}],"predecessor-version":[{"id":16557,"href":"https:\/\/www.visionweb.com.ar\/index.php?rest_route=\/wp\/v2\/posts\/16556\/revisions\/16557"}],"wp:featuredmedia":[{"embeddable":true,"href":"https:\/\/www.visionweb.com.ar\/index.php?rest_route=\/wp\/v2\/media\/1743"}],"wp:attachment":[{"href":"https:\/\/www.visionweb.com.ar\/index.php?rest_route=%2Fwp%2Fv2%2Fmedia&parent=16556"}],"wp:term":[{"taxonomy":"category","embeddable":true,"href":"https:\/\/www.visionweb.com.ar\/index.php?rest_route=%2Fwp%2Fv2%2Fcategories&post=16556"},{"taxonomy":"post_tag","embeddable":true,"href":"https:\/\/www.visionweb.com.ar\/index.php?rest_route=%2Fwp%2Fv2%2Ftags&post=16556"}],"curies":[{"name":"wp","href":"https:\/\/api.w.org\/{rel}","templated":true}]}}