{"id":16554,"date":"2024-11-28T14:55:11","date_gmt":"2024-11-28T17:55:11","guid":{"rendered":"https:\/\/www.visionweb.com.ar\/?p=16554"},"modified":"2024-11-28T14:55:11","modified_gmt":"2024-11-28T17:55:11","slug":"diputados-se-cayo-otra-vez-la-discusion-de-ficha-limpia","status":"publish","type":"post","link":"https:\/\/www.visionweb.com.ar\/?p=16554","title":{"rendered":"Diputados: Se cay\u00f3 otra vez la discusi\u00f3n de \u201cFicha Limpia\u201d"},"content":{"rendered":"<p><em><strong>No hubo qu\u00f3rum, con varias ausencias no se lleg\u00f3 a los 129 legisladores necesarios para abrir el debate en mayor\u00eda. La iniciativa le impedir\u00eda a Cristina Fern\u00e1ndez ser candidata.<\/strong><\/em><!--more--><\/p>\n<p><img loading=\"lazy\" decoding=\"async\" class=\"size-medium wp-image-12685 alignright\" src=\"https:\/\/www.visionweb.com.ar\/wp-content\/uploads\/2023\/11\/Congreso-nacional-300x242.png\" alt=\"\" width=\"300\" height=\"242\" srcset=\"https:\/\/www.visionweb.com.ar\/wp-content\/uploads\/2023\/11\/Congreso-nacional-300x242.png 300w, https:\/\/www.visionweb.com.ar\/wp-content\/uploads\/2023\/11\/Congreso-nacional.png 532w\" sizes=\"auto, (max-width: 300px) 100vw, 300px\" \/>\u00a0 Otro intento fallido del <strong>Pro<\/strong> de abrir el recinto de la <strong>C\u00e1mara de Diputados<\/strong> para discutir\u00a0el<strong> proyecto de \u201cFicha Limpia\u201d<\/strong>, la iniciativa que busca evitar que cualquier persona condenada por un delito de corrupci\u00f3n sea candidata.<\/p>\n<p>M\u00e1s all\u00e1 de que el proyecto original lleva tiempo en discusi\u00f3n, por estas horas la iniciativa comprende que si la \u201cFicha Limpia\u201d se convirtiese en ley, complicar\u00eda las posibilidades de\u00a0<strong>Cristina Fern\u00e1ndez de Kirchner<\/strong>\u00a0para competir en las pr\u00f3ximas elecciones.<\/p>\n<p><strong>Hubo 116 legisladores sentados en sus bancas, 13 menos que los 129 necesarios para abrir el debate en mayor\u00eda<\/strong>, que ya es la segunda vez que fracasa.<\/p>\n<p>\u201cLos corruptos van a estar festejando hoy, todos los delincuentes. La sesi\u00f3n se cay\u00f3 porque la impunidad es muy poderosa\u201d, se\u00f1al\u00f3\u00a0<strong>Silvia Lospennato<\/strong>, al tomar la palabra despu\u00e9s de que el presidente de la C\u00e1mara,\u00a0<strong>Mart\u00edn Menem<\/strong>, anunciara la <strong>falta de quorum<\/strong>.<\/p>\n<p>Por su parte, <strong>Fernando Iglesias<\/strong>\u00a0dispar\u00f3 en X: \u201cFracas\u00f3 otra vez la sesi\u00f3n de ficha limpia.\u00a0<strong>El peronismo y sus c\u00f3mplices, siempre trabajando para hacer del Congreso una cueva de delincuentes<\/strong>\u201d.<\/p>\n<p>En este segundo intento fallido del macrismo para debatir la iniciativa hubo faltazos de todos los bloques: de <strong>La Libertad Avanza (LLA), la UCR, los radicales de Democracia y Encuentro Federal (EF). Estuvieron completamente ausentes las bancadas de Uni\u00f3n por la Patria (UP), la Izquierda, los tucumanos de Independencia e Innovaci\u00f3n Federal<\/strong>.<\/p>\n<p>Qu\u00e9 dice el proyecto:<\/p>\n<p>En la Ley Org\u00e1nica de los Partidos Pol\u00edticos se enumeran una serie de caracter\u00edsticas que impiden ser candidato en elecciones primarias o generales y ejercer cargos partidarios: los excluidos del padr\u00f3n, el personal superior y subalterno de las fuerzas armadas y de seguridad, los magistrados, los directivos de compa\u00f1\u00edas concesionarias de servicios p\u00fablicos y las personas con procesamiento o condena por cr\u00edmenes de lesa humanidad.<\/p>\n<p>Con la \u201cFicha Limpia\u201d, de acuerdo con\u00a0<strong>Chequeado<\/strong>, se agregar\u00eda que tampoco podr\u00e1n ser candidatos los condenados por una serie de delitos, y para esto no es necesaria una condena firme, sino \u201ccuando resulte confirmada por un \u00f3rgano judicial de instancia superior\u201d, que en el caso de la Justicia Federal es la C\u00e1mara Federal de Casaci\u00f3n Penal.<\/p>\n<p>El agregado aplica a los delitos contra la administraci\u00f3n p\u00fablica: cohecho y tr\u00e1fico de influencias; negociaciones incompatibles con la funci\u00f3n p\u00fablica; malversaci\u00f3n de caudales p\u00fablicos; exacciones ilegales; enriquecimiento il\u00edcito; encubrimiento; fraude en perjuicio de la administraci\u00f3n p\u00fablica y otros.<\/p>\n<p>El pasado 13 de noviembre, la Sala IV de la C\u00e1mara Federal de Casaci\u00f3n Penal confirm\u00f3 la condena a 6 a\u00f1os de prisi\u00f3n contra la expresidenta Cristina Fern\u00e1ndez de Kirchner en la causa \u201cVialidad\u201d. Los jueces ratificaron la sentencia dictada en diciembre de 2022 por el Tribunal Oral en lo Criminal Federal N\u00ba 2.<\/p>\n<p>Si se tiene en cuenta la legislaci\u00f3n actual, no se le puede impedir a Fern\u00e1ndez de Kirchner la postulaci\u00f3n a un cargo electivo ya que el fallo no est\u00e1 firme porque no pas\u00f3 por la Corte Suprema de Justicia de la Naci\u00f3n. En el caso de que se apruebe la ley de Ficha Limpia, la expresidenta y vicepresidenta de la Naci\u00f3n no podr\u00e1 postularse como candidata. <strong>(VW)<\/strong><\/p>\n","protected":false},"excerpt":{"rendered":"<p>No hubo qu\u00f3rum, con varias ausencias no se lleg\u00f3 a los 129 legisladores necesarios para abrir el debate en mayor\u00eda. La iniciativa le impedir\u00eda a Cristina Fern\u00e1ndez ser candidata.<\/p>\n","protected":false},"author":4,"featured_media":12685,"comment_status":"closed","ping_status":"closed","sticky":false,"template":"","format":"standard","meta":{"_monsterinsights_skip_tracking":false,"_monsterinsights_sitenote_active":false,"_monsterinsights_sitenote_note":"","_monsterinsights_sitenote_category":0,"footnotes":""},"categories":[4],"tags":[6996,143,6994,6995],"class_list":["post-16554","post","type-post","status-publish","format-standard","has-post-thumbnail","hentry","category-politica","tag-ausencias","tag-diputados","tag-ficha-limpia","tag-sin-quorum"],"_links":{"self":[{"href":"https:\/\/www.visionweb.com.ar\/index.php?rest_route=\/wp\/v2\/posts\/16554","targetHints":{"allow":["GET"]}}],"collection":[{"href":"https:\/\/www.visionweb.com.ar\/index.php?rest_route=\/wp\/v2\/posts"}],"about":[{"href":"https:\/\/www.visionweb.com.ar\/index.php?rest_route=\/wp\/v2\/types\/post"}],"author":[{"embeddable":true,"href":"https:\/\/www.visionweb.com.ar\/index.php?rest_route=\/wp\/v2\/users\/4"}],"replies":[{"embeddable":true,"href":"https:\/\/www.visionweb.com.ar\/index.php?rest_route=%2Fwp%2Fv2%2Fcomments&post=16554"}],"version-history":[{"count":1,"href":"https:\/\/www.visionweb.com.ar\/index.php?rest_route=\/wp\/v2\/posts\/16554\/revisions"}],"predecessor-version":[{"id":16555,"href":"https:\/\/www.visionweb.com.ar\/index.php?rest_route=\/wp\/v2\/posts\/16554\/revisions\/16555"}],"wp:featuredmedia":[{"embeddable":true,"href":"https:\/\/www.visionweb.com.ar\/index.php?rest_route=\/wp\/v2\/media\/12685"}],"wp:attachment":[{"href":"https:\/\/www.visionweb.com.ar\/index.php?rest_route=%2Fwp%2Fv2%2Fmedia&parent=16554"}],"wp:term":[{"taxonomy":"category","embeddable":true,"href":"https:\/\/www.visionweb.com.ar\/index.php?rest_route=%2Fwp%2Fv2%2Fcategories&post=16554"},{"taxonomy":"post_tag","embeddable":true,"href":"https:\/\/www.visionweb.com.ar\/index.php?rest_route=%2Fwp%2Fv2%2Ftags&post=16554"}],"curies":[{"name":"wp","href":"https:\/\/api.w.org\/{rel}","templated":true}]}}