{"id":16551,"date":"2024-11-28T14:31:28","date_gmt":"2024-11-28T17:31:28","guid":{"rendered":"https:\/\/www.visionweb.com.ar\/?p=16551"},"modified":"2024-11-28T14:31:28","modified_gmt":"2024-11-28T17:31:28","slug":"lanus-se-viene-la-expo-de-ambiente-si","status":"publish","type":"post","link":"https:\/\/www.visionweb.com.ar\/?p=16551","title":{"rendered":"Lan\u00fas: Se viene la \u201cExpo de Ambiente S\u00cd\u201d"},"content":{"rendered":"<p><em><strong>Ser\u00e1 en el Centro Cultural Leonardo Favio desde el vienes 29. Habr\u00e1 diversas jornadas colectivas de reciclaje, exposiciones y talleres gratuitos, de Huerta Agroecol\u00f3gica y Separaci\u00f3n de Residuos. La orientaci\u00f3n es promover la limpieza del distrito y cuidado responsable.<\/strong><\/em><!--more--><\/p>\n<p><strong> <img loading=\"lazy\" decoding=\"async\" class=\"size-medium wp-image-16552 alignright\" src=\"https:\/\/www.visionweb.com.ar\/wp-content\/uploads\/2024\/11\/Ambiente-Si-lanus-300x300.jpg\" alt=\"\" width=\"300\" height=\"300\" srcset=\"https:\/\/www.visionweb.com.ar\/wp-content\/uploads\/2024\/11\/Ambiente-Si-lanus-300x300.jpg 300w, https:\/\/www.visionweb.com.ar\/wp-content\/uploads\/2024\/11\/Ambiente-Si-lanus-150x150.jpg 150w, https:\/\/www.visionweb.com.ar\/wp-content\/uploads\/2024\/11\/Ambiente-Si-lanus-80x80.jpg 80w, https:\/\/www.visionweb.com.ar\/wp-content\/uploads\/2024\/11\/Ambiente-Si-lanus-320x320.jpg 320w, https:\/\/www.visionweb.com.ar\/wp-content\/uploads\/2024\/11\/Ambiente-Si-lanus-65x65.jpg 65w, https:\/\/www.visionweb.com.ar\/wp-content\/uploads\/2024\/11\/Ambiente-Si-lanus.jpg 424w\" sizes=\"auto, (max-width: 300px) 100vw, 300px\" \/> \u00a0\u00a0\u00a0\u00a0\u00a0\u00a0\u00a0Lan\u00fas Gobierno<\/strong> inform\u00f3 que se realizar\u00e1 la <strong>Expo de Ambiente S\u00cd<\/strong> a partir de este viernes 29 de noviembre al domingo 1\u00b0 de diciembre, en el <strong>Centro Cultural Leonardo Favio<\/strong>, ubicado en 25 de Mayo 131, Lan\u00fas Oeste, donde se podr\u00e1 participar de jornadas colectivas de reciclaje.<\/p>\n<p>A la vez, los trabajadores municipales <strong>recibir\u00e1n materiales en condiciones para su reciclado<\/strong> tales como vidrios enteros, cart\u00f3n, papel, metal y pl\u00e1stico, en el horario de 14 a 20 horas, inform\u00f3 Prensa de Lan\u00fas.<\/p>\n<p>Adem\u00e1s, se <strong>dictar\u00e1n charlas, exposiciones y talleres gratuitos, de Huerta Agroecol\u00f3gica y Separaci\u00f3n de Residuos<\/strong>.<\/p>\n<p>Desde la Comuna contin\u00faa el trabajo en el sistema de reciclaje junto a las y los vecinos para <strong>promover la limpieza del distrito y cuidado responsable<\/strong>.<\/p>\n<p>En ese marco, se lleva adelante el <strong>Punto M\u00f3vil Ambiente S\u00ed<\/strong>. Hasta el momento, ya se desplegaron 27 dispositivos territoriales en clubes, instituciones sociales y plazas con el objetivo de concientizar a la ciudadan\u00eda sobre la tem\u00e1tica ambiental y promover la gesti\u00f3n diferenciada de residuos para construir un distrito sustentable.<\/p>\n<p>A su vez, cabe mencionar que ya se plantaron m\u00e1s de <strong>2000 \u00e1rboles <\/strong>de los cuales, el 70 por ciento pertenece a <strong>especies nativas<\/strong>. Entre otros beneficios, la medida generar\u00e1 una <strong>mayor biodiversidad, reducci\u00f3n de la temperatura, aumento de la oxigenaci\u00f3n, mayor absorci\u00f3n de agua de las napas y mitigaci\u00f3n del impacto por el cambio clim\u00e1tico<\/strong>.<\/p>\n<p>Cronograma de Charlas:<\/p>\n<p><strong>Viernes 29 de noviembre<\/strong><\/p>\n<ul>\n<li>16 horas: Reciclaje y recuperadores urbanos en Lan\u00fas.<\/li>\n<li>17 horas: Jard\u00edn de Mariposas.<\/li>\n<li>18 horas: Pradeveredas, para mejorar el ambiente desde casa.<\/li>\n<\/ul>\n<p><strong>S\u00e1bado 30 de noviembre<\/strong><\/p>\n<p>\u2022 14 a 15:30 horas: Reggae Yoga.<\/p>\n<ul>\n<li>15:30 horas: Reciclaje de aceite usado: impacto sobre el ambiente y su\u00a0valorizaci\u00f3n como residuo.<\/li>\n<li>16 horas: ACTO CENTRAL<\/li>\n<li>16:30 a 18 horas\u00a0Reggae Yoga.<\/li>\n<li>18 horas: Paisaje natural, plantas nativas y ambiente.<\/li>\n<\/ul>\n<p><strong>Domingo 1 de diciembre<\/strong><\/p>\n<ul>\n<li>15:30 horas: Taller de Huerta, compostaje y lombricompost, entrega de semillas y plantines.<\/li>\n<li>16:30 a 18 horas: Reggae Yoga.<\/li>\n<li>18 horas: Reforestaci\u00f3n Urbana con Hern\u00e1n Sforzini.<\/li>\n<\/ul>\n<p>Otros ejes de este programa de Gobierno son la implementaci\u00f3n del Servicio de Recolecci\u00f3n Diferenciada (que se desarrolla todos los d\u00edas en la Plaza 25 de Mayo, y los s\u00e1bados por la ma\u00f1ana en la Plaza Auyero), como tambi\u00e9n la incorporaci\u00f3n de <strong>Ordenadores Barriales<\/strong> que realizan labores en zonas que no son alcanzadas por el sistema de recolecci\u00f3n formal. <strong>(VW)<\/strong><\/p>\n","protected":false},"excerpt":{"rendered":"<p>Ser\u00e1 en el Centro Cultural Leonardo Favio desde el vienes 29. Habr\u00e1 diversas jornadas colectivas de reciclaje, exposiciones y talleres gratuitos, de Huerta Agroecol\u00f3gica y Separaci\u00f3n de Residuos. La orientaci\u00f3n es promover la limpieza&#46;&#46;&#46;<\/p>\n","protected":false},"author":4,"featured_media":16552,"comment_status":"closed","ping_status":"closed","sticky":false,"template":"","format":"standard","meta":{"_monsterinsights_skip_tracking":false,"_monsterinsights_sitenote_active":false,"_monsterinsights_sitenote_note":"","_monsterinsights_sitenote_category":0,"footnotes":""},"categories":[8,5],"tags":[6993,6109,4598],"class_list":["post-16551","post","type-post","status-publish","format-standard","has-post-thumbnail","hentry","category-interes-general","category-sociedad","tag-expo-ambiente-si","tag-lanus-gobierno","tag-medioambiente"],"_links":{"self":[{"href":"https:\/\/www.visionweb.com.ar\/index.php?rest_route=\/wp\/v2\/posts\/16551","targetHints":{"allow":["GET"]}}],"collection":[{"href":"https:\/\/www.visionweb.com.ar\/index.php?rest_route=\/wp\/v2\/posts"}],"about":[{"href":"https:\/\/www.visionweb.com.ar\/index.php?rest_route=\/wp\/v2\/types\/post"}],"author":[{"embeddable":true,"href":"https:\/\/www.visionweb.com.ar\/index.php?rest_route=\/wp\/v2\/users\/4"}],"replies":[{"embeddable":true,"href":"https:\/\/www.visionweb.com.ar\/index.php?rest_route=%2Fwp%2Fv2%2Fcomments&post=16551"}],"version-history":[{"count":1,"href":"https:\/\/www.visionweb.com.ar\/index.php?rest_route=\/wp\/v2\/posts\/16551\/revisions"}],"predecessor-version":[{"id":16553,"href":"https:\/\/www.visionweb.com.ar\/index.php?rest_route=\/wp\/v2\/posts\/16551\/revisions\/16553"}],"wp:featuredmedia":[{"embeddable":true,"href":"https:\/\/www.visionweb.com.ar\/index.php?rest_route=\/wp\/v2\/media\/16552"}],"wp:attachment":[{"href":"https:\/\/www.visionweb.com.ar\/index.php?rest_route=%2Fwp%2Fv2%2Fmedia&parent=16551"}],"wp:term":[{"taxonomy":"category","embeddable":true,"href":"https:\/\/www.visionweb.com.ar\/index.php?rest_route=%2Fwp%2Fv2%2Fcategories&post=16551"},{"taxonomy":"post_tag","embeddable":true,"href":"https:\/\/www.visionweb.com.ar\/index.php?rest_route=%2Fwp%2Fv2%2Ftags&post=16551"}],"curies":[{"name":"wp","href":"https:\/\/api.w.org\/{rel}","templated":true}]}}