{"id":16530,"date":"2024-11-26T14:22:22","date_gmt":"2024-11-26T17:22:22","guid":{"rendered":"https:\/\/www.visionweb.com.ar\/?p=16530"},"modified":"2024-11-26T14:22:22","modified_gmt":"2024-11-26T17:22:22","slug":"el-inicio-de-clases-llegara-con-cuotas-un-10-mas-caras-en-la-provincia","status":"publish","type":"post","link":"https:\/\/www.visionweb.com.ar\/?p=16530","title":{"rendered":"El inicio de clases llegar\u00e1 con cuotas un 10% m\u00e1s caras en la provincia"},"content":{"rendered":"<p><strong><em>Es para los colegios privados. El Gobierno bonaerense defini\u00f3 la suba de marzo de 2025, que ser\u00e1 del 6%. A esto se le suma el 3,8% que ya estaba definido para diciembre.<\/em><\/strong><!--more--><\/p>\n<p><img loading=\"lazy\" decoding=\"async\" class=\"size-medium wp-image-12774 alignright\" src=\"https:\/\/www.visionweb.com.ar\/wp-content\/uploads\/2023\/12\/colegios-privados-300x173.png\" alt=\"\" width=\"300\" height=\"173\" srcset=\"https:\/\/www.visionweb.com.ar\/wp-content\/uploads\/2023\/12\/colegios-privados-300x173.png 300w, https:\/\/www.visionweb.com.ar\/wp-content\/uploads\/2023\/12\/colegios-privados.png 535w\" sizes=\"auto, (max-width: 300px) 100vw, 300px\" \/>La Provincia de Buenos Aires defini\u00f3 los aumentos de los aranceles que regir\u00e1n en el mes de <strong>marzo de 2025<\/strong>\u00a0para los\u00a0<strong>establecimientos de educaci\u00f3n privada con subvenci\u00f3n estatal<\/strong>.<\/p>\n<p>De esa manera, mientras\u00a0<strong>el incremento autorizado de las cuotas para diciembre ser\u00e1 del 3,8%<\/strong>, en marzo de 2025 los padres tendr\u00e1n que afrontar\u00a0<strong>otro aumento del 6%<\/strong>, seg\u00fan dio a conocer este martes la\u00a0<strong>Asociaci\u00f3n de Institutos de Ense\u00f1anza privada Buenos Aires (Aiepba)<\/strong>.<\/p>\n<p>Con esta autorizaci\u00f3n por parte de la Provincia, <strong>con respecto a la cuota que se pag\u00f3 en noviembre habr\u00e1 que pensar en un 10% m\u00e1s, aproximadamente, al comienzo de las clases<\/strong>.<\/p>\n<p>Mientras tanto, en la Ciudad Aut\u00f3noma de Buenos Aires la suba ser\u00e1 de 4,95% para diciembre y tambi\u00e9n del 6% para marzo.<\/p>\n<p>A trav\u00e9s de dos comunicaciones de las respectivas \u00e1reas educativas, las administraciones de la Ciudad Aut\u00f3noma y del Gobierno de Buenos Aires fijaron los nuevos topes que tendr\u00e1n permitidos aplicar las instituciones que reciben ayuda estatal.<\/p>\n<p>\u201c<strong>Estos incrementos acompa\u00f1an las subas fijadas por las autoridades en el marco de los acuerdos paritarios de los maestros y profesores<\/strong>\u00a0que se desempe\u00f1an en nuestros institutos\u201d, explic\u00f3 el secretario ejecutivo de Aiepba,\u00a0<strong>Mart\u00edn Zurita<\/strong>.<\/p>\n<p>Los nuevos valores se aplicar\u00e1n en las boletas que llegar\u00e1n en los pr\u00f3ximos d\u00edas y adem\u00e1s se fijar\u00e1 el valor de la matr\u00edcula anual que deber\u00e1n pagar los estudiantes para garantizar la continuidad en los establecimientos.<\/p>\n<p>Zurita asegur\u00f3 que \u201clos institutos han podido afrontar un a\u00f1o muy dif\u00edcil con fuertes aumentos de los gastos fijos sin resignar la calidad educativa que caracteriza al sistema de gesti\u00f3n privada\u201d.<\/p>\n<p>El dirigente remarc\u00f3: \u201cTenemos edificios y colegios que han recibido facturas tres y hasta cuatro veces m\u00e1s altas que meses anteriores.\u00a0<strong>Las escuelas realizan un enorme esfuerzo para mantener la calidad del servicio educativo en este contexto<\/strong>, como tambi\u00e9n lo hacen las familias que siguen eligiendo la educaci\u00f3n de gesti\u00f3n privada para sus hijos\u201d<strong>(VW)<\/strong><\/p>\n","protected":false},"excerpt":{"rendered":"<p>Es para los colegios privados. El Gobierno bonaerense defini\u00f3 la suba de marzo de 2025, que ser\u00e1 del 6%. A esto se le suma el 3,8% que ya estaba definido para diciembre.<\/p>\n","protected":false},"author":3,"featured_media":12774,"comment_status":"closed","ping_status":"closed","sticky":false,"template":"","format":"standard","meta":{"_monsterinsights_skip_tracking":false,"_monsterinsights_sitenote_active":false,"_monsterinsights_sitenote_note":"","_monsterinsights_sitenote_category":0,"footnotes":""},"categories":[7],"tags":[141,374,1711,6985],"class_list":["post-16530","post","type-post","status-publish","format-standard","has-post-thumbnail","hentry","category-educacion-y-cultura","tag-aumentos","tag-colegios","tag-cuotas","tag-s-privados"],"_links":{"self":[{"href":"https:\/\/www.visionweb.com.ar\/index.php?rest_route=\/wp\/v2\/posts\/16530","targetHints":{"allow":["GET"]}}],"collection":[{"href":"https:\/\/www.visionweb.com.ar\/index.php?rest_route=\/wp\/v2\/posts"}],"about":[{"href":"https:\/\/www.visionweb.com.ar\/index.php?rest_route=\/wp\/v2\/types\/post"}],"author":[{"embeddable":true,"href":"https:\/\/www.visionweb.com.ar\/index.php?rest_route=\/wp\/v2\/users\/3"}],"replies":[{"embeddable":true,"href":"https:\/\/www.visionweb.com.ar\/index.php?rest_route=%2Fwp%2Fv2%2Fcomments&post=16530"}],"version-history":[{"count":1,"href":"https:\/\/www.visionweb.com.ar\/index.php?rest_route=\/wp\/v2\/posts\/16530\/revisions"}],"predecessor-version":[{"id":16533,"href":"https:\/\/www.visionweb.com.ar\/index.php?rest_route=\/wp\/v2\/posts\/16530\/revisions\/16533"}],"wp:featuredmedia":[{"embeddable":true,"href":"https:\/\/www.visionweb.com.ar\/index.php?rest_route=\/wp\/v2\/media\/12774"}],"wp:attachment":[{"href":"https:\/\/www.visionweb.com.ar\/index.php?rest_route=%2Fwp%2Fv2%2Fmedia&parent=16530"}],"wp:term":[{"taxonomy":"category","embeddable":true,"href":"https:\/\/www.visionweb.com.ar\/index.php?rest_route=%2Fwp%2Fv2%2Fcategories&post=16530"},{"taxonomy":"post_tag","embeddable":true,"href":"https:\/\/www.visionweb.com.ar\/index.php?rest_route=%2Fwp%2Fv2%2Ftags&post=16530"}],"curies":[{"name":"wp","href":"https:\/\/api.w.org\/{rel}","templated":true}]}}