{"id":16508,"date":"2024-11-22T15:32:55","date_gmt":"2024-11-22T18:32:55","guid":{"rendered":"https:\/\/www.visionweb.com.ar\/?p=16508"},"modified":"2024-11-22T15:34:03","modified_gmt":"2024-11-22T18:34:03","slug":"con-la-apertura-de-las-importaciones-se-teme-que-cierren-25-000-empresas","status":"publish","type":"post","link":"https:\/\/www.visionweb.com.ar\/?p=16508","title":{"rendered":"Con la apertura de las importaciones se teme el cierren de 25.000 empresas"},"content":{"rendered":"<p><strong><em>La rebaja del 7,5% que significa la desactivaci\u00f3n del Impuesto PAIS \u201csignificar\u00e1 en los hechos concretos menos aranceles para los productos terminados.<\/em><\/strong><\/p>\n<p><!--more--><\/p>\n<p><img loading=\"lazy\" decoding=\"async\" class=\"size-medium wp-image-7939 alignleft\" src=\"https:\/\/www.visionweb.com.ar\/wp-content\/uploads\/2022\/10\/INDUSTRIAS-PYMES-300x168.png\" alt=\"\" width=\"300\" height=\"168\" srcset=\"https:\/\/www.visionweb.com.ar\/wp-content\/uploads\/2022\/10\/INDUSTRIAS-PYMES-300x168.png 300w, https:\/\/www.visionweb.com.ar\/wp-content\/uploads\/2022\/10\/INDUSTRIAS-PYMES.png 640w\" sizes=\"auto, (max-width: 300px) 100vw, 300px\" \/>El presidente de<strong>\u00a0Industriales Pymes Argentinos (IPA),<\/strong>\u00a0Daniel Rosato,\u00a0<strong>alert\u00f3 sobre el cierre de 25.000 pymes y la p\u00e9rdida de 300.000 empleos el a\u00f1o pr\u00f3ximo<\/strong>\u00a0en caso que se profundicen los beneficios para la importaci\u00f3n de productos terminados y se sostiene la presi\u00f3n impositiva local.<\/p>\n<p>\u201cEl efecto de la quita del Impuesto PAIS y del cepo cambiario, sin una estrategia de producci\u00f3n nacional, ser\u00eda m\u00e1s da\u00f1ino que la recesi\u00f3n del primer semestre, que dej\u00f3 a casi 46.000 trabajadores que pertenec\u00edan a la industria manufacturera, seg\u00fan el \u00faltimo informe del Observatorio IPA.<\/p>\n<p>De acuerdo a lo que explic\u00f3 Rosato, existen\u00a0<strong>tres factores que son positivos<\/strong>\u00a0y deseados por la econom\u00eda, pero que si no van acompa\u00f1adas por una estrategia para alentar a la producci\u00f3n nacional podr\u00edan ser muy perjudiciales. En ese sentido, identific\u00f3 la<strong>\u00a0baja de barreras para la importaci\u00f3n, la eliminaci\u00f3n del impuesto PAIS y la quita del cepo cambiario que a alentar\u00e1 las importaciones.<\/strong><\/p>\n<p>El presidente de IPA se\u00f1al\u00f3 que la primera consecuencia que<strong>\u00a0se espera es un \u201cmayor desempleo\u201d,<\/strong>\u00a0porque \u201cser\u00e1n miles de trabajadores que las pymes dejar\u00e1n en la calle si se produce esta apertura\u201d. \u201cEs muy peligroso para la econom\u00eda, porque podr\u00eda generar el cierre de 25.000 Pymes, debido a la falta de competitividad, lo que provocar\u00eda unos 300.000 puestos que se pueden llegar a perder durante 2025\u201d, insisti\u00f3 en declaraciones radiales.<\/p>\n<p>Y advirti\u00f3 que \u201chay sectores enteros que desaparecer\u00edan, como textil, calzado, bienes de capital, metal\u00fargicas, aberturas, construcci\u00f3n de galpones, entre otros\u201d, alert\u00f3.<\/p>\n<p>De hecho, Rosato se\u00f1al\u00f3 que en la actualidad los sectores sensibles de la econom\u00eda \u201cya est\u00e1n sufriendo los efectos de la flexibilizaci\u00f3n de los controles y de la apertura de la importaci\u00f3n\u201d, pero enfatiz\u00f3 que la rebaja del 7,5% que significa la desactivaci\u00f3n del Impuesto PAIS \u201csignificar\u00e1 en los hechos concretos menos aranceles para los productos terminados, que cuentan con grandes beneficios de origen, como sucede en pa\u00edses como China, que buscan ganar mercados para agrandar su econom\u00eda\u201d.<\/p>\n<p>\u201cHay que tomar los recaudos. Por eso insistimos en la necesidad de abrir el di\u00e1logo con el Gobierno, porque se tratan de sectores necesarios para sostener empleo y evitar m\u00e1s pobreza en el Conurbano bonaerense. Todos queremos que se termine el cepo cambiario, pero que los d\u00f3lares se utilicen para pagar importaciones de productos terminados servir\u00e1 para subsidiar el empleo en otros pa\u00edses\u201d, asegur\u00f3.<strong>(VW)<\/strong><\/p>\n","protected":false},"excerpt":{"rendered":"<p>La rebaja del 7,5% que significa la desactivaci\u00f3n del Impuesto PAIS \u201csignificar\u00e1 en los hechos concretos menos aranceles para los productos terminados.<\/p>\n","protected":false},"author":3,"featured_media":7939,"comment_status":"closed","ping_status":"closed","sticky":false,"template":"","format":"standard","meta":{"_monsterinsights_skip_tracking":false,"_monsterinsights_sitenote_active":false,"_monsterinsights_sitenote_note":"","_monsterinsights_sitenote_category":0,"footnotes":""},"categories":[749],"tags":[4434,117,358],"class_list":["post-16508","post","type-post","status-publish","format-standard","has-post-thumbnail","hentry","category-pymes","tag-aranceles","tag-importaciones","tag-rebaja"],"_links":{"self":[{"href":"https:\/\/www.visionweb.com.ar\/index.php?rest_route=\/wp\/v2\/posts\/16508","targetHints":{"allow":["GET"]}}],"collection":[{"href":"https:\/\/www.visionweb.com.ar\/index.php?rest_route=\/wp\/v2\/posts"}],"about":[{"href":"https:\/\/www.visionweb.com.ar\/index.php?rest_route=\/wp\/v2\/types\/post"}],"author":[{"embeddable":true,"href":"https:\/\/www.visionweb.com.ar\/index.php?rest_route=\/wp\/v2\/users\/3"}],"replies":[{"embeddable":true,"href":"https:\/\/www.visionweb.com.ar\/index.php?rest_route=%2Fwp%2Fv2%2Fcomments&post=16508"}],"version-history":[{"count":3,"href":"https:\/\/www.visionweb.com.ar\/index.php?rest_route=\/wp\/v2\/posts\/16508\/revisions"}],"predecessor-version":[{"id":16511,"href":"https:\/\/www.visionweb.com.ar\/index.php?rest_route=\/wp\/v2\/posts\/16508\/revisions\/16511"}],"wp:featuredmedia":[{"embeddable":true,"href":"https:\/\/www.visionweb.com.ar\/index.php?rest_route=\/wp\/v2\/media\/7939"}],"wp:attachment":[{"href":"https:\/\/www.visionweb.com.ar\/index.php?rest_route=%2Fwp%2Fv2%2Fmedia&parent=16508"}],"wp:term":[{"taxonomy":"category","embeddable":true,"href":"https:\/\/www.visionweb.com.ar\/index.php?rest_route=%2Fwp%2Fv2%2Fcategories&post=16508"},{"taxonomy":"post_tag","embeddable":true,"href":"https:\/\/www.visionweb.com.ar\/index.php?rest_route=%2Fwp%2Fv2%2Ftags&post=16508"}],"curies":[{"name":"wp","href":"https:\/\/api.w.org\/{rel}","templated":true}]}}