{"id":16489,"date":"2024-11-21T09:38:57","date_gmt":"2024-11-21T12:38:57","guid":{"rendered":"https:\/\/www.visionweb.com.ar\/?p=16489"},"modified":"2024-11-21T09:38:57","modified_gmt":"2024-11-21T12:38:57","slug":"estatales-de-ate-preparan-el-proximo-paro-para-el-jueves-5-de-diciembre","status":"publish","type":"post","link":"https:\/\/www.visionweb.com.ar\/?p=16489","title":{"rendered":"Estatales de ATE: Preparan el pr\u00f3ximo paro para el jueves 5 de diciembre"},"content":{"rendered":"<p><em><strong>Ser\u00e1 por 24 horas. Exigen un aumento salarial. Los trabajadores tambi\u00e9n se pronunciaron en contra del Sistema de Evaluaci\u00f3n P\u00fablica<\/strong>.<\/em><!--more--><\/p>\n<p><strong><img loading=\"lazy\" decoding=\"async\" class=\"size-medium wp-image-13653 alignright\" src=\"https:\/\/www.visionweb.com.ar\/wp-content\/uploads\/2024\/02\/Paro-de-ATE-300x152.png\" alt=\"\" width=\"300\" height=\"152\" srcset=\"https:\/\/www.visionweb.com.ar\/wp-content\/uploads\/2024\/02\/Paro-de-ATE-300x152.png 300w, https:\/\/www.visionweb.com.ar\/wp-content\/uploads\/2024\/02\/Paro-de-ATE.png 575w\" sizes=\"auto, (max-width: 300px) 100vw, 300px\" \/>\u00a0\u00a0\u00a0\u00a0\u00a0 L<\/strong>a\u00a0<strong>Asociaci\u00f3n Trabajadores del Estado<\/strong>\u00a0(ATE)\u00a0decidi\u00f3 un\u00a0<strong>paro de 24 horas\u00a0para el jueves\u00a05 de diciembre<\/strong>, para reclamar mejores salarios y tambi\u00e9n en contra del examen de \u201cidoneidad\u201d\u00a0que el Gobierno tomar\u00e1 a empleados p\u00fablicos.<\/p>\n<p>La medida de fuerza\u00a0<strong>contempla<\/strong>\u00a0adem\u00e1s\u00a0<strong>movilizaciones\u00a0<\/strong>en\u00a0<strong>rechazo\u00a0<\/strong>al\u00a0<strong>recorte salarial\u00a0<\/strong>en las paritarias, condena a las\u00a0<strong>amenazas del Gobierno<\/strong>\u00a0manifestadas a trav\u00e9s de diferentes ministerios como tambi\u00e9n a los\u00a0<strong>ex\u00e1menes de idoneidad<\/strong>\u00a0en la administraci\u00f3n p\u00fablica, inform\u00f3 Agencia DIB.<\/p>\n<p>Desde la organizaci\u00f3n gremial precisaron que \u201cla\u00a0<strong>t\u00f3nica de violencia\u201d<\/strong>\u00a0desde la gesti\u00f3n libertaria incluye entre el caso de sanciones anunciadas por el Ministerio de Justicia, luego de los reclamos en el Registro de la Propiedad Automotor.<\/p>\n<p>El secretario general de ATE,\u00a0<strong>Rodolfo Aguiar, <\/strong>expres\u00f3 en ese sentido: \u201c<strong>Si los estatales no vamos a la huelga,\u00a0estos tipos nos llevan puestos.<\/strong>\u00a0Ya destruyeron nuestros salarios y ahora con ex\u00e1menes de idoneidad que son ilegales pretenden seguir despidi\u00e9ndonos. \u00bfQu\u00e9 examen nos va a tomar esta gente sobre nuestro trabajo si no lo conocen? No tienen ni idea\u201d<strong>.<\/strong><\/p>\n<p>El paro fue ratificado en el\u00a0<strong>Plenario Nacional de Delegados<\/strong>\u00a0que se llev\u00f3 a cabo el martes 19 en el Anfiteatro Eva Per\u00f3n y que cont\u00f3 con la participaci\u00f3n de dirigentes de todo el pa\u00eds. De esta manera, se espera que el paro impacte en las actividades que se desarrollan en la provincia de Buenos Aires, como las clases en escuelas p\u00fablicas y el trabajo en algunas dependencias estatales.<\/p>\n<p>Dentro de esta pauta salarial en ATE consideraron que la\u00a0<strong>p\u00e9rdida del poder adquisitivo\u00a0<\/strong>de los estatales ya\u00a0<strong>supera el 39% en lo que va del a\u00f1o.<\/strong><\/p>\n<p>Tambi\u00e9n expresaron su rechazo al\u00a0<strong>Sistema de Evaluaci\u00f3n P\u00fablica\u00a0<\/strong>mediante el cual pretenden evaluar a trabajadores con 10, 15 y hasta 20 a\u00f1os de trayectoria en el Estado. Son m\u00e1s de 40.000 los contratados evaluados, excluyendo a quienes est\u00e9n amparados en el cupo por discapacidad y cupo trans.<\/p>\n<p>El sindicato estatal adem\u00e1s exige el\u00a0<strong>cese de los despidos<\/strong>\u00a0en el sector p\u00fablico, la\u00a0<strong>reincorporaci\u00f3n<\/strong>\u00a0de todos los cesanteados, el\u00a0<strong>freno al vaciamiento<\/strong>\u00a0de los organismos p\u00fablicos y de los intentos de privatizaciones de las empresas estatales mediante quiebras fraudulentas. <strong>(VW)<\/strong><\/p>\n","protected":false},"excerpt":{"rendered":"<p>Ser\u00e1 por 24 horas. Exigen un aumento salarial. Los trabajadores tambi\u00e9n se pronunciaron en contra del Sistema de Evaluaci\u00f3n P\u00fablica.<\/p>\n","protected":false},"author":4,"featured_media":13653,"comment_status":"closed","ping_status":"closed","sticky":false,"template":"","format":"standard","meta":{"_monsterinsights_skip_tracking":false,"_monsterinsights_sitenote_active":false,"_monsterinsights_sitenote_note":"","_monsterinsights_sitenote_category":0,"footnotes":""},"categories":[4,5],"tags":[6972,6971],"class_list":["post-16489","post","type-post","status-publish","format-standard","has-post-thumbnail","hentry","category-politica","category-sociedad","tag-5-de-diciembre","tag-paro-ate"],"_links":{"self":[{"href":"https:\/\/www.visionweb.com.ar\/index.php?rest_route=\/wp\/v2\/posts\/16489","targetHints":{"allow":["GET"]}}],"collection":[{"href":"https:\/\/www.visionweb.com.ar\/index.php?rest_route=\/wp\/v2\/posts"}],"about":[{"href":"https:\/\/www.visionweb.com.ar\/index.php?rest_route=\/wp\/v2\/types\/post"}],"author":[{"embeddable":true,"href":"https:\/\/www.visionweb.com.ar\/index.php?rest_route=\/wp\/v2\/users\/4"}],"replies":[{"embeddable":true,"href":"https:\/\/www.visionweb.com.ar\/index.php?rest_route=%2Fwp%2Fv2%2Fcomments&post=16489"}],"version-history":[{"count":1,"href":"https:\/\/www.visionweb.com.ar\/index.php?rest_route=\/wp\/v2\/posts\/16489\/revisions"}],"predecessor-version":[{"id":16490,"href":"https:\/\/www.visionweb.com.ar\/index.php?rest_route=\/wp\/v2\/posts\/16489\/revisions\/16490"}],"wp:featuredmedia":[{"embeddable":true,"href":"https:\/\/www.visionweb.com.ar\/index.php?rest_route=\/wp\/v2\/media\/13653"}],"wp:attachment":[{"href":"https:\/\/www.visionweb.com.ar\/index.php?rest_route=%2Fwp%2Fv2%2Fmedia&parent=16489"}],"wp:term":[{"taxonomy":"category","embeddable":true,"href":"https:\/\/www.visionweb.com.ar\/index.php?rest_route=%2Fwp%2Fv2%2Fcategories&post=16489"},{"taxonomy":"post_tag","embeddable":true,"href":"https:\/\/www.visionweb.com.ar\/index.php?rest_route=%2Fwp%2Fv2%2Ftags&post=16489"}],"curies":[{"name":"wp","href":"https:\/\/api.w.org\/{rel}","templated":true}]}}