{"id":16488,"date":"2024-11-21T09:43:49","date_gmt":"2024-11-21T12:43:49","guid":{"rendered":"https:\/\/www.visionweb.com.ar\/?p=16488"},"modified":"2024-11-21T12:30:36","modified_gmt":"2024-11-21T15:30:36","slug":"en-el-inta-la-motosierra-va-por-todo-plantean-achicar-1-043-puestos-de-trabajo-vender-tierras-ajustar-movilidad-y-telefonia-y-hasta-avanzar-en-el-control-politico-del-instituto","status":"publish","type":"post","link":"https:\/\/www.visionweb.com.ar\/?p=16488","title":{"rendered":"En el INTA la motosierra \u201cva por todo\u201d: Plantean achicar 1.043 puestos de trabajo, vender tierras, ajustar movilidad y telefon\u00eda, y hasta avanzar en el control pol\u00edtico del Instituto"},"content":{"rendered":"<p><strong><em>En principio, en materia de reducci\u00f3n de personal y ajustes administrativos, la Presidencia de INTA aceptar\u00eda llevar adelante un fuerte achique que afectar\u00eda a m\u00e1s de un millar de personas*.<\/em><\/strong><!--more--><\/p>\n<p><img loading=\"lazy\" decoding=\"async\" class=\"size-medium wp-image-16491 alignleft\" src=\"https:\/\/www.visionweb.com.ar\/wp-content\/uploads\/2024\/11\/INTA-300x225.png\" alt=\"\" width=\"300\" height=\"225\" srcset=\"https:\/\/www.visionweb.com.ar\/wp-content\/uploads\/2024\/11\/INTA-300x225.png 300w, https:\/\/www.visionweb.com.ar\/wp-content\/uploads\/2024\/11\/INTA-320x240.png 320w, https:\/\/www.visionweb.com.ar\/wp-content\/uploads\/2024\/11\/INTA.png 640w\" sizes=\"auto, (max-width: 300px) 100vw, 300px\" \/>Buscando el aval de las entidades agropecuarias que integran el consejo directivo, el presidente del INTA (Instituto Nacional de Tecnolog\u00eda Agropecuaria), Nicol\u00e1s Bronzovich, elabor\u00f3 una nueva propuesta de ajuste dentro del organismo para convencer a la motosierra del gobierno de Javier Milei que detenga la poda antes de que todo el \u00e1rbol corra peligro.<\/p>\n<p>El plan incluye la reducci\u00f3n inmediata de m\u00e1s de mil puestos de trabajo, la venta de tierras y edificios, y un fuerte ajuste de gastos en vi\u00e1ticos y combustibles.<\/p>\n<p><strong>Bichos de Campo<\/strong>\u00a0accedi\u00f3 a un documento que contiene la \u201cPropuesta de Presidencia de INTA\u00a0 para el an\u00e1lisis y decisi\u00f3n del Consejo Directivo en el Corto plazo (Noviembre-Diciembre 2024)\u201d. All\u00ed se exponen los puntos que ofrecer\u00eda el INTA a los Ministerios de Econom\u00eda y de Desregulaci\u00f3n, que vienen pidiendo desde principios de a\u00f1o el despido de unas 1.500 personas, sobre una plantilla que en 2024 se ubica en 6.424 profesionales, t\u00e9cnicos y administrativos, que est\u00e1n dispersos por todo el pa\u00eds.<u><\/u><\/p>\n<p>Por oponerse a tan fuerte ajuste, hace unas semanas renunci\u00f3 el ex presidente del organismo, Juan Cruz Molina Hafford, que proven\u00eda del propio organismo. Fue reemplazado por el ex director nacional de Agricultura, Bronzovich, en tanto que la vicepresidenta Mar\u00eda Beatriz Pilu Giraudo decidi\u00f3 permanecer en su puesto. Es esta dupla la que ahora debe convencer a los directores por las entidades y las universidades que avalen este ajuste.<\/p>\n<p><strong>Reducci\u00f3n de personal<\/strong><\/p>\n<p>En principio, en materia de reducci\u00f3n de personal y ajustes administrativos, la Presidencia de INTA aceptar\u00eda llevar adelante un fuerte achique que afectar\u00eda a m\u00e1s de un millar de personas. Este proceso ya hab\u00eda comenzado con la decisi\u00f3n de acelerar jubilaciones y con la convocatoria a un retiro voluntario que no convenci\u00f3 a demasiadas voluntades.<\/p>\n<p>Seg\u00fan blanquea Bronzovich, un total de \u201c301 agentes participaron en el programa de retiro voluntario. Adem\u00e1s, hay 302 empleados mayores de 65 a\u00f1os, de los cuales 149 ya fueron intimados a jubilarse\u201d. Pero adem\u00e1s, para acercarse m\u00e1s a la cifra exigida por quienes manejan la motosierra, la propuesta ahora es \u201cno renovar contratos de personal ingresado en 2023 (227 contratados) y revisar acuerdos de otros trabajadores bajo reg\u00edmenes espec\u00edficos como becarios y contratados externos\u201d.<\/p>\n<p>As\u00ed las cosas, y sumando otras 204 bajas acumuladas este ejercicio (hasta el 13 de noviembre) , en las pr\u00f3ximas semanas el INTA reducir\u00eda en total unas 1.043 puestos de trabajo.<\/p>\n<p>Pero el ajuste de personal promete seguir m\u00e1s adelante, porque se revisar\u00eda la estructura de 300 becarios y oro centenar de empleados mediante la Carta de Intenci\u00f3n 13 en la Fundaci\u00f3n ArgeInta.<\/p>\n<p>Lo cierto es que este ajuste dejar\u00eda en 2025 con una cantidad de personal muy inferior a la que ha tenido en los \u00faltimos casi veinte a\u00f1os.<\/p>\n<p><strong>Se suman los ajustes<\/strong><\/p>\n<p><img loading=\"lazy\" decoding=\"async\" class=\"size-medium wp-image-16492 alignleft\" src=\"https:\/\/www.visionweb.com.ar\/wp-content\/uploads\/2024\/11\/inta-dos-300x200.png\" alt=\"\" width=\"300\" height=\"200\" srcset=\"https:\/\/www.visionweb.com.ar\/wp-content\/uploads\/2024\/11\/inta-dos-300x200.png 300w, https:\/\/www.visionweb.com.ar\/wp-content\/uploads\/2024\/11\/inta-dos.png 640w\" sizes=\"auto, (max-width: 300px) 100vw, 300px\" \/>No es el \u00fanico ajuste que promete llevar a cabo la gesti\u00f3n de Bronzovich y Giraudo. En una frase que merece mayor aclaraci\u00f3n, la conducci\u00f3n del INTA dice que \u201cse analiza la posibilidad de capitalizar tierras no productivas\u201d y se pide que \u201cel Consejo Directivo acompa\u00f1e a presidencia en la cesi\u00f3n \u00a0de las hect\u00e1reas en Cerrillo\/Salta y el edificio de Cervi\u00f1o\u201d.<\/p>\n<p>En estos casos, el Estado ya dio pasos en firme para la venta. Pero como el esfuerzo debe ser mayor, se anticipa que la ABBE (Administradora de Bienes del Estado) tiene un trabajo de propuesta de tierras a poner a disposici\u00f3n\u201d del ajuste del gasto.<\/p>\n<p>Este propuesta deber\u00eda ser votada ahora por el Consejo Directivo, regido por un presidente y un vicepresidente designados por el Poder Ejecutivo Nacional, e integrado por cinco representantes del sector p\u00fablico y cinco del sector privado.<\/p>\n<p>Entre las entidades, hasta ahora solo la Federaci\u00f3n Agraria puso reparos p\u00fablicos a este fuerte proceso de ajuste. Se sum\u00f3 en las \u00faltimas horas un comunicado de Bases Federadas, que manifest\u00f3 \u201csu m\u00e1s en\u00e9rgico rechazo al desmantelamiento\u201d del INTA.<\/p>\n<p>En otro apartado el documento del INTA plantea otra forma novedosa para achicar el gasto, mediante la \u201cevaluaci\u00f3n del uso de 2.600 veh\u00edculos, con especial atenci\u00f3n a la alta inversi\u00f3n en combustible (1.500 millones de pesos) y vi\u00e1ticos (700 millones)\u201d.<\/p>\n<p>\u201cTambi\u00e9n se detectaron oportunidades de ahorro en las l\u00edneas telef\u00f3nicas y servicios de limpieza\u201d, indica el plan de ajuste, que por otro lado plantea que estos recortes permitir\u00e1 llevar adelante una \u201creasignaci\u00f3n de recursos\u201d para proyectos estrat\u00e9gicos, como \u201cla creaci\u00f3n de agro distritos\u201d.<\/p>\n<p>Bronzovich -bendecido por el poder del secretario Juan Pazo y su concu\u00f1ado el secretario de Agricultura Sergio Iraeta- buscar\u00e1 adem\u00e1s el aval de las entidades de productores para \u201ctomar la gesti\u00f3n por parte de Presidencia de al menos cuatro de las once direcciones nacionales\u201d. En el documento se blanquea que la intensi\u00f3n es poner all\u00ed \u201cgente de confianza\u201d de estos funcionando, \u201cpriorizando incorporar personas alineadas con la gesti\u00f3n actual\u201d.<\/p>\n<p>Solo se aclara que \u201ceste cambio no busca desvincular a los actuales directores, sino reubicarlos en roles de cooperaci\u00f3n\u201d. Usualmente esos cargos de gesti\u00f3n dentro del INTA son ocupados por personal de carrera, elegidos por concursos.<\/p>\n<p>\u201cEn este punto es v\u00e1lido recordar que el Consejo Directivo define estrategias, pol\u00edticas y asignaci\u00f3n de recursos, y que la Direcci\u00f3n Nacional hace la operaci\u00f3n de dichas directrices hace 68 a\u00f1os\u201d, se reconoce.<\/p>\n<p>A m\u00e1s largo plazo, la propuesta de los funcionarios de La Libertad Avanza es \u201cconformar un grupo de expertos (internos y externos) que contribuya a una revisi\u00f3n profunda del dise\u00f1o estrat\u00e9gico del INTA, de cara a los pr\u00f3ximos a\u00f1os\u201d.<strong>(VW)<\/strong><\/p>\n<p><strong><em>*Este material fue elaborado por el equipo de periodistas del portal de noticias Bichos de campo<\/em>\u00a0\u00a0<\/strong><\/p>\n","protected":false},"excerpt":{"rendered":"<p>En principio, en materia de reducci\u00f3n de personal y ajustes administrativos, la Presidencia de INTA aceptar\u00eda llevar adelante un fuerte achique que afectar\u00eda a m\u00e1s de un millar de personas*.<\/p>\n","protected":false},"author":3,"featured_media":16491,"comment_status":"closed","ping_status":"closed","sticky":false,"template":"","format":"standard","meta":{"_monsterinsights_skip_tracking":false,"_monsterinsights_sitenote_active":false,"_monsterinsights_sitenote_note":"","_monsterinsights_sitenote_category":0,"footnotes":""},"categories":[3],"tags":[62,3158,1682,1683,1923],"class_list":["post-16488","post","type-post","status-publish","format-standard","has-post-thumbnail","hentry","category-actualidad","tag-ajustes","tag-inta","tag-personal","tag-reduccion","tag-remates"],"_links":{"self":[{"href":"https:\/\/www.visionweb.com.ar\/index.php?rest_route=\/wp\/v2\/posts\/16488","targetHints":{"allow":["GET"]}}],"collection":[{"href":"https:\/\/www.visionweb.com.ar\/index.php?rest_route=\/wp\/v2\/posts"}],"about":[{"href":"https:\/\/www.visionweb.com.ar\/index.php?rest_route=\/wp\/v2\/types\/post"}],"author":[{"embeddable":true,"href":"https:\/\/www.visionweb.com.ar\/index.php?rest_route=\/wp\/v2\/users\/3"}],"replies":[{"embeddable":true,"href":"https:\/\/www.visionweb.com.ar\/index.php?rest_route=%2Fwp%2Fv2%2Fcomments&post=16488"}],"version-history":[{"count":4,"href":"https:\/\/www.visionweb.com.ar\/index.php?rest_route=\/wp\/v2\/posts\/16488\/revisions"}],"predecessor-version":[{"id":16496,"href":"https:\/\/www.visionweb.com.ar\/index.php?rest_route=\/wp\/v2\/posts\/16488\/revisions\/16496"}],"wp:featuredmedia":[{"embeddable":true,"href":"https:\/\/www.visionweb.com.ar\/index.php?rest_route=\/wp\/v2\/media\/16491"}],"wp:attachment":[{"href":"https:\/\/www.visionweb.com.ar\/index.php?rest_route=%2Fwp%2Fv2%2Fmedia&parent=16488"}],"wp:term":[{"taxonomy":"category","embeddable":true,"href":"https:\/\/www.visionweb.com.ar\/index.php?rest_route=%2Fwp%2Fv2%2Fcategories&post=16488"},{"taxonomy":"post_tag","embeddable":true,"href":"https:\/\/www.visionweb.com.ar\/index.php?rest_route=%2Fwp%2Fv2%2Ftags&post=16488"}],"curies":[{"name":"wp","href":"https:\/\/api.w.org\/{rel}","templated":true}]}}