{"id":16482,"date":"2024-11-21T09:17:29","date_gmt":"2024-11-21T12:17:29","guid":{"rendered":"https:\/\/www.visionweb.com.ar\/?p=16482"},"modified":"2024-11-21T09:17:49","modified_gmt":"2024-11-21T12:17:49","slug":"se-publicaron-los-feriados-del-2025-con-los-dias-no-laborables-para-turismo","status":"publish","type":"post","link":"https:\/\/www.visionweb.com.ar\/?p=16482","title":{"rendered":"Se publicaron los feriados del 2025 con los d\u00edas no laborables para turismo"},"content":{"rendered":"<p><em><strong>Las fechas fijadas por el Gobierno para 2025, de todos modos,\u00a0no contar\u00e1n como feriados sino como d\u00edas no laborables con fines tur\u00edsticos.<\/strong><\/em><!--more--><\/p>\n<p><img loading=\"lazy\" decoding=\"async\" class=\"size-medium wp-image-9378 alignright\" src=\"https:\/\/www.visionweb.com.ar\/wp-content\/uploads\/2023\/02\/CATAMARCA-TURISMO-300x194.png\" alt=\"\" width=\"300\" height=\"194\" srcset=\"https:\/\/www.visionweb.com.ar\/wp-content\/uploads\/2023\/02\/CATAMARCA-TURISMO-300x194.png 300w, https:\/\/www.visionweb.com.ar\/wp-content\/uploads\/2023\/02\/CATAMARCA-TURISMO.png 598w\" sizes=\"auto, (max-width: 300px) 100vw, 300px\" \/>El Gobierno confirm\u00f3\u00a0<strong>los feriados de 2025<\/strong>\u00a0y fij\u00f3 los\u00a0<strong>tres d\u00edas no laborables con fines tur\u00edsticos<\/strong>. Se trata del 2 de mayo, el 15 de agosto y 21 de noviembre, seg\u00fan reflej\u00f3 el Decreto 1027\/2024 publicado este jueves por el Poder Ejecutivo en el Bolet\u00edn Oficial.<\/p>\n<p>El documento cita en sus considerandos a la Ley N\u00b0 27.399, que faculta al Gobierno a fijar anualmente hasta tres d\u00edas feriados o no laborables que deber\u00e1n coincidir con los d\u00edas lunes o viernes, con el fin de impulsar el turismo interno en nuestro pa\u00eds.<\/p>\n<p>\u201cTales d\u00edas est\u00e1n relacionados con\u00a0<strong>coadyuvar a disminuir los efectos negativos de la estacionalidad del sector tur\u00edstico<\/strong>, procurando distribuirlos en el tiempo.\u201d, agrega la normativa, que lleva las firmas de Javier Milei y su Jefe de Gabinete, Guillermo Francos.<\/p>\n<p>El<strong>\u00a02 de mayo<\/strong>\u00a0del a\u00f1o pr\u00f3ximo caer\u00e1 viernes, por lo que permitir\u00e1 generar un fin de semana largo, debido a que en la jornada anterior se conmemora el D\u00eda del Trabajador.<\/p>\n<p>En tanto, el\u00a0<strong>15 de agosto<\/strong>\u00a0tambi\u00e9n ser\u00e1 viernes en 2025, y dar\u00e1 inicio as\u00ed a la conmemoraci\u00f3n del paso a la Inmortalidad de Jos\u00e9 de San Mart\u00edn, reservada cada a\u00f1o para el 17 de agosto, fecha en que muri\u00f3 en Boulogne-sur Mer, Francia.<\/p>\n<p>Mismo d\u00eda caer\u00e1 en 2025 el\u00a0<strong>21 de noviembre<\/strong>, d\u00eda posterior al D\u00eda de la Soberan\u00eda Nacional, jornada que recuerda la Batalla de la Vuelta de Obligado. Desde su incorporaci\u00f3n al calendario oficial, esta \u00faltima fecha suele trasladarse para generar fines de semana largos. Este a\u00f1o, el feriado del D\u00eda de la Soberan\u00eda se celebr\u00f3 el pasado lunes 18 de noviembre.<\/p>\n<p>En total, 2024 sum\u00f3 19 d\u00edas festivos, distribuidos entre feriados inamovibles, trasladables y con fines tur\u00edsticos.<\/p>\n<p>Las fechas fijadas por el Gobierno para 2025, de todos modos,\u00a0<strong>no contar\u00e1n como feriados sino como d\u00edas no laborables con fines tur\u00edsticos<\/strong>. Esto implica que las empresas tienen la potestad de determinar si les dan o no el d\u00eda libre a sus empleados.<\/p>\n<p>Adem\u00e1s, seg\u00fan informaci\u00f3n oficial, \u201cla diferencia con el d\u00eda feriado radica en que en los d\u00edas no laborables no se est\u00e1n cumpliendo prestaciones adicionales o extraordinarias asimilables a las horas extras, por lo cual el devengamiento en todos los casos es\u00a0<strong>un salario diario normal se cumplan o no tareas<\/strong>\u201d.<\/p>\n<p><strong>Feriados Nacionales Inamovibles:<\/strong><\/p>\n<ul class=\"wp-block-list\">\n<li>1\u00b0 de enero (mi\u00e9rcoles): A\u00f1o Nuevo<\/li>\n<li>3 y 4 de marzo (lunes y martes): Carnaval<\/li>\n<li>24 de marzo (lunes): D\u00eda Nacional de la Memoria por la Verdad y la Justicia<\/li>\n<li>2 de abril (mi\u00e9rcoles): D\u00eda del Veterano y de los Ca\u00eddos en la Guerra de Malvinas<\/li>\n<li>18 de abril (viernes): Viernes Santo<\/li>\n<li>1\u00b0 de mayo (jueves): D\u00eda del Trabajador<\/li>\n<li>25 de mayo (domingo): D\u00eda de la Revoluci\u00f3n de Mayo<\/li>\n<li>20 de junio (viernes): Paso a la Inmortalidad del General Manuel Belgrano<\/li>\n<li>9 de julio (mi\u00e9rcoles): D\u00eda de la Independencia<\/li>\n<li>8 de diciembre (lunes): D\u00eda de la Inmaculada Concepci\u00f3n de Mar\u00eda<\/li>\n<li>25 de diciembre (jueves): Navidad<\/li>\n<\/ul>\n<p><strong>Feriados Nacionales Trasladables:<\/strong><\/p>\n<ul class=\"wp-block-list\">\n<li>17 de junio (martes, se traslada al lunes 16): Paso a la Inmortalidad del General Mart\u00edn Miguel de G\u00fcemes<\/li>\n<li>17 de agosto (domingo): Paso a la Inmortalidad del General Jos\u00e9 de San Mart\u00edn<\/li>\n<li>12 de octubre (domingo): D\u00eda del Respeto a la Diversidad Cultural<\/li>\n<li>20 de noviembre (jueves): D\u00eda de la Soberan\u00eda Nacional.<strong>(VW)<\/strong><\/li>\n<\/ul>\n","protected":false},"excerpt":{"rendered":"<p>Las fechas fijadas por el Gobierno para 2025, de todos modos,\u00a0no contar\u00e1n como feriados sino como d\u00edas no laborables con fines tur\u00edsticos.<\/p>\n","protected":false},"author":3,"featured_media":9642,"comment_status":"closed","ping_status":"closed","sticky":false,"template":"","format":"standard","meta":{"_monsterinsights_skip_tracking":false,"_monsterinsights_sitenote_active":false,"_monsterinsights_sitenote_note":"","_monsterinsights_sitenote_category":0,"footnotes":""},"categories":[8],"tags":[6969,1376,6970],"class_list":["post-16482","post","type-post","status-publish","format-standard","has-post-thumbnail","hentry","category-interes-general","tag-anos-2025","tag-feriados","tag-trasladables"],"_links":{"self":[{"href":"https:\/\/www.visionweb.com.ar\/index.php?rest_route=\/wp\/v2\/posts\/16482","targetHints":{"allow":["GET"]}}],"collection":[{"href":"https:\/\/www.visionweb.com.ar\/index.php?rest_route=\/wp\/v2\/posts"}],"about":[{"href":"https:\/\/www.visionweb.com.ar\/index.php?rest_route=\/wp\/v2\/types\/post"}],"author":[{"embeddable":true,"href":"https:\/\/www.visionweb.com.ar\/index.php?rest_route=\/wp\/v2\/users\/3"}],"replies":[{"embeddable":true,"href":"https:\/\/www.visionweb.com.ar\/index.php?rest_route=%2Fwp%2Fv2%2Fcomments&post=16482"}],"version-history":[{"count":2,"href":"https:\/\/www.visionweb.com.ar\/index.php?rest_route=\/wp\/v2\/posts\/16482\/revisions"}],"predecessor-version":[{"id":16487,"href":"https:\/\/www.visionweb.com.ar\/index.php?rest_route=\/wp\/v2\/posts\/16482\/revisions\/16487"}],"wp:featuredmedia":[{"embeddable":true,"href":"https:\/\/www.visionweb.com.ar\/index.php?rest_route=\/wp\/v2\/media\/9642"}],"wp:attachment":[{"href":"https:\/\/www.visionweb.com.ar\/index.php?rest_route=%2Fwp%2Fv2%2Fmedia&parent=16482"}],"wp:term":[{"taxonomy":"category","embeddable":true,"href":"https:\/\/www.visionweb.com.ar\/index.php?rest_route=%2Fwp%2Fv2%2Fcategories&post=16482"},{"taxonomy":"post_tag","embeddable":true,"href":"https:\/\/www.visionweb.com.ar\/index.php?rest_route=%2Fwp%2Fv2%2Ftags&post=16482"}],"curies":[{"name":"wp","href":"https:\/\/api.w.org\/{rel}","templated":true}]}}