{"id":16477,"date":"2024-11-21T08:57:05","date_gmt":"2024-11-21T11:57:05","guid":{"rendered":"https:\/\/www.visionweb.com.ar\/?p=16477"},"modified":"2024-11-21T08:57:05","modified_gmt":"2024-11-21T11:57:05","slug":"vuelos-a-tandil-sin-fecha-de-inicio-aunque-tambien-dependeran-de-como-este-el-aeropuerto","status":"publish","type":"post","link":"https:\/\/www.visionweb.com.ar\/?p=16477","title":{"rendered":"Vuelos a Tandil: Sin fecha de inicio, aunque tambi\u00e9n depender\u00e1n de c\u00f3mo est\u00e9 el aeropuerto"},"content":{"rendered":"<p class=\"td-post-sub-title\"><strong><em>Los hab\u00eda anunciado para este mes el ministro Federico Sturzenegger. Unir\u00edan Buenos Aires, Olavarr\u00eda y Tandil. La semana que viene saldr\u00edan a la venta los pasajes.<\/em><\/strong><!--more--><\/p>\n<div id=\"attachment_16480\" style=\"width: 310px\" class=\"wp-caption alignright\"><img loading=\"lazy\" decoding=\"async\" aria-describedby=\"caption-attachment-16480\" class=\"wp-image-16480 size-medium\" src=\"https:\/\/www.visionweb.com.ar\/wp-content\/uploads\/2024\/11\/LA-NUEVA-AEROLINEA-300x210.png\" alt=\"\" width=\"300\" height=\"210\" srcset=\"https:\/\/www.visionweb.com.ar\/wp-content\/uploads\/2024\/11\/LA-NUEVA-AEROLINEA-300x210.png 300w, https:\/\/www.visionweb.com.ar\/wp-content\/uploads\/2024\/11\/LA-NUEVA-AEROLINEA.png 640w\" sizes=\"auto, (max-width: 300px) 100vw, 300px\" \/><p id=\"caption-attachment-16480\" class=\"wp-caption-text\"><strong><em>Esta ser\u00eda una de las aeronaves que se utilizar\u00e1n en el nuevo recorrido (Foto: Hamming Airways)<\/em><\/strong><\/p><\/div>\n<p>El ministro de Desregulaci\u00f3n y Transformaci\u00f3n del Estado,\u00a0<strong>Federico Sturzenegger, dijo en octubre que en noviembre habr\u00eda vuelos a Tandil y Olavarr\u00eda.\u00a0<\/strong>Sin embargo, no ser\u00e1 en noviembre, y tampoco en 2024.<\/p>\n<p><strong>La triangulaci\u00f3n Buenos Aires, Olavarr\u00eda y Tandil podr\u00eda entrar en funcionamiento en los primeros meses del a\u00f1o que viene, aunque la fecha y su modalidad dependen de cuestiones ajenas a la empresa que estar\u00e1 a cargo del servicio<\/strong>.<\/p>\n<p><strong>Francisco Sim\u00f3n Errecart es el joven CEO de la firma Humming Airways<\/strong> y en una entrevista con El Eco de Tandil dio algunas precisiones sobre la puesta en marcha de la ruta comercial. anunci\u00f3 adem\u00e1s que <strong>la pr\u00f3xima semana se iniciar\u00e1 una preventa, aunque de momento no se sabe cu\u00e1ndo comenzar\u00e1n los vuelos ni qu\u00e9 tipo de aviones llegar\u00e1n a Tandil<\/strong>, con posible cambio de avi\u00f3n en Olavarr\u00eda.<\/p>\n<p>Tandil ya tuvo experiencias previas de vuelos comerciales que no funcionaron. Seg\u00fan Sim\u00f3n Errecart, hubo elecciones equivocadas de aerol\u00edneas, se err\u00f3 en el armado de las rutas o tampoco se cont\u00f3 con un esquema financiero adecuado.\u00a0<strong>Tomando esas experiencias, desde Humming Airways creen que se puede poner en funcionamiento un servicio viable.<\/strong><\/p>\n<p>\u201cLa necesidad est\u00e1\u201d, opin\u00f3 sobre la implementaci\u00f3n de la conectividad a\u00e9rea. Es que Tandil es \u201cuna ciudad con mucho desarrollo, mucha industria y mucho turismo\u201d. \u201cQue una ciudad como Tandil no tenga conexi\u00f3n a\u00e9rea, me parece errado\u201d, complet\u00f3.<\/p>\n<p><strong>Para la ruta Buenos Aires, Olavarr\u00eda y Tandil se utilizar\u00edan aviones para 19 pasajeros. De arranque, ser\u00edan dos frecuencias semanales.<\/strong>\u00a0<strong>\u201cVamos a iniciar con operaciones los lunes y viernes por la ma\u00f1ana, arrancando 6.30, pensado para la persona que va, trabaja la semana y vuelve el fin de semana\u201d.\u00a0<\/strong>Seg\u00fan Sim\u00f3n Errecart, la idea de la empresa es ir \u201cde menos a m\u00e1s, seg\u00fan la demanda\u201d.\u00a0<strong>Los valores se conocer\u00edan tambi\u00e9n la pr\u00f3xima semana, junto con la preventa de los pasajes.<\/strong><\/p>\n<p>Aunque aparecen problemas.\u00a0<strong>Los aviones Metroliner de 19 pasajeros no podr\u00edan llegar hoy a Tandil, tal como est\u00e1 el aeropuerto<\/strong>. Si bien el aeropuerto cuenta con toda la infraestructura y comodidades para recibir vuelos comerciales, la pista debe ser repavimentada. Por eso, los tiempos dependen de qu\u00e9 suceda con el aeropuerto.<strong>\u00a0\u201cA nosotros nos parece una locura que no est\u00e9 pavimentada la pista\u201d, afirm\u00f3.<\/strong><\/p>\n<p>\u201cEstamos esperando si se va a hacer o no la repavimentaci\u00f3n de la pista de Tandil. Si no, opci\u00f3n B\u201d, aclar\u00f3.\u00a0<strong>Esa opci\u00f3n B podr\u00eda ser cambiar de avi\u00f3n en Olavarr\u00eda y llegar a Tandil en un avi\u00f3n m\u00e1s peque\u00f1o. O viajar en avi\u00f3n hasta Olavarr\u00eda y desde all\u00ed conexi\u00f3n por tierra a Tandil.<\/strong><\/p>\n<p>\u201cTenemos ganas de arrancar lo antes posible\u201d, dijo Sim\u00f3n Errecart en otro pasaje de la charla con El Eco, y asegur\u00f3 que una vez que arranquen las operaciones,\u00a0<strong>la empresa garantizar\u00e1 un a\u00f1o de operaciones, para brindar previsibilidad<\/strong>. Dicen que cuentan con el \u201crespaldo financiero\u201d.(VW)<\/p>\n<p>Con datos de DIN y El Eco de Tandil<\/p>\n<div class=\"td-module-meta-info\"><\/div>\n","protected":false},"excerpt":{"rendered":"<p>Los hab\u00eda anunciado para este mes el ministro Federico Sturzenegger. Unir\u00edan Buenos Aires, Olavarr\u00eda y Tandil. La semana que viene saldr\u00edan a la venta los pasajes.<\/p>\n","protected":false},"author":3,"featured_media":16480,"comment_status":"closed","ping_status":"closed","sticky":false,"template":"","format":"standard","meta":{"_monsterinsights_skip_tracking":false,"_monsterinsights_sitenote_active":false,"_monsterinsights_sitenote_note":"","_monsterinsights_sitenote_category":0,"footnotes":""},"categories":[8,700],"tags":[5908,1409,534],"class_list":["post-16477","post","type-post","status-publish","format-standard","has-post-thumbnail","hentry","category-interes-general","category-turismo","tag-aviones","tag-tandil","tag-vuelos"],"_links":{"self":[{"href":"https:\/\/www.visionweb.com.ar\/index.php?rest_route=\/wp\/v2\/posts\/16477","targetHints":{"allow":["GET"]}}],"collection":[{"href":"https:\/\/www.visionweb.com.ar\/index.php?rest_route=\/wp\/v2\/posts"}],"about":[{"href":"https:\/\/www.visionweb.com.ar\/index.php?rest_route=\/wp\/v2\/types\/post"}],"author":[{"embeddable":true,"href":"https:\/\/www.visionweb.com.ar\/index.php?rest_route=\/wp\/v2\/users\/3"}],"replies":[{"embeddable":true,"href":"https:\/\/www.visionweb.com.ar\/index.php?rest_route=%2Fwp%2Fv2%2Fcomments&post=16477"}],"version-history":[{"count":1,"href":"https:\/\/www.visionweb.com.ar\/index.php?rest_route=\/wp\/v2\/posts\/16477\/revisions"}],"predecessor-version":[{"id":16481,"href":"https:\/\/www.visionweb.com.ar\/index.php?rest_route=\/wp\/v2\/posts\/16477\/revisions\/16481"}],"wp:featuredmedia":[{"embeddable":true,"href":"https:\/\/www.visionweb.com.ar\/index.php?rest_route=\/wp\/v2\/media\/16480"}],"wp:attachment":[{"href":"https:\/\/www.visionweb.com.ar\/index.php?rest_route=%2Fwp%2Fv2%2Fmedia&parent=16477"}],"wp:term":[{"taxonomy":"category","embeddable":true,"href":"https:\/\/www.visionweb.com.ar\/index.php?rest_route=%2Fwp%2Fv2%2Fcategories&post=16477"},{"taxonomy":"post_tag","embeddable":true,"href":"https:\/\/www.visionweb.com.ar\/index.php?rest_route=%2Fwp%2Fv2%2Ftags&post=16477"}],"curies":[{"name":"wp","href":"https:\/\/api.w.org\/{rel}","templated":true}]}}