{"id":16436,"date":"2024-11-14T13:53:25","date_gmt":"2024-11-14T16:53:25","guid":{"rendered":"https:\/\/www.visionweb.com.ar\/?p=16436"},"modified":"2024-11-14T13:53:54","modified_gmt":"2024-11-14T16:53:54","slug":"futbol-talleres-aseguro-la-permanencia-en-el-nacional-b-gano-2-a-1-a-atletico-de-rafaela","status":"publish","type":"post","link":"https:\/\/www.visionweb.com.ar\/?p=16436","title":{"rendered":"F\u00fatbol: Talleres asegur\u00f3 la permanencia en el Nacional B, le gan\u00f3 2 a 1 a Atl\u00e9tico de Rafaela"},"content":{"rendered":"<p><em><strong>Fue en el alargue y se mantuvo en la Primera Nacional. El equipo de Remedios de Escalada se impuso por 2-1 en Jun\u00edn, y as\u00ed logr\u00f3 la permanencia en la Primera Nacional. \u00abLa Crema\u00bb descendi\u00f3 al Federal A, y no disputaba ese torneo desde hace 35 a\u00f1os.<\/strong><\/em><!--more--><\/p>\n<p><strong><img loading=\"lazy\" decoding=\"async\" class=\"size-medium wp-image-16437 alignright\" src=\"https:\/\/www.visionweb.com.ar\/wp-content\/uploads\/2024\/11\/talleres-vs-rafaela-300x177.png\" alt=\"\" width=\"300\" height=\"177\" srcset=\"https:\/\/www.visionweb.com.ar\/wp-content\/uploads\/2024\/11\/talleres-vs-rafaela-300x177.png 300w, https:\/\/www.visionweb.com.ar\/wp-content\/uploads\/2024\/11\/talleres-vs-rafaela.png 537w\" sizes=\"auto, (max-width: 300px) 100vw, 300px\" \/>\u00a0\u00a0\u00a0\u00a0 Talleres de Remedios de Escalada<\/strong> se impuso ayer por 2-1 a <strong>Atl\u00e9tico de Rafaela<\/strong> en\u00a0<strong>el partido por la permanencia en la Primera Nacional<\/strong>, que se disput\u00f3 en la ciudad de Jun\u00edn y se defini\u00f3 en el alargue luego de que empataran en un tanto. De esta manera,<strong>\u00a0el equipo santafesino jugar\u00e1 la temporada que viene en el Federal A.<\/strong><\/p>\n<p><strong>Con los goles de Fernando Dur\u00e9 y Franco Pulicastro<\/strong>, El Tallar\u00edn se salv\u00f3 del descenso y estar\u00e1 un a\u00f1o m\u00e1s en la segunda divisi\u00f3n del f\u00fatbol argentino, a la cu\u00e1l ascendi\u00f3 apenas un a\u00f1o atr\u00e1s cuando se coron\u00f3 campe\u00f3n de Primera B Metropolitana.<\/p>\n<p>El partido comenz\u00f3 sin goles en el primer tiempo, pero apenas iniciado el complemento, Talleres tom\u00f3 la iniciativa y logr\u00f3 abrir el marcador a los siete minutos: tras un centro de Jonathan Ben\u00edtez, Fernando Dur\u00e9 conect\u00f3 de cabeza para poner el 1 a 0 y hacer so\u00f1ar al Albirrojo con la permanencia.<\/p>\n<p>Atl\u00e9tico Rafaela reaccion\u00f3 y, a falta de 12 minutos para el final, Mat\u00edas Pardo sorprendi\u00f3 y sell\u00f3 el empate, dejando todo por definirse en los \u00faltimos minutos.<\/p>\n<p>Ya en tiempo suplementario y cuando parec\u00eda que el destino de ambos equipos pend\u00eda de un hilo, Franco Pulicastro apareci\u00f3 con un cabezazo que puso a Talleres nuevamente en ventaja. As\u00ed, el conjunto dirigido por Mario G\u00f3mez celebr\u00f3 la permanencia, mientras que La Crema descendi\u00f3 al Federal A, poniendo fin a su etapa en la segunda divisi\u00f3n del f\u00fatbol argentino.<\/p>\n<p>La \u00faltima vez que Rafaela hab\u00eda disputado el ahora conocido como Torneo Federal A fue en la temporada 1988-1989, cuando a\u00fan era llamado Torneo del Interior, en donde se consagr\u00f3 ganador del Zonal Noroeste al vencer en cuartos a Estudiantes de R\u00edo Cuarto por 2 a 1 y 2 a 0, a Laferrere por 4 a 2 en penales en las semifinales -tras igualar 0 a 0 ambos partidos- y en la final al Atl\u00e9tico Ledesma de Jujuy por 3 a 1 y 3 a 0.<\/p>\n<p>Talleres tuvo este a\u00f1o una muy buena presentaci\u00f3n en la Copa Argentina, en la que lleg\u00f3 hasta los cuartos de final luego de eliminar sucesivamente a Instituto, Racing y Banfield. Luego, lo venci\u00f3 Hurac\u00e1n. <strong>(VW)<\/strong><\/p>\n<p>&nbsp;<\/p>\n","protected":false},"excerpt":{"rendered":"<p>Fue en el alargue y se mantuvo en la Primera Nacional. El equipo de Remedios de Escalada se impuso por 2-1 en Jun\u00edn, y as\u00ed logr\u00f3 la permanencia en la Primera Nacional. \u00abLa Crema\u00bb&#46;&#46;&#46;<\/p>\n","protected":false},"author":4,"featured_media":16437,"comment_status":"closed","ping_status":"closed","sticky":false,"template":"","format":"standard","meta":{"_monsterinsights_skip_tracking":false,"_monsterinsights_sitenote_active":false,"_monsterinsights_sitenote_note":"","_monsterinsights_sitenote_category":0,"footnotes":""},"categories":[8],"tags":[6954,6953,4559],"class_list":["post-16436","post","type-post","status-publish","format-standard","has-post-thumbnail","hentry","category-interes-general","tag-permanencia-en-el-nacional-b","tag-rafaela","tag-talleres-de-remedios-de-escalada"],"_links":{"self":[{"href":"https:\/\/www.visionweb.com.ar\/index.php?rest_route=\/wp\/v2\/posts\/16436","targetHints":{"allow":["GET"]}}],"collection":[{"href":"https:\/\/www.visionweb.com.ar\/index.php?rest_route=\/wp\/v2\/posts"}],"about":[{"href":"https:\/\/www.visionweb.com.ar\/index.php?rest_route=\/wp\/v2\/types\/post"}],"author":[{"embeddable":true,"href":"https:\/\/www.visionweb.com.ar\/index.php?rest_route=\/wp\/v2\/users\/4"}],"replies":[{"embeddable":true,"href":"https:\/\/www.visionweb.com.ar\/index.php?rest_route=%2Fwp%2Fv2%2Fcomments&post=16436"}],"version-history":[{"count":2,"href":"https:\/\/www.visionweb.com.ar\/index.php?rest_route=\/wp\/v2\/posts\/16436\/revisions"}],"predecessor-version":[{"id":16439,"href":"https:\/\/www.visionweb.com.ar\/index.php?rest_route=\/wp\/v2\/posts\/16436\/revisions\/16439"}],"wp:featuredmedia":[{"embeddable":true,"href":"https:\/\/www.visionweb.com.ar\/index.php?rest_route=\/wp\/v2\/media\/16437"}],"wp:attachment":[{"href":"https:\/\/www.visionweb.com.ar\/index.php?rest_route=%2Fwp%2Fv2%2Fmedia&parent=16436"}],"wp:term":[{"taxonomy":"category","embeddable":true,"href":"https:\/\/www.visionweb.com.ar\/index.php?rest_route=%2Fwp%2Fv2%2Fcategories&post=16436"},{"taxonomy":"post_tag","embeddable":true,"href":"https:\/\/www.visionweb.com.ar\/index.php?rest_route=%2Fwp%2Fv2%2Ftags&post=16436"}],"curies":[{"name":"wp","href":"https:\/\/api.w.org\/{rel}","templated":true}]}}