{"id":16430,"date":"2024-11-14T11:49:55","date_gmt":"2024-11-14T14:49:55","guid":{"rendered":"https:\/\/www.visionweb.com.ar\/?p=16430"},"modified":"2024-11-14T11:49:55","modified_gmt":"2024-11-14T14:49:55","slug":"legislatura-bonaerense-asumio-en-diputados-una-militante-libertaria-en-reemplazo-de-carrancio","status":"publish","type":"post","link":"https:\/\/www.visionweb.com.ar\/?p=16430","title":{"rendered":"Legislatura bonaerense: Asumi\u00f3 en diputados una militante libertaria en reemplazo de Carrancio"},"content":{"rendered":"<p><em><strong>Se trata de Geraldine Calvella, que asumi\u00f3 luego de que Alejandro Carrancio dej\u00f3 su lugar vacante para trabajar en Turismo. Desde la LLA\u00a0la definieron como \u201cel brazo pol\u00edtico libertario en todas las universidades p\u00fablicas y privadas de la naci\u00f3n\u201d.<\/strong><\/em><!--more--><\/p>\n<p><strong><img loading=\"lazy\" decoding=\"async\" class=\"size-medium wp-image-16431 alignright\" src=\"https:\/\/www.visionweb.com.ar\/wp-content\/uploads\/2024\/11\/nueva-dip-LLA-geraldine-calvella-300x254.png\" alt=\"\" width=\"300\" height=\"254\" srcset=\"https:\/\/www.visionweb.com.ar\/wp-content\/uploads\/2024\/11\/nueva-dip-LLA-geraldine-calvella-300x254.png 300w, https:\/\/www.visionweb.com.ar\/wp-content\/uploads\/2024\/11\/nueva-dip-LLA-geraldine-calvella.png 448w\" sizes=\"auto, (max-width: 300px) 100vw, 300px\" \/>\u00a0\u00a0\u00a0 E<\/strong>n la s\u00e9ptima sesi\u00f3n del a\u00f1o de la\u00a0<strong>C\u00e1mara de Diputados bonaerense<\/strong>, el ahora exlegislador libertario\u00a0<strong>Alejandro<\/strong>\u00a0<strong>Carrancio\u00a0<\/strong>renunci\u00f3 al Parlamento Provincial para pasar a ocupar un <strong>cargo en el Gobierno<\/strong> nacional de\u00a0<strong>Javier Milei<\/strong>, y dej\u00f3 su banca a la joven y flamante diputada de <strong>La Libertad Avanza<\/strong>,\u00a0<strong>Geraldine<\/strong>\u00a0<strong>Calvella<\/strong>.<\/p>\n<p>El ahora ex legislador Carrancio, de la\u00a0<strong>Quinta secci\u00f3n electoral<\/strong>\u00a0de la provincia de Buenos Aires, ser\u00e1 parte del equipo liderado por el secretario de Turismo,\u00a0<strong>Daniel<\/strong>\u00a0<strong>Scioli<\/strong>, en un cargo clave para la promoci\u00f3n internacional de Argentina, inform\u00f3 Diputados Bonaerenses.<\/p>\n<p>En ese sentido, el lugar de\u00a0<strong>Carrancio\u00a0<\/strong>ser\u00e1 ocupado por la militante de ultra derecha\u00a0<a href=\"https:\/\/x.com\/Gericalvella\"><strong>Geraldine<\/strong>\u00a0<strong>Calvella<\/strong><\/a>, que tambi\u00e9n estuvo en la Direcci\u00f3n de Planeamiento y Fiscalizaci\u00f3n de Centros de Documentaci\u00f3n del Registro Nacional de las Personas (<strong>RENAPER<\/strong>) hasta marzo de este a\u00f1o. En su momento, la dirigente de Saladillo y estudiante de Derecho en la Universidad Siglo 21, dej\u00f3 su cargo en medio de presiones por su designaci\u00f3n.<\/p>\n<p>\u201c<strong>Por dios, por la patria y por esta generaci\u00f3n de j\u00f3venes que hemos decidido llevar adelante un nuevo proyecto y construir una Argentina para que vuelva a ser potencia<\/strong>\u201d, declar\u00f3 en la tarde\u00a0de ayer <strong>Geraldine Calvella\u00a0<\/strong>al asumir como legisladora bonaerense.<\/p>\n<p>De esta manera, con sus 24 a\u00f1os\u00a0<strong>Geraldine Calvella se convirti\u00f3 en la diputada m\u00e1s joven de la Legislatura bonaerense<\/strong>, por delante de los tambi\u00e9n libertarios\u00a0<strong>Agust\u00edn Romo\u00a0<\/strong>y\u00a0<strong>Oriana Colugnatti<\/strong>. Justamente, la nueva legisladora tiene un peso en el armado juvenil de\u00a0<strong>La Libertad Avanza<\/strong>\u00a0a nivel provincial.<\/p>\n<p>Carrancio asumir\u00e1 como Coordinador de Productos Tur\u00edsticos del el Instituto Nacional de Promoci\u00f3n Tur\u00edstica\u00a0(<strong>Inprotur<\/strong>). Desde el organismo, con sede en Suipacha, adelantaron que el marplatense trabajar\u00e1 en el desarrollo de estrategias de posicionamiento tur\u00edstico del pa\u00eds en mercados internacionales.<\/p>\n<p>A principios de a\u00f1o, la extitular del\u00a0<strong>RENAPER\u00a0<\/strong>fund\u00f3 la agrupaci\u00f3n \u201c<strong>Crear + Libertad PBA<\/strong>\u201d, que\u00a0se arm\u00f3 para darle voz a los estudiantes cansados del adoctrinamiento. \u201cQueremos devolverles a los estudiantes la libertad para pensar sin presiones ni manipulaciones, que las universidades sean lugares para debatir y aprender sin posiciones ideol\u00f3gicas ni un costo acad\u00e9mico\u201d, expres\u00f3 en su momento\u00a0<strong>Calvella<\/strong>, quien, al igual que el presidente\u00a0<strong>Milei<\/strong>, busca que las casas de altos estudios\u00a0<strong>sean auditadas<\/strong>.<\/p>\n<p>La tambi\u00e9n asesora del titular de La\u00a0<strong>Libertad Avanza<\/strong>\u00a0en el<strong>\u00a0Senado<\/strong>\u00a0<strong>bonaerense<\/strong>,\u00a0<strong>Carlos Curestis<\/strong>, recibi\u00f3 varios respaldos del armador libertario en la provincia de Buenos Aires,\u00a0<strong>Sebasti\u00e1n<\/strong>\u00a0<strong>Pareja<\/strong>, quien la defini\u00f3 como \u201c<strong>el brazo pol\u00edtico libertario en todas las universidades p\u00fablicas y privadas de la naci\u00f3n<\/strong>\u201d.<\/p>\n<p>Su ampl\u00edo prontuario como l\u00edder de la juventud libertaria en la Quinta secci\u00f3n y en las universidades, se condice con lo que muy seguramente sea el\u00a0<strong>primer proyecto que eleve en la Legislatura bonaerense<\/strong>. \u201cVoy a presentar una\u00a0<strong>nota de repudio con lo que est\u00e1 pasando en las universidades<\/strong>, las tomas est\u00e1n provocando que los alumnos no puedan estudiar. Quienes dicen defender la Universidad no la defienden\u201d, enfatiz\u00f3. <strong>(VW)<\/strong><\/p>\n","protected":false},"excerpt":{"rendered":"<p>Se trata de Geraldine Calvella, que asumi\u00f3 luego de que Alejandro Carrancio dej\u00f3 su lugar vacante para trabajar en Turismo. Desde la LLA\u00a0la definieron como \u201cel brazo pol\u00edtico libertario en todas las universidades p\u00fablicas&#46;&#46;&#46;<\/p>\n","protected":false},"author":4,"featured_media":16431,"comment_status":"closed","ping_status":"closed","sticky":false,"template":"","format":"standard","meta":{"_monsterinsights_skip_tracking":false,"_monsterinsights_sitenote_active":false,"_monsterinsights_sitenote_note":"","_monsterinsights_sitenote_category":0,"footnotes":""},"categories":[4],"tags":[2753,6951,6950],"class_list":["post-16430","post","type-post","status-publish","format-standard","has-post-thumbnail","hentry","category-politica","tag-cambios","tag-geraldine-calvella","tag-legisladores-bonaerenses-lla"],"_links":{"self":[{"href":"https:\/\/www.visionweb.com.ar\/index.php?rest_route=\/wp\/v2\/posts\/16430","targetHints":{"allow":["GET"]}}],"collection":[{"href":"https:\/\/www.visionweb.com.ar\/index.php?rest_route=\/wp\/v2\/posts"}],"about":[{"href":"https:\/\/www.visionweb.com.ar\/index.php?rest_route=\/wp\/v2\/types\/post"}],"author":[{"embeddable":true,"href":"https:\/\/www.visionweb.com.ar\/index.php?rest_route=\/wp\/v2\/users\/4"}],"replies":[{"embeddable":true,"href":"https:\/\/www.visionweb.com.ar\/index.php?rest_route=%2Fwp%2Fv2%2Fcomments&post=16430"}],"version-history":[{"count":1,"href":"https:\/\/www.visionweb.com.ar\/index.php?rest_route=\/wp\/v2\/posts\/16430\/revisions"}],"predecessor-version":[{"id":16432,"href":"https:\/\/www.visionweb.com.ar\/index.php?rest_route=\/wp\/v2\/posts\/16430\/revisions\/16432"}],"wp:featuredmedia":[{"embeddable":true,"href":"https:\/\/www.visionweb.com.ar\/index.php?rest_route=\/wp\/v2\/media\/16431"}],"wp:attachment":[{"href":"https:\/\/www.visionweb.com.ar\/index.php?rest_route=%2Fwp%2Fv2%2Fmedia&parent=16430"}],"wp:term":[{"taxonomy":"category","embeddable":true,"href":"https:\/\/www.visionweb.com.ar\/index.php?rest_route=%2Fwp%2Fv2%2Fcategories&post=16430"},{"taxonomy":"post_tag","embeddable":true,"href":"https:\/\/www.visionweb.com.ar\/index.php?rest_route=%2Fwp%2Fv2%2Ftags&post=16430"}],"curies":[{"name":"wp","href":"https:\/\/api.w.org\/{rel}","templated":true}]}}