{"id":16427,"date":"2024-11-14T10:10:16","date_gmt":"2024-11-14T13:10:16","guid":{"rendered":"https:\/\/www.visionweb.com.ar\/?p=16427"},"modified":"2024-11-14T10:10:16","modified_gmt":"2024-11-14T13:10:16","slug":"kicillof-recibio-a-las-dos-cta-unidas","status":"publish","type":"post","link":"https:\/\/www.visionweb.com.ar\/?p=16427","title":{"rendered":"Kicillof recibi\u00f3 a las dos CTA unidas"},"content":{"rendered":"<p><strong><em>Lo hizo junto al ministro de trabajo bonaerense, Walter Correa.<\/em> Las centrales sindicales y las autoridades provinciales analizaron la situaci\u00f3n del empleo y la producci\u00f3n a nivel nacional y en la Provincia.<\/strong> <!--more--><\/p>\n<p><img loading=\"lazy\" decoding=\"async\" class=\"size-medium wp-image-16428 alignright\" src=\"https:\/\/www.visionweb.com.ar\/wp-content\/uploads\/2024\/11\/CTA-KICILLOF-300x195.png\" alt=\"\" width=\"300\" height=\"195\" srcset=\"https:\/\/www.visionweb.com.ar\/wp-content\/uploads\/2024\/11\/CTA-KICILLOF-300x195.png 300w, https:\/\/www.visionweb.com.ar\/wp-content\/uploads\/2024\/11\/CTA-KICILLOF.png 640w\" sizes=\"auto, (max-width: 300px) 100vw, 300px\" \/>El gobernador bonaerense Axel Kicillof y su ministro de Trabajo Walter Correa recibieron en La Plata a las conducciones nacionales y provinciales de las dos CTA (Aut\u00f3noma y De los Trabajadores) para analizar la situaci\u00f3n nacional, la relaci\u00f3n de la provincia con el Gobierno de Javier Milei y la necesidad de reclamar el pago de los fondos que Naci\u00f3n le viene recortando a las provincias.<\/p>\n<p>El apoyo gremial de las CTA a la gesti\u00f3n de Kicillof se cristaliz\u00f3 en una representaci\u00f3n compuesta por los titulares de las dos CTA, Hugo Yasky (secretario General de la CTA-T) y Hugo \u201cCachorro\u201d Godoy (titular de la CTA-A), junto con sus pares de la provincia de Buenos Aires Roberto Baradel (CTA-T) y Oscar de Isasi (CTA-A).<\/p>\n<p>Las centrales sindicales tambi\u00e9n dieron cuenta del proceso de unificaci\u00f3n en el que se encuentran trabajando en los \u00faltimos meses para, seg\u00fan plantearon, reforzar \u201cun plan de lucha contra el gobierno que preside Javier Milei\u201d.<\/p>\n<p>Seg\u00fan el comunicado posterior a la reuni\u00f3n, durante el encuentro tambi\u00e9n \u201cse analiz\u00f3 con profundidad el Presupuesto presentado por el Gobierno nacional, que prioriza el pago de la deuda externa y el d\u00e9ficit cero y que amenaza con restringir a\u00fan m\u00e1s los recursos de las provincias y alienta el escenario de desindustrializaci\u00f3n y pobreza\u201d. En el mismo sentido, se defendieron los fondos para la provincia, que Naci\u00f3n viene recortando.<\/p>\n<p>Las CTA confirmaron la presentaci\u00f3n de dos reclamos a la Secretar\u00eda de Trabajo, uno para exigir una convocatoria inmediata al Consejo del Salario y otra para solicitar a la Corte Suprema de Justicia de la Naci\u00f3n que declare la inconstitucionalidad del decreto 70\/23, a\u00fan en vigencia (salvo en su cap\u00edtulo laboral, impugnado por las centrales sindicales).<\/p>\n<p>Por \u00faltimo, se propuso convocar a una \u201cgran movilizaci\u00f3n\u201d en conjunto con otras organizaciones pol\u00edticas, sindicales o territoriales \u201cpara ponerle freno a las pol\u00edticas del gobierno de Milei\u201d<strong>(VW)<\/strong>.<\/p>\n","protected":false},"excerpt":{"rendered":"<p>Lo hizo junto al ministro de trabajo bonaerense, Walter Correa. Las centrales sindicales y las autoridades provinciales analizaron la situaci\u00f3n del empleo y la producci\u00f3n a nivel nacional y en la Provincia.<\/p>\n","protected":false},"author":3,"featured_media":16428,"comment_status":"closed","ping_status":"closed","sticky":false,"template":"","format":"standard","meta":{"_monsterinsights_skip_tracking":false,"_monsterinsights_sitenote_active":false,"_monsterinsights_sitenote_note":"","_monsterinsights_sitenote_category":0,"footnotes":""},"categories":[4],"tags":[6949,2931,167,5051],"class_list":["post-16427","post","type-post","status-publish","format-standard","has-post-thumbnail","hentry","category-politica","tag-ccta","tag-correa","tag-kicillof","tag-unificacion"],"_links":{"self":[{"href":"https:\/\/www.visionweb.com.ar\/index.php?rest_route=\/wp\/v2\/posts\/16427","targetHints":{"allow":["GET"]}}],"collection":[{"href":"https:\/\/www.visionweb.com.ar\/index.php?rest_route=\/wp\/v2\/posts"}],"about":[{"href":"https:\/\/www.visionweb.com.ar\/index.php?rest_route=\/wp\/v2\/types\/post"}],"author":[{"embeddable":true,"href":"https:\/\/www.visionweb.com.ar\/index.php?rest_route=\/wp\/v2\/users\/3"}],"replies":[{"embeddable":true,"href":"https:\/\/www.visionweb.com.ar\/index.php?rest_route=%2Fwp%2Fv2%2Fcomments&post=16427"}],"version-history":[{"count":1,"href":"https:\/\/www.visionweb.com.ar\/index.php?rest_route=\/wp\/v2\/posts\/16427\/revisions"}],"predecessor-version":[{"id":16429,"href":"https:\/\/www.visionweb.com.ar\/index.php?rest_route=\/wp\/v2\/posts\/16427\/revisions\/16429"}],"wp:featuredmedia":[{"embeddable":true,"href":"https:\/\/www.visionweb.com.ar\/index.php?rest_route=\/wp\/v2\/media\/16428"}],"wp:attachment":[{"href":"https:\/\/www.visionweb.com.ar\/index.php?rest_route=%2Fwp%2Fv2%2Fmedia&parent=16427"}],"wp:term":[{"taxonomy":"category","embeddable":true,"href":"https:\/\/www.visionweb.com.ar\/index.php?rest_route=%2Fwp%2Fv2%2Fcategories&post=16427"},{"taxonomy":"post_tag","embeddable":true,"href":"https:\/\/www.visionweb.com.ar\/index.php?rest_route=%2Fwp%2Fv2%2Ftags&post=16427"}],"curies":[{"name":"wp","href":"https:\/\/api.w.org\/{rel}","templated":true}]}}