{"id":16422,"date":"2024-11-13T14:50:33","date_gmt":"2024-11-13T17:50:33","guid":{"rendered":"https:\/\/www.visionweb.com.ar\/?p=16422"},"modified":"2024-11-13T14:50:33","modified_gmt":"2024-11-13T17:50:33","slug":"provincia-media-sancion-de-diputados-a-la-ley-audiovisual-de-kicillof","status":"publish","type":"post","link":"https:\/\/www.visionweb.com.ar\/?p=16422","title":{"rendered":"Provincia: Media sanci\u00f3n de Diputados a la Ley Audiovisual de Kicillof"},"content":{"rendered":"<p><em><strong>La C\u00e1mara de Diputados bonaerense le dio media sanci\u00f3n al proyecto de ley de promoci\u00f3n y desarrollo de la industria audiovisual, m\u00e1s conocido como Ley Audiovisual.<\/strong><\/em><!--more--><\/p>\n<p><strong>\u00a0\u00a0\u00a0\u00a0 <img loading=\"lazy\" decoding=\"async\" class=\"size-medium wp-image-13883 alignright\" src=\"https:\/\/www.visionweb.com.ar\/wp-content\/uploads\/2024\/03\/diputados-bonaerenses-300x175.png\" alt=\"\" width=\"300\" height=\"175\" srcset=\"https:\/\/www.visionweb.com.ar\/wp-content\/uploads\/2024\/03\/diputados-bonaerenses-300x175.png 300w, https:\/\/www.visionweb.com.ar\/wp-content\/uploads\/2024\/03\/diputados-bonaerenses.png 555w\" sizes=\"auto, (max-width: 300px) 100vw, 300px\" \/>\u00a0\u00a0\u00a0 E<\/strong>n su octava sesi\u00f3n del a\u00f1o y \u00faltima del per\u00edodo ordinario, la\u00a0<strong>C\u00e1mara de Diputados bonaerense<\/strong> dio <strong>media sanci\u00f3n<\/strong> al proyecto de ley de promoci\u00f3n y desarrollo de la industria audiovisual de la provincia de Buenos Aires, m\u00e1s conocido como\u00a0<strong>Ley Audiovisual.<\/strong><\/p>\n<p><strong>Cabe recordar<\/strong>, que el gobernador\u00a0<strong>Axel Kicillof<\/strong>\u00a0present\u00f3 el proyecto en 2023 en la\u00a0<strong>Legislatura,<\/strong> con el objetivo de potenciar el sector cinematogr\u00e1fico provincial, inform\u00f3 Diputados Bonaerenses.<\/p>\n<p>En rigor, la\u00a0<strong>Ley Audiovisual\u00a0<\/strong>fue sancionada gracias a los votos del peronismo y del bloque\u00a0<strong>Acuerdo C\u00edvico UCR-GEN<\/strong>, que acompa\u00f1aron la propuesta enviada por Kicillof luego de que el oficialismo haya hecho lugar a las modificaciones que la legisladora radical\u00a0<strong>Viviana Dirolli\u00a0<\/strong>hab\u00eda exigido durante el tratamiento en la comisi\u00f3n de Asuntos Culturales.<\/p>\n<p>Mientras que el\u00a0<strong>PRO<\/strong>,\u00a0<strong>La Libertad Avanza<\/strong>, los\u00a0<strong>libertarios<\/strong>\u00a0<strong>dialoguistas<\/strong>\u00a0y la\u00a0<strong>bancada radical oficialista<\/strong>\u00a0votaron en contra de la iniciativa, al considerar que el Gobierno provincial no debe gastar presupuesto en un fondo para el sector del cine, en un momento de recesi\u00f3n econ\u00f3mica.<\/p>\n<p>\u201cEste proyecto de ley se construy\u00f3 sobre la base de 49 anteproyectos y con un enriquecedor debate entre el Poder Ejecutivo, directores, asociaciones, artistas, universidades y el Foro Audiovisual de la\u00a0<strong>provincia de Buenos Aires<\/strong>. Esta ley declara a la actividad audiovisual como productiva, de transformaci\u00f3n y con valor estrat\u00e9gico, y pone el acento en el patrimonio cultural de la provincia de Buenos Aires\u201d, explic\u00f3 la\u00a0<strong>diputada de La C\u00e1mpora y expositora del proyecto<\/strong>,\u00a0<strong>Margarita Recalde<\/strong>.<\/p>\n<p>Vale aclarar que, la\u00a0<strong>Ley Audiovisual<\/strong>\u00a0de\u00a0<strong>Kicillof\u00a0<\/strong>qued\u00f3 en condiciones de ser tratada en el recinto apenas el pasado lunes, cuando las comisiones de\u00a0<strong>Presupuesto e Impuestos\u00a0<\/strong>y de<strong>\u00a0Asuntos Constitucionales y Justicia<\/strong>\u00a0le dieron el \u00faltimo dictamen favorable que le faltaba.<\/p>\n<p>En concreto, la\u00a0<strong>Ley Audiovisual<\/strong>\u00a0de\u00a0<strong>Kicillof<\/strong>\u00a0propone la creaci\u00f3n de\u00a0<strong>un fondo de fomento a la producci\u00f3n audiovisual de $675 millones<\/strong>, que se actualizar\u00e1 a\u00f1o a a\u00f1o por la ley de Presupuesto bonaerense, en funci\u00f3n de la variaci\u00f3n del valor de entradas promedio de cine establecido por el Instituto Nacional de Cine y Artes Audiovisuales (<strong>INCAA<\/strong>).<\/p>\n<p>Para la administraci\u00f3n del fondo de fomento, el proyecto crea el Consejo provincial regional, un \u201c<strong>INCAA<\/strong>\u00a0<strong>bonaerense<\/strong>\u201d integrado por representantes de universidades, sindicatos, asociaciones audiovisuales y referentes regionales del sector audiovisual, que deber\u00e1n velar por una distribuci\u00f3n transparente, inclusiva y equitativa de las partidas que destine el Ejecutivo en los presupuestos que sanciona la\u00a0<strong>Legislatura<\/strong>.<\/p>\n<p>\u201cEl fondo estrat\u00e9gico se va a dotar del consumo, de los trabajadores y trabajadoras, porque se va a proyectar en funci\u00f3n de la venta de entradas, entonces los legisladores y legisladoras de todos los bloques que tienen representatividad a nivel nacional tenemos una tarea, que es trabajar para defender y para volver a darle dignidad al salario de los trabajadores. Porque es la \u00fanica forma de reactivar el consumo en Argentina\u201d, defini\u00f3\u00a0<strong>Recalde<\/strong>.<\/p>\n<p><strong>Los cambios que Dirolli consigui\u00f3 introducir en la Ley Audiovisual<\/strong><\/p>\n<p>Durante su tratamiento en comisiones, pese a superar todos los cuerpos parlamentarios necesarios para llegar a la C\u00e1mara baja, la\u00a0<strong>Ley Audiovisual\u00a0<\/strong>cosech\u00f3 sendos cuestionamientos de la oposici\u00f3n, como el de la diputada\u00a0<strong>Dirolli<\/strong>.<\/p>\n<p>Si bien la legisladora valor\u00f3 la normativa, tambi\u00e9n pidi\u00f3 modificarla para incorporar al\u00a0<strong>sector privado<\/strong>, fortalecer la\u00a0<strong>transparencia\u00a0<\/strong>y el\u00a0<strong>acceso<\/strong>\u00a0<strong>equitativo\u00a0<\/strong>a los beneficios, y para garantizar la\u00a0<strong>participaci\u00f3n activa\u00a0<\/strong>de los actores del sector en la toma de decisiones.<\/p>\n<p>Por eso, el peronismo tuvo que acceder a los cambios que propuso\u00a0<strong>Dirolli\u00a0<\/strong>para que salga a la luz, como la creaci\u00f3n de un\u00a0<strong>programa de incentivos<\/strong>\u00a0para atraer inversiones tanto nacionales como extranjeras, que incluyen reintegros de hasta un\u00a0<strong>40% del total de la inyecci\u00f3n<\/strong>. Para tener estos beneficios, las firmas deber\u00e1n\u00a0<strong>colaborar obligatoriamente con empresas radicadas en la provincia de Buenos Aires<\/strong>, con el fin de generar empleo local y desarrollar la industria audiovisual regional.<\/p>\n<p>Tambi\u00e9n,\u00a0<strong>Dirolli\u00a0<\/strong>establece una serie de pautas necesarias para obtener financiamiento del\u00a0<strong>Fondo de Fomento y Promoci\u00f3n Audiovisual<\/strong>, como tener una residencia de por lo menos dos a\u00f1os en la provincia de Buenos Aires y que el\u00a0<strong>51% del personal de cada productora este compuesto por bonaerenses o residentes<\/strong>.<\/p>\n<p>Otra de las cuestiones que remarca\u00a0<strong>Dirolli\u00a0<\/strong>sobre la\u00a0<strong>ley<\/strong>\u00a0<strong>audiovisual<\/strong>\u00a0de\u00a0<strong>Kicillof<\/strong>, es que este fondo no podr\u00e1 ser utilizado bajo ning\u00fan punto de vista para \u201c<strong>crear nuevos cargos o estructuras administrativas<\/strong>\u201d. Adem\u00e1s, la legisladora de la oposici\u00f3n establece un\u00a0<strong>r\u00e9gimen de sanciones<\/strong>\u00a0para quienes incumplan con los requisitos del fondo o desv\u00eden estos recursos otorgados.<\/p>\n<p><strong>Las claves de la ley audiovisual<\/strong><\/p>\n<ul>\n<li><strong>Fondo de fomento a la producci\u00f3n audiovisual<\/strong>: dispone de una partida de\u00a0<strong>$675 millones<\/strong>, que se actualizar\u00e1 por la ley de Presupuesto bonaerense.<\/li>\n<li><strong>Consejo provincial regional<\/strong>: el \u201c<strong>INCAA bonaerense<\/strong>\u201d est\u00e1 integrado por representantes de universidades, sindicatos, asociaciones audiovisuales y referentes regionales del sector audiovisual. El objetivo es garantizar la distribuci\u00f3n transparente, inclusiva y equitativa del\u00a0<strong>fondo de fomento<\/strong>.<\/li>\n<li><strong>Registro \u00fanico de la actividad audiovisual bonaerense<\/strong>: re\u00fane a todos los trabajadores y trabajadoras de la cadena de valor y ser\u00e1 requisito necesario para acceder a los beneficios de la normativa.<\/li>\n<li><strong>Apoyo a festivales regionales de cine bonaerenses<\/strong>: propicia la creaci\u00f3n de nuevas audiencias y en la promoci\u00f3n de pantallas de exhibici\u00f3n.<\/li>\n<li><strong>Creaci\u00f3n de una red de salas de cine bonaerense<\/strong>: busca abrir nuevas v\u00edas de exhibici\u00f3n y distribuci\u00f3n de films para los autores.<\/li>\n<li><strong>Archivo Audiovisual Bonaerense<\/strong>: est\u00e1 apuntado en la investigaci\u00f3n, conservaci\u00f3n, digitalizaci\u00f3n, protecci\u00f3n de las producciones regionales y apoyo al cine comunitario.<\/li>\n<li><strong>Plataforma Audiovisual BaFilma<\/strong>: propone la creaci\u00f3n de la herramienta con el objeto de promover las pel\u00edculas bonaerenses y digitalizar el cat\u00e1logo de locaciones. <strong>(VW)<\/strong><\/li>\n<\/ul>\n","protected":false},"excerpt":{"rendered":"<p>La C\u00e1mara de Diputados bonaerense le dio media sanci\u00f3n al proyecto de ley de promoci\u00f3n y desarrollo de la industria audiovisual, m\u00e1s conocido como Ley Audiovisual.<\/p>\n","protected":false},"author":4,"featured_media":13883,"comment_status":"closed","ping_status":"closed","sticky":false,"template":"","format":"standard","meta":{"_monsterinsights_skip_tracking":false,"_monsterinsights_sitenote_active":false,"_monsterinsights_sitenote_note":"","_monsterinsights_sitenote_category":0,"footnotes":""},"categories":[4],"tags":[6944,167,6943,6945],"class_list":["post-16422","post","type-post","status-publish","format-standard","has-post-thumbnail","hentry","category-politica","tag-dirolli","tag-kicillof","tag-ley-audiovisual","tag-media-sancion-diputados"],"_links":{"self":[{"href":"https:\/\/www.visionweb.com.ar\/index.php?rest_route=\/wp\/v2\/posts\/16422","targetHints":{"allow":["GET"]}}],"collection":[{"href":"https:\/\/www.visionweb.com.ar\/index.php?rest_route=\/wp\/v2\/posts"}],"about":[{"href":"https:\/\/www.visionweb.com.ar\/index.php?rest_route=\/wp\/v2\/types\/post"}],"author":[{"embeddable":true,"href":"https:\/\/www.visionweb.com.ar\/index.php?rest_route=\/wp\/v2\/users\/4"}],"replies":[{"embeddable":true,"href":"https:\/\/www.visionweb.com.ar\/index.php?rest_route=%2Fwp%2Fv2%2Fcomments&post=16422"}],"version-history":[{"count":1,"href":"https:\/\/www.visionweb.com.ar\/index.php?rest_route=\/wp\/v2\/posts\/16422\/revisions"}],"predecessor-version":[{"id":16423,"href":"https:\/\/www.visionweb.com.ar\/index.php?rest_route=\/wp\/v2\/posts\/16422\/revisions\/16423"}],"wp:featuredmedia":[{"embeddable":true,"href":"https:\/\/www.visionweb.com.ar\/index.php?rest_route=\/wp\/v2\/media\/13883"}],"wp:attachment":[{"href":"https:\/\/www.visionweb.com.ar\/index.php?rest_route=%2Fwp%2Fv2%2Fmedia&parent=16422"}],"wp:term":[{"taxonomy":"category","embeddable":true,"href":"https:\/\/www.visionweb.com.ar\/index.php?rest_route=%2Fwp%2Fv2%2Fcategories&post=16422"},{"taxonomy":"post_tag","embeddable":true,"href":"https:\/\/www.visionweb.com.ar\/index.php?rest_route=%2Fwp%2Fv2%2Ftags&post=16422"}],"curies":[{"name":"wp","href":"https:\/\/api.w.org\/{rel}","templated":true}]}}