{"id":16419,"date":"2024-11-13T14:37:59","date_gmt":"2024-11-13T17:37:59","guid":{"rendered":"https:\/\/www.visionweb.com.ar\/?p=16419"},"modified":"2024-11-13T14:37:59","modified_gmt":"2024-11-13T17:37:59","slug":"libros-de-la-polemica-diputados-libertarios-pidieron-la-renuncia-de-sileoni","status":"publish","type":"post","link":"https:\/\/www.visionweb.com.ar\/?p=16419","title":{"rendered":"Libros de la pol\u00e9mica: Diputados libertarios pidieron la renuncia de Sileoni"},"content":{"rendered":"<p><em><strong>Se trata de los libros de ESI distribuidos por Sileoni en escuelas secundarias. Diputados libertarios llevaron el tema a la Legislatura y pidieron la renuncia del titular de Educaci\u00f3n bonaerense. \u201cKicillof deber\u00eda echarlo\u201d, dijeron.<\/strong><\/em><!--more--><\/p>\n<p><strong>\u00a0\u00a0 <img loading=\"lazy\" decoding=\"async\" class=\"size-full wp-image-7103 alignright\" src=\"https:\/\/www.visionweb.com.ar\/wp-content\/uploads\/2022\/09\/Sileoni-3.bmp\" alt=\"\" width=\"636\" height=\"373\" \/>\u00a0\u00a0\u00a0 D<\/strong>urante la \u00faltima sesi\u00f3n de la\u00a0<strong>C\u00e1mara baja de la provincia de Buenos Aires<\/strong>\u00a0que tuvo lugar ayer martes, un grupo de\u00a0<strong>diputados libertarios\u00a0<\/strong>se pronunciaron sobre la pol\u00e9mica por los libros de literatura distribuidos en escuelas secundarias a trav\u00e9s del programa \u201c<strong><a href=\"https:\/\/continuemosestudiando.abc.gob.ar\/tag\/identidades-bonaerenses\/\">Identidades Bonaerenses<\/a><\/strong>\u201d, a causa de su contenido sexual \u201cexpl\u00edcito con escenas de violencia\u201d y pidieron una pronta intervenci\u00f3n del\u00a0<strong>Gobierno bonaerense<\/strong>.<\/p>\n<p>En ese contexto, el\u00a0<strong>presidente del bloque de La Libertad Avanza\u00a0<\/strong>(<strong>LLA<\/strong>),<strong>\u00a0<\/strong><strong><a href=\"https:\/\/diputadosbsas.com.ar\/tag\/agustin-romo\/\">Agust\u00edn Romo<\/a><\/strong>, y su par del unibloque\u00a0<strong>Libre<\/strong>,\u00a0<strong>Guillermo Castello<\/strong>, manifestaron su malestar por la falta de tratamiento a los proyectos que presentaron ambos espacios en pos de que el\u00a0<strong>Ejecutivo bonaerense\u00a0<\/strong>de explicaciones sobre los libros distribuidos en las escuelas de la\u00a0provincia de Buenos Aires, inform\u00f3 Diputados Bonaerenses.<\/p>\n<p>\u201cSi no renuncia (el\u00a0<strong>Director de Cultura y Educaci\u00f3n<\/strong>,\u00a0<strong>Alberto Sileoni<\/strong>), el\u00a0<strong>gobernador (de la provincia de Buenos Aires, Axel) Kicillof<\/strong>\u00a0<strong>deber\u00eda echarlo,<\/strong> porque si no ser\u00eda c\u00f3mplice de algo que para m\u00ed me parece profundamente, pero profundamente degenerado\u201d, fustig\u00f3 Romo, y aclar\u00f3 que desde\u00a0<strong>La Libertad Avanza<\/strong>\u00a0est\u00e1n <strong>a favor de la educaci\u00f3n sexual \u201csiempre en un marco cient\u00edfico\u201d<\/strong>.<\/p>\n<p>En este sentido, el\u00a0<strong>diputado bonaerense\u00a0<\/strong>agreg\u00f3 que en la actualidad, la\u00a0<strong>Direcci\u00f3n de Cultura y Educaci\u00f3n<\/strong>\u00a0incluye en el \u201c\u00edtem integral, cuestiones que nada tienen que ver con la ciencia, como por ejemplo, que hay 3 millones de g\u00e9neros, que una persona puede cambiar de sexo, algo que es imposible biol\u00f3gicamente\u201d.<\/p>\n<p>Vale precisar que, los diputados que integran el\u00a0<strong>bloque de La Libertad Avanza<\/strong>\u00a0en la\u00a0<strong>C\u00e1mara baja<\/strong>\u00a0<strong>bonaerense<\/strong>\u00a0presentaron un pedido de informes dirigido a la\u00a0<strong>Direcci\u00f3n de Cultura y Educaci\u00f3n<\/strong>\u00a0en el que reclamaron conocer los <strong>fundamentos pedag\u00f3gicos<\/strong> de la inclusi\u00f3n de algunos t\u00edtulos en los libros distribuidos en bibliotecas de gesti\u00f3n estatal del nivel secundario en el marco de la\u00a0<strong>Ley de<\/strong>\u00a0<strong>Educaci\u00f3n Sexual Integral<\/strong>\u00a0(<strong>ESI<\/strong>).<\/p>\n<p>Momentos antes de la participaci\u00f3n de\u00a0<strong>Romo<\/strong>, otro de los legisladores que se hizo eco de la controversia desatada por los libros de\u00a0<strong>ESI<\/strong>, fue\u00a0<strong>Guillermo Castello\u00a0<\/strong>que elev\u00f3 un pedido de informes para que\u00a0<strong>Sileoni<\/strong>\u00a0explique quienes fueron los funcionarios que aprobaron la distribuci\u00f3n de los materiales y cu\u00e1l fue el criterio de selecci\u00f3n de los mismos.<\/p>\n<p><img loading=\"lazy\" decoding=\"async\" class=\"size-medium wp-image-16420 alignleft\" src=\"https:\/\/www.visionweb.com.ar\/wp-content\/uploads\/2024\/11\/libros-ESI-polemica-pba-300x119.png\" alt=\"\" width=\"300\" height=\"119\" srcset=\"https:\/\/www.visionweb.com.ar\/wp-content\/uploads\/2024\/11\/libros-ESI-polemica-pba-300x119.png 300w, https:\/\/www.visionweb.com.ar\/wp-content\/uploads\/2024\/11\/libros-ESI-polemica-pba.png 572w\" sizes=\"auto, (max-width: 300px) 100vw, 300px\" \/>\u201cEsto<strong> est\u00e1 en las bibliotecas de las escuelas, est\u00e1 en las bibliotecas populares y est\u00e1 financiado y distribuido por el Gobierno de la Provincia<\/strong>, entonces a m\u00ed me surgen un mont\u00f3n de preguntas.\u00a0<strong>Es una pena que el resto de los diputados no acompa\u00f1e porque las preguntas est\u00e1n y nadie las responde<\/strong>\u201d, lanz\u00f3\u00a0<strong>Castello<\/strong>\u00a0en relaci\u00f3n a la negativa de los\u00a0<strong>legisladores\u00a0<\/strong>por dar lugar al proyecto presentado por el ala libertaria.<\/p>\n<p>Seg\u00fan\u00a0<strong>Castello<\/strong>, hay que cuestionar si la lectura de estos materiales afectan el desarrollo de una sexualidad saludable o interfieren en el proceso de elecci\u00f3n sobre aspectos de identidad y conducta sexual en los adolescentes, y afirm\u00f3 que\u00a0<strong>Sileoni\u00a0<\/strong>\u201cnaturaliza\u201d la circulaci\u00f3n contenidos en declaraciones p\u00fablicas, justific\u00e1ndolos como \u201cescenas pedag\u00f3gicas\u201d y \u201cacciones educativas\u201d que, seg\u00fan el legislador libertario, se presentan de manera trivial.<\/p>\n<p>Para el diputado, existe una \u201cfijaci\u00f3n\u201d\u00a0<strong>Sileoni\u00a0<\/strong>con la educaci\u00f3n sexual, mientras que aspectos cr\u00edticos del aprendizaje, como lengua y matem\u00e1tica, quedan relegados en un segundo plano.<\/p>\n<p>Finalmente, el\u00a0<strong>titular del monobloque libertario<\/strong>, lanz\u00f3 una dura acusaci\u00f3n y una interpelaci\u00f3n a los dem\u00e1s\u00a0<strong>diputados\u00a0<\/strong>presentes en el recinto legislativo. \u201cYo me pregunto si no es una forma de corrupci\u00f3n de menores lo que est\u00e1 haciendo el\u00a0<strong>Gobierno\u00a0<\/strong>en cabeza del\u00a0<strong>Ministro de Educaci\u00f3n<\/strong>\u00a0y le pregunto al resto de los colegas\u00a0<strong>\u00bfUstedes les comprar\u00edan estos libros a sus hijos? Me pregunto por qu\u00e9 se lo estamos tratando de imponer al resto de los padres y al resto de los chicos de la provincia de Buenos Aires<\/strong>\u201d.<\/p>\n<p>La semana pasada,\u00a0<strong>integrantes del bloque de La Libertad Avanza<\/strong>\u00a0(<strong>LLA<\/strong>) presentaron un pedido de informes a la\u00a0<strong>Direcci\u00f3n de Cultura y Educaci\u00f3n<\/strong>, dirigida por\u00a0<strong>Alberto Sileoni<\/strong>\u00a0con el objetivo de conocer los fundamentos pedag\u00f3gicos de la inclusi\u00f3n de ciertos t\u00edtulos en los libros distribuidos en bibliotecas de gesti\u00f3n estatal en las escuelas secundarias.<\/p>\n<p>En particular, los\u00a0<strong>diputados<\/strong>\u00a0demandaron detalles sobre si se realizaron estudios de impacto pedag\u00f3gico, psicol\u00f3gico o social relacionados con las obras seleccionadas para el programa \u201c<strong>Identidades Bonaerenses<\/strong>\u201d, adem\u00e1s de consultar a expertos en psicopedagog\u00eda y psicolog\u00eda infantil.<\/p>\n<p>Asimismo, los\u00a0<strong>legisladores libertarios<\/strong>\u00a0requirieron que se detalle en qu\u00e9 establecimientos educativos se distribuyeron los textos del programa y si se brindaron capacitaciones o gu\u00edas espec\u00edficas a los docentes para tratar los temas sensibles incluidos en los libros. En los fundamentos del proyecto, se\u00f1alaron que algunos de los textos seleccionados, como\u00a0<em>Las Primas<\/em>\u00a0y\u00a0<em>Si no fueras tan ni\u00f1a<\/em>, han sido cuestionados por su enfoque y contenido expl\u00edcito \u00a0que podr\u00edan afectar la salud emocional de los estudiantes si no se contextualizan ni se supervisan adecuadamente.<\/p>\n<p>Adem\u00e1s, el\u00a0<strong>bloque UCR + Cambio Federal<\/strong>\u00a0present\u00f3 un pedido similar, solicitando al\u00a0<strong>Ejecutivo bonaerense<\/strong>\u00a0que aclare los detalles administrativos de la distribuci\u00f3n de los libros con contenido expl\u00edcito, a la vez que pidieron conocer la gu\u00eda educativa asociada.<\/p>\n<p>El\u00a0<strong>bloque radical<\/strong>\u00a0tambi\u00e9n destac\u00f3 la importancia de la educaci\u00f3n sexual integral, pero cuestion\u00f3 si los materiales seleccionados, que incluyen escenas de sexo expl\u00edcito y lenguaje fuerte, son adecuados para los estudiantes. Los\u00a0<strong>legisladores<\/strong>\u00a0argumentaron que, dada la trascendencia del tema, es necesario un an\u00e1lisis m\u00e1s detallado sobre la pertinencia de estos libros en el \u00e1mbito escolar. Este reclamo se suma al de las bancadas del\u00a0<strong>PRO<\/strong>,\u00a0<strong>Libre<\/strong>\u00a0y\u00a0<strong>LLA<\/strong>, que tambi\u00e9n exigen explicaciones sobre la inclusi\u00f3n de los t\u00edtulos en el programa educativo.<\/p>\n<p>Finalmente, el debate sobre el contenido de los libros tom\u00f3 un giro m\u00e1s pol\u00e9mico cuando se mencionaron las novelas\u00a0<strong><em>Cometierra<\/em><\/strong>\u00a0de\u00a0<strong>Dolores Reyes<\/strong>\u00a0y\u00a0<strong><em>Las aventuras de la China Iron<\/em><\/strong>\u00a0de\u00a0<strong>Gabriela Cabez\u00f3n C\u00e1mara<\/strong>, que incluyen descripciones expl\u00edcitas de sexo. La cartera de\u00a0<strong>Educaci\u00f3n<\/strong>, a cargo de\u00a0<strong>Alberto Sileoni<\/strong>, defendi\u00f3 el programa, explicando que la colecci\u00f3n busca transformar la lectura en una ocasi\u00f3n de reflexi\u00f3n colectiva.<\/p>\n<p>Seg\u00fan el\u00a0<strong>funcionario de Kicillof<\/strong>, los libros incluyen gu\u00edas detalladas y est\u00e1n dirigidos a estudiantes de diferentes edades, con sugerencias y acompa\u00f1amiento docente para abordar las tem\u00e1ticas complejas de forma responsable. <strong>(VW)<\/strong><\/p>\n","protected":false},"excerpt":{"rendered":"<p>Se trata de los libros de ESI distribuidos por Sileoni en escuelas secundarias. Diputados libertarios llevaron el tema a la Legislatura y pidieron la renuncia del titular de Educaci\u00f3n bonaerense. \u201cKicillof deber\u00eda echarlo\u201d, dijeron.<\/p>\n","protected":false},"author":4,"featured_media":7103,"comment_status":"closed","ping_status":"closed","sticky":false,"template":"","format":"standard","meta":{"_monsterinsights_skip_tracking":false,"_monsterinsights_sitenote_active":false,"_monsterinsights_sitenote_note":"","_monsterinsights_sitenote_category":0,"footnotes":""},"categories":[7,4],"tags":[6941,6942,356,2160],"class_list":["post-16419","post","type-post","status-publish","format-standard","has-post-thumbnail","hentry","category-educacion-y-cultura","category-politica","tag-libro-esi","tag-polemica-en-diputados","tag-provincia","tag-sileoni"],"_links":{"self":[{"href":"https:\/\/www.visionweb.com.ar\/index.php?rest_route=\/wp\/v2\/posts\/16419","targetHints":{"allow":["GET"]}}],"collection":[{"href":"https:\/\/www.visionweb.com.ar\/index.php?rest_route=\/wp\/v2\/posts"}],"about":[{"href":"https:\/\/www.visionweb.com.ar\/index.php?rest_route=\/wp\/v2\/types\/post"}],"author":[{"embeddable":true,"href":"https:\/\/www.visionweb.com.ar\/index.php?rest_route=\/wp\/v2\/users\/4"}],"replies":[{"embeddable":true,"href":"https:\/\/www.visionweb.com.ar\/index.php?rest_route=%2Fwp%2Fv2%2Fcomments&post=16419"}],"version-history":[{"count":1,"href":"https:\/\/www.visionweb.com.ar\/index.php?rest_route=\/wp\/v2\/posts\/16419\/revisions"}],"predecessor-version":[{"id":16421,"href":"https:\/\/www.visionweb.com.ar\/index.php?rest_route=\/wp\/v2\/posts\/16419\/revisions\/16421"}],"wp:featuredmedia":[{"embeddable":true,"href":"https:\/\/www.visionweb.com.ar\/index.php?rest_route=\/wp\/v2\/media\/7103"}],"wp:attachment":[{"href":"https:\/\/www.visionweb.com.ar\/index.php?rest_route=%2Fwp%2Fv2%2Fmedia&parent=16419"}],"wp:term":[{"taxonomy":"category","embeddable":true,"href":"https:\/\/www.visionweb.com.ar\/index.php?rest_route=%2Fwp%2Fv2%2Fcategories&post=16419"},{"taxonomy":"post_tag","embeddable":true,"href":"https:\/\/www.visionweb.com.ar\/index.php?rest_route=%2Fwp%2Fv2%2Ftags&post=16419"}],"curies":[{"name":"wp","href":"https:\/\/api.w.org\/{rel}","templated":true}]}}