{"id":16417,"date":"2024-11-13T14:24:15","date_gmt":"2024-11-13T17:24:15","guid":{"rendered":"https:\/\/www.visionweb.com.ar\/?p=16417"},"modified":"2024-11-13T14:24:15","modified_gmt":"2024-11-13T17:24:15","slug":"vuelos-complicados-los-controladores-aereos-anunciaron-cuatro-dias-de-paro","status":"publish","type":"post","link":"https:\/\/www.visionweb.com.ar\/?p=16417","title":{"rendered":"Vuelos complicados: Los controladores a\u00e9reos anunciaron cuatro d\u00edas de paro"},"content":{"rendered":"<p><em><strong>ATEPSA realizar\u00e1 medidas el s\u00e1bado 16, el lunes 18, mi\u00e9rcoles 20 y viernes 22, que afectar\u00e1n el despegue de aviones en todos los aeropuertos del pa\u00eds. Aunque no involucrar\u00e1 las operaciones que se declaren en emergencia.<\/strong><\/em><!--more--><\/p>\n<p><strong>\u00a0 <img loading=\"lazy\" decoding=\"async\" class=\"size-medium wp-image-9560 alignright\" src=\"https:\/\/www.visionweb.com.ar\/wp-content\/uploads\/2023\/02\/aeropuerto-300x145.jpg\" alt=\"\" width=\"300\" height=\"145\" srcset=\"https:\/\/www.visionweb.com.ar\/wp-content\/uploads\/2023\/02\/aeropuerto-300x145.jpg 300w, https:\/\/www.visionweb.com.ar\/wp-content\/uploads\/2023\/02\/aeropuerto.bmp 473w\" sizes=\"auto, (max-width: 300px) 100vw, 300px\" \/>\u00a0\u00a0 L<\/strong>a\u00a0<strong>Asociaci\u00f3n T\u00e9cnicos y Empleados de Protecci\u00f3n y Seguridad a la Aeronavegaci\u00f3n<\/strong>\u00a0(Atepsa), que nuclea a los controladores a\u00e9reos, anunci\u00f3 en horas de la tarde del martes, nuevas medidas de fuerza que comenzar\u00e1n el s\u00e1bado y se prolongar\u00e1n durante noviembre.<\/p>\n<p>La medida de acci\u00f3n sindical afectar\u00e1 el despegue de aviones en todos los aeropuertos del pa\u00eds. Hasta ahora,<strong>\u00a0anunciaron medidas para el s\u00e1bado 16, el lunes 18, mi\u00e9rcoles 20 y viernes 22<\/strong>.<\/p>\n<p>Los trabajadores de la Empresa Argentina de Navegaci\u00f3n A\u00e9rea (EANA) representados por el sindicato aseguraron que ejercer\u00e1n su \u201c<strong>leg\u00edtimo derecho constitucional a huelga respetando y garantizando el porcentaje previsto en la reglamentaci\u00f3n vigente\u201d.<\/strong><\/p>\n<p><strong>Esto se relaciona con la declaraci\u00f3n de la aviaci\u00f3n civil y comercial como un servicio esencial por parte del Gobierno<\/strong>, que requiere que durante las medidas de fuerza haya un porcentaje del personal presente para la realizaci\u00f3n de guardias m\u00ednimas.<\/p>\n<p>La medida a<strong>fectar\u00e1 las autorizaciones en tierra y, adem\u00e1s, no recibir\u00e1n planes de vuelo en el horario que afecte la medid<\/strong>a.<\/p>\n<p>En paralelo, desde Atepsa aclararon que la medida\u00a0<strong>no afectar\u00e1 las operaciones de aeronaves que eventualmente se declaren en emergenci<\/strong>a, como las relaciones con servicios sanitarios, traslado de \u00f3rganos, humanitarios, de Estado y\/o b\u00fasqueda y salvamento. <strong>(VW)<\/strong><\/p>\n","protected":false},"excerpt":{"rendered":"<p>ATEPSA realizar\u00e1 medidas el s\u00e1bado 16, el lunes 18, mi\u00e9rcoles 20 y viernes 22, que afectar\u00e1n el despegue de aviones en todos los aeropuertos del pa\u00eds. Aunque no involucrar\u00e1 las operaciones que se declaren&#46;&#46;&#46;<\/p>\n","protected":false},"author":4,"featured_media":9560,"comment_status":"closed","ping_status":"closed","sticky":false,"template":"","format":"standard","meta":{"_monsterinsights_skip_tracking":false,"_monsterinsights_sitenote_active":false,"_monsterinsights_sitenote_note":"","_monsterinsights_sitenote_category":0,"footnotes":""},"categories":[4,5],"tags":[6193,6192,6940],"class_list":["post-16417","post","type-post","status-publish","format-standard","has-post-thumbnail","hentry","category-politica","category-sociedad","tag-atepsa","tag-controladores-aereos","tag-paros-en-noveimbre"],"_links":{"self":[{"href":"https:\/\/www.visionweb.com.ar\/index.php?rest_route=\/wp\/v2\/posts\/16417","targetHints":{"allow":["GET"]}}],"collection":[{"href":"https:\/\/www.visionweb.com.ar\/index.php?rest_route=\/wp\/v2\/posts"}],"about":[{"href":"https:\/\/www.visionweb.com.ar\/index.php?rest_route=\/wp\/v2\/types\/post"}],"author":[{"embeddable":true,"href":"https:\/\/www.visionweb.com.ar\/index.php?rest_route=\/wp\/v2\/users\/4"}],"replies":[{"embeddable":true,"href":"https:\/\/www.visionweb.com.ar\/index.php?rest_route=%2Fwp%2Fv2%2Fcomments&post=16417"}],"version-history":[{"count":1,"href":"https:\/\/www.visionweb.com.ar\/index.php?rest_route=\/wp\/v2\/posts\/16417\/revisions"}],"predecessor-version":[{"id":16418,"href":"https:\/\/www.visionweb.com.ar\/index.php?rest_route=\/wp\/v2\/posts\/16417\/revisions\/16418"}],"wp:featuredmedia":[{"embeddable":true,"href":"https:\/\/www.visionweb.com.ar\/index.php?rest_route=\/wp\/v2\/media\/9560"}],"wp:attachment":[{"href":"https:\/\/www.visionweb.com.ar\/index.php?rest_route=%2Fwp%2Fv2%2Fmedia&parent=16417"}],"wp:term":[{"taxonomy":"category","embeddable":true,"href":"https:\/\/www.visionweb.com.ar\/index.php?rest_route=%2Fwp%2Fv2%2Fcategories&post=16417"},{"taxonomy":"post_tag","embeddable":true,"href":"https:\/\/www.visionweb.com.ar\/index.php?rest_route=%2Fwp%2Fv2%2Ftags&post=16417"}],"curies":[{"name":"wp","href":"https:\/\/api.w.org\/{rel}","templated":true}]}}