{"id":16397,"date":"2024-11-12T11:32:41","date_gmt":"2024-11-12T14:32:41","guid":{"rendered":"https:\/\/www.visionweb.com.ar\/?p=16397"},"modified":"2024-11-12T11:42:46","modified_gmt":"2024-11-12T14:42:46","slug":"una-multitud-celebro-el-dia-de-la-tradicion-con-un-desfile-tradicionalista-en-alte-brown","status":"publish","type":"post","link":"https:\/\/www.visionweb.com.ar\/?p=16397","title":{"rendered":"Una multitud celebr\u00f3 el \u201cD\u00eda de la Tradici\u00f3n\u201d con un desfile tradicionalista en Alte Brown"},"content":{"rendered":"<p class=\"yiv2676390619ydp4d89e85bmsonormal\"><em><strong>El broche de oro y cierre del encuentro tradicionalista estuvo a cargo del cantor y compositor, Marcelo Miraglia, quien deleit\u00f3 con su m\u00fasica a los vecinos y turistas que fueron de la partida.<\/strong><\/em><!--more--><\/p>\n<p class=\"yiv2676390619ydp4d89e85bmsonormal\"><img loading=\"lazy\" decoding=\"async\" class=\"size-medium wp-image-16398 alignright\" src=\"https:\/\/www.visionweb.com.ar\/wp-content\/uploads\/2024\/11\/BROWON-DIA-DE-LA-TRADICION-300x183.png\" alt=\"\" width=\"300\" height=\"183\" srcset=\"https:\/\/www.visionweb.com.ar\/wp-content\/uploads\/2024\/11\/BROWON-DIA-DE-LA-TRADICION-300x183.png 300w, https:\/\/www.visionweb.com.ar\/wp-content\/uploads\/2024\/11\/BROWON-DIA-DE-LA-TRADICION.png 640w\" sizes=\"auto, (max-width: 300px) 100vw, 300px\" \/>Cientos de vecinos se dieron cita este domingo 10 de noviembre en la Plaza Eva Per\u00f3n de Ministro Rivadavia para celebrar el \u201cD\u00eda de la Tradici\u00f3n\u201d participando de un colorido desfile tradicionalista y una pe\u00f1a folkl\u00f3rica protagonizada por artistas de nuestra regi\u00f3n.<\/p>\n<p class=\"yiv2676390619ydp4d89e85bmsonormal\">\u201cLa tradici\u00f3n es el alma de nuestro Pueblo. Por eso en este domingo soleado nos reunimos en la zona rural de nuestro distrito para honrar la memoria de Jos\u00e9 Hern\u00e1ndez, el creador del Mart\u00edn Fierro y un gran defensor de la identidad nacional\u201d, indic\u00f3 el intendente Mariano Cascallares.<\/p>\n<p class=\"yiv2676390619ydp4d89e85bmsonormal\"><strong>La celebraci\u00f3n criolla tuvo como escenario el citado paseo por donde desfilaron los carruajes y tropillas junto a las instituciones tradicionalistas de nuestra regi\u00f3n<\/strong>.<\/p>\n<p class=\"yiv2676390619ydp4d89e85bmsonormal\">Las tonadas de los payadores y los trajes t\u00edpicos le aportaron color al multitudinario festejo patrio.<\/p>\n<p class=\"yiv2676390619ydp4d89e85bmsonormal\">En ese marco el jefe comunal agreg\u00f3 que \u201c<strong>un pueblo sin tradici\u00f3n es como un \u00e1rbol sin ra\u00edces<\/strong>\u201d, y en ese marco celebr\u00f3 la gran participaci\u00f3n popular en los festejos de este domingo, especialmente de las familias que se acercaron hasta la calle Lahille entre Sandoval y Mariano Acosta.<\/p>\n<p class=\"yiv2676390619ydp4d89e85bmsonormal\">En los festejos se destac\u00f3 <strong>el desfile a caballo y el paso de carruajes de los centros tradicionistas.<\/strong> Adem\u00e1s durante la tarde el p\u00fablico disfrut\u00f3 de los shows en vivo de \u201cMe Dicen Chango\u201d, \u201cCarina Andino\u201d, \u201cJuntos por el Chamam\u00e9\u201d y los payadores Pablo Dom\u00ednguez y Leandro Lemos. Adem\u00e1s, entre otros, actu\u00f3 el ballet \u201cCautivos de la Danza\u201d.<\/p>\n<p class=\"yiv2676390619ydp4d89e85bmsonormal\">El broche de oro y cierre del encuentro tradicionalista estuvo a cargo del cantor y compositor, Marcelo Miraglia, quien deleit\u00f3 con su m\u00fasica a todos presentes.<\/p>\n<p class=\"yiv2676390619ydp4d89e85bmsonormal\">Entre muchos otros, participaron del desfile criollo y de la pena folkl\u00f3rica los centros tradicionalistas El Fort\u00edn de Glew, Los Candiles de Adrogu\u00e9, El \u00faltimo resero Eugenio Dousdebe, El Bosal, Las Perdices, El Carpincho y La Pulper\u00eda de Glew<strong>(VW)<\/strong>.<\/p>\n","protected":false},"excerpt":{"rendered":"<p>El broche de oro y cierre del encuentro tradicionalista estuvo a cargo del cantor y compositor, Marcelo Miraglia, quien deleit\u00f3 con su m\u00fasica a los vecinos y turistas que fueron de la partida.<\/p>\n","protected":false},"author":3,"featured_media":16398,"comment_status":"closed","ping_status":"closed","sticky":false,"template":"","format":"standard","meta":{"_monsterinsights_skip_tracking":false,"_monsterinsights_sitenote_active":false,"_monsterinsights_sitenote_note":"","_monsterinsights_sitenote_category":0,"footnotes":""},"categories":[7,5],"tags":[6932,6929,6931,2501,6930],"class_list":["post-16397","post","type-post","status-publish","format-standard","has-post-thumbnail","hentry","category-educacion-y-cultura","category-sociedad","tag-danzas","tag-desasfile","tag-folklore","tag-grupos","tag-tradionalista"],"_links":{"self":[{"href":"https:\/\/www.visionweb.com.ar\/index.php?rest_route=\/wp\/v2\/posts\/16397","targetHints":{"allow":["GET"]}}],"collection":[{"href":"https:\/\/www.visionweb.com.ar\/index.php?rest_route=\/wp\/v2\/posts"}],"about":[{"href":"https:\/\/www.visionweb.com.ar\/index.php?rest_route=\/wp\/v2\/types\/post"}],"author":[{"embeddable":true,"href":"https:\/\/www.visionweb.com.ar\/index.php?rest_route=\/wp\/v2\/users\/3"}],"replies":[{"embeddable":true,"href":"https:\/\/www.visionweb.com.ar\/index.php?rest_route=%2Fwp%2Fv2%2Fcomments&post=16397"}],"version-history":[{"count":1,"href":"https:\/\/www.visionweb.com.ar\/index.php?rest_route=\/wp\/v2\/posts\/16397\/revisions"}],"predecessor-version":[{"id":16399,"href":"https:\/\/www.visionweb.com.ar\/index.php?rest_route=\/wp\/v2\/posts\/16397\/revisions\/16399"}],"wp:featuredmedia":[{"embeddable":true,"href":"https:\/\/www.visionweb.com.ar\/index.php?rest_route=\/wp\/v2\/media\/16398"}],"wp:attachment":[{"href":"https:\/\/www.visionweb.com.ar\/index.php?rest_route=%2Fwp%2Fv2%2Fmedia&parent=16397"}],"wp:term":[{"taxonomy":"category","embeddable":true,"href":"https:\/\/www.visionweb.com.ar\/index.php?rest_route=%2Fwp%2Fv2%2Fcategories&post=16397"},{"taxonomy":"post_tag","embeddable":true,"href":"https:\/\/www.visionweb.com.ar\/index.php?rest_route=%2Fwp%2Fv2%2Ftags&post=16397"}],"curies":[{"name":"wp","href":"https:\/\/api.w.org\/{rel}","templated":true}]}}