{"id":16395,"date":"2024-11-12T11:19:42","date_gmt":"2024-11-12T14:19:42","guid":{"rendered":"https:\/\/www.visionweb.com.ar\/?p=16395"},"modified":"2024-11-12T11:19:42","modified_gmt":"2024-11-12T14:19:42","slug":"el-gobierno-anuncio-el-fin-del-programa-procrear","status":"publish","type":"post","link":"https:\/\/www.visionweb.com.ar\/?p=16395","title":{"rendered":"El Gobierno anunci\u00f3 el fin del programa Procrear"},"content":{"rendered":"<h4 class=\"article-deck\"><em>La medida, anunciada por redes sociales, ser\u00e1 formalizada en las pr\u00f3ximas horas en el Bolet\u00edn Oficial que se publicar\u00e1 este martes.<\/em><\/h4>\n<p><!--more--><\/p>\n<p><img loading=\"lazy\" decoding=\"async\" class=\"size-medium wp-image-9487 alignright\" src=\"https:\/\/www.visionweb.com.ar\/wp-content\/uploads\/2023\/02\/Acumar-viviendas-300x200.jpg\" alt=\"\" width=\"300\" height=\"200\" srcset=\"https:\/\/www.visionweb.com.ar\/wp-content\/uploads\/2023\/02\/Acumar-viviendas-300x200.jpg 300w, https:\/\/www.visionweb.com.ar\/wp-content\/uploads\/2023\/02\/Acumar-viviendas.bmp 462w\" sizes=\"auto, (max-width: 300px) 100vw, 300px\" \/>El Gobierno de\u00a0<strong>Javier Milei<\/strong>\u00a0anunci\u00f3 el final del\u00a0<strong>programa Procrear<\/strong>, uno de las principales iniciativas que tuvo el kirchnerismo.<\/p>\n<p>En ese sentido, la noticia la dio el vocero presidencial,\u00a0<strong>Manuel Adorni,<\/strong>\u00a0en su cuenta de X (antes Twitter), una forma ya habitual de brindar la informaci\u00f3n.<\/p>\n<p><strong>\u00abDos novedades econ\u00f3micas: a partir de ma\u00f1ana (por este martes),\u00a0 el plan Procrear tal y como lo conocemos dejar\u00e1 de existir. Adem\u00e1s de esto, se comenzar\u00e1n a permitir las `hipotecas divisibles` para proyectos inmobiliarios en desarrollo\u00bb<\/strong>, indic\u00f3 en su red social.<\/p>\n<p>Las dos medidas ser\u00e1n formalizadas en las pr\u00f3ximas horas en el<strong>\u00a0Bolet\u00edn Oficial<\/strong>\u00a0que ser\u00e1 publicado este martes.<\/p>\n<p>El anuncio se realiz\u00f3 por redes sociales, lo mismo que hab\u00eda ocurrido con el cambio de nombre del ahora ex<strong>\u00a0Gasoducto N\u00e9stor Kirchner y con la desregulaci\u00f3n del servicio de correos y operadores postales.<\/strong><\/p>\n<p>Ahora, se hizo lo mismo con el final del programa Procrear, uno de los principales anuncios que se llev\u00f3 a cabo durante el kirchnerismo. <strong>(VW)<\/strong><\/p>\n","protected":false},"excerpt":{"rendered":"<p>La medida, anunciada por redes sociales, ser\u00e1 formalizada en las pr\u00f3ximas horas en el Bolet\u00edn Oficial que se publicar\u00e1 este martes.<\/p>\n","protected":false},"author":3,"featured_media":8071,"comment_status":"closed","ping_status":"closed","sticky":false,"template":"","format":"standard","meta":{"_monsterinsights_skip_tracking":false,"_monsterinsights_sitenote_active":false,"_monsterinsights_sitenote_note":"","_monsterinsights_sitenote_category":0,"footnotes":""},"categories":[8,5],"tags":[6928,271,217,270],"class_list":["post-16395","post","type-post","status-publish","format-standard","has-post-thumbnail","hentry","category-interes-general","category-sociedad","tag-compra","tag-programa","tag-tasas","tag-viviendas"],"_links":{"self":[{"href":"https:\/\/www.visionweb.com.ar\/index.php?rest_route=\/wp\/v2\/posts\/16395","targetHints":{"allow":["GET"]}}],"collection":[{"href":"https:\/\/www.visionweb.com.ar\/index.php?rest_route=\/wp\/v2\/posts"}],"about":[{"href":"https:\/\/www.visionweb.com.ar\/index.php?rest_route=\/wp\/v2\/types\/post"}],"author":[{"embeddable":true,"href":"https:\/\/www.visionweb.com.ar\/index.php?rest_route=\/wp\/v2\/users\/3"}],"replies":[{"embeddable":true,"href":"https:\/\/www.visionweb.com.ar\/index.php?rest_route=%2Fwp%2Fv2%2Fcomments&post=16395"}],"version-history":[{"count":1,"href":"https:\/\/www.visionweb.com.ar\/index.php?rest_route=\/wp\/v2\/posts\/16395\/revisions"}],"predecessor-version":[{"id":16396,"href":"https:\/\/www.visionweb.com.ar\/index.php?rest_route=\/wp\/v2\/posts\/16395\/revisions\/16396"}],"wp:featuredmedia":[{"embeddable":true,"href":"https:\/\/www.visionweb.com.ar\/index.php?rest_route=\/wp\/v2\/media\/8071"}],"wp:attachment":[{"href":"https:\/\/www.visionweb.com.ar\/index.php?rest_route=%2Fwp%2Fv2%2Fmedia&parent=16395"}],"wp:term":[{"taxonomy":"category","embeddable":true,"href":"https:\/\/www.visionweb.com.ar\/index.php?rest_route=%2Fwp%2Fv2%2Fcategories&post=16395"},{"taxonomy":"post_tag","embeddable":true,"href":"https:\/\/www.visionweb.com.ar\/index.php?rest_route=%2Fwp%2Fv2%2Ftags&post=16395"}],"curies":[{"name":"wp","href":"https:\/\/api.w.org\/{rel}","templated":true}]}}