{"id":16382,"date":"2024-11-11T12:04:34","date_gmt":"2024-11-11T15:04:34","guid":{"rendered":"https:\/\/www.visionweb.com.ar\/?p=16382"},"modified":"2024-11-11T12:04:34","modified_gmt":"2024-11-11T15:04:34","slug":"el-gasoducto-nestor-kirchner-ahora-se-llamara-perito-moreno","status":"publish","type":"post","link":"https:\/\/www.visionweb.com.ar\/?p=16382","title":{"rendered":"El Gasoducto \u00abN\u00e9stor Kirchner\u00bb ahora se llamar\u00e1 \u201cPerito Moreno\u201d"},"content":{"rendered":"<p><em><strong>Qued\u00f3 oficializado el cambio de nombre del Gasoducto por el del pr\u00f3cer que \u00abpermiti\u00f3 consolidar la soberan\u00eda Argentina en la Patagonia\u00bb a trav\u00e9s de su trabajo cient\u00edfico y pol\u00edtico.<\/strong><\/em><!--more--><\/p>\n<p><img loading=\"lazy\" decoding=\"async\" class=\"size-medium wp-image-6772 alignright\" src=\"https:\/\/www.visionweb.com.ar\/wp-content\/uploads\/2022\/08\/gasoducto-271x300.jpg\" alt=\"\" width=\"271\" height=\"300\" srcset=\"https:\/\/www.visionweb.com.ar\/wp-content\/uploads\/2022\/08\/gasoducto-271x300.jpg 271w, https:\/\/www.visionweb.com.ar\/wp-content\/uploads\/2022\/08\/gasoducto.jpg 404w\" sizes=\"auto, (max-width: 271px) 100vw, 271px\" \/>\u00a0 <strong>L<\/strong>a\u00a0<strong>Secretar\u00eda de Energ\u00eda del Ministerio de Econom\u00eda de la Naci\u00f3n<\/strong>, resolvi\u00f3 renombrar el\u00a0<strong>Gasoducto \u00abN\u00e9stor Kirchner\u00bb, <\/strong>que\u00a0pasar\u00e1 a llamarse\u00a0<strong>\u00abPerito Francisco Pascasio Moreno\u00bb<\/strong>.<\/p>\n<p>La acci\u00f3n qued\u00f3 oficializada con la\u00a0<strong><a href=\"https:\/\/www.boletinoficial.gob.ar\/detalleAviso\/primera\/316840\/20241111\">Resoluci\u00f3n 326\/24<\/a><\/strong>\u00a0firmada por la secretaria de Energ\u00eda de la Naci\u00f3n,\u00a0<strong>Mar\u00eda Carmen Tettamanti<\/strong>, con el fundamento que \u00ab<strong>la denominaci\u00f3n o identificaci\u00f3n de obras de infraestructura p\u00fablica, monumentos hist\u00f3ricos, edificios y afines en ning\u00fan caso deber\u00eda responder a intereses pol\u00edticos, atento a que se desvirtuar\u00eda la finalidad y el significado cultural<\/strong>\u00ab.<\/p>\n<p>El nuevo nombre del gasoducto,\u00a0<strong>Perito Francisco Pascasio Moreno<\/strong>, fue elegido en honor al reconocido cient\u00edfico perteneciente a la llamada\u00a0<strong>Generaci\u00f3n del Ochenta<\/strong>\u00a0tan aclamada por<strong>\u00a0Javier Milei<\/strong>.<\/p>\n<p>En la Resoluci\u00f3n se destaca que\u00a0<strong>el pr\u00f3cer \u00abpermiti\u00f3 consolidar la soberan\u00eda Argentina en la Patagonia\u00bb a trav\u00e9s de su trabajo cient\u00edfico y pol\u00edtico<\/strong>.<\/p>\n<p>En paralelo, contin\u00faa vigente la\u00a0<strong>declaraci\u00f3n \u00abde inter\u00e9s p\u00fablico nacional\u00bb<\/strong>\u00a0de la obra en cuesti\u00f3n. Para la administraci\u00f3n libertaria, es un \u00ab<strong>proyecto estrat\u00e9gico para el desarrollo del gas natural<\/strong>\u00ab.<\/p>\n<p>Seg\u00fan el texto publicado, \u00abPerito Francisco Moreno fue un naturalista, explorador y ge\u00f3grafo integrante de la Generaci\u00f3n de 1880. Su rol como perito, en la marcaci\u00f3n de los l\u00edmites geogr\u00e1ficos de la regi\u00f3n patag\u00f3nica entre la Argentina y Chile result\u00f3 decisiva a la hora de establecer la soberan\u00eda territorial de nuestro pa\u00eds\u00bb.<\/p>\n<p>A su vez, el\u00a0<strong>Ejecutivo\u00a0<\/strong>aprovech\u00f3 para disparar contra la gesti\u00f3n anterior: \u00abEl ex \u201cGasoducto Presidente N\u00e9stor Kirchner\u201d padeci\u00f3 retrasos que le costaron a los argentinos cientos de millones de d\u00f3lares a causa de la impericia t\u00e9cnica y las internas pol\u00edticas del gobierno anterior. Anunciada en 2019, el gobierno de Alberto Fern\u00e1ndez suspendi\u00f3 la licitaci\u00f3n inicial y demor\u00f3 dos a\u00f1os para lanzar una nueva, hasta noviembre de 2021. La construcci\u00f3n del primer tramo reci\u00e9n concluy\u00f3 en julio de 2023, coincidente con la campa\u00f1a electoral\u00bb.<\/p>\n<p>En ese sentido, concluyeron: \u00abEste gobierno resolvi\u00f3 la situaci\u00f3n de las deudas pendientes y complet\u00f3 el Gasoducto, actualmente operativo a plena capacidad transportando 24 millones de metros c\u00fabicos por d\u00eda\u00bb. <strong>(VW)<\/strong><\/p>\n","protected":false},"excerpt":{"rendered":"<p>Qued\u00f3 oficializado el cambio de nombre del Gasoducto por el del pr\u00f3cer que \u00abpermiti\u00f3 consolidar la soberan\u00eda Argentina en la Patagonia\u00bb a trav\u00e9s de su trabajo cient\u00edfico y pol\u00edtico.<\/p>\n","protected":false},"author":4,"featured_media":6772,"comment_status":"closed","ping_status":"closed","sticky":false,"template":"","format":"standard","meta":{"_monsterinsights_skip_tracking":false,"_monsterinsights_sitenote_active":false,"_monsterinsights_sitenote_note":"","_monsterinsights_sitenote_category":0,"footnotes":""},"categories":[8,4],"tags":[5884,2779,6927],"class_list":["post-16382","post","type-post","status-publish","format-standard","has-post-thumbnail","hentry","category-interes-general","category-politica","tag-cambio-de-nombre","tag-gasoducto-nestor-kirchner","tag-perito-moreno"],"_links":{"self":[{"href":"https:\/\/www.visionweb.com.ar\/index.php?rest_route=\/wp\/v2\/posts\/16382","targetHints":{"allow":["GET"]}}],"collection":[{"href":"https:\/\/www.visionweb.com.ar\/index.php?rest_route=\/wp\/v2\/posts"}],"about":[{"href":"https:\/\/www.visionweb.com.ar\/index.php?rest_route=\/wp\/v2\/types\/post"}],"author":[{"embeddable":true,"href":"https:\/\/www.visionweb.com.ar\/index.php?rest_route=\/wp\/v2\/users\/4"}],"replies":[{"embeddable":true,"href":"https:\/\/www.visionweb.com.ar\/index.php?rest_route=%2Fwp%2Fv2%2Fcomments&post=16382"}],"version-history":[{"count":1,"href":"https:\/\/www.visionweb.com.ar\/index.php?rest_route=\/wp\/v2\/posts\/16382\/revisions"}],"predecessor-version":[{"id":16383,"href":"https:\/\/www.visionweb.com.ar\/index.php?rest_route=\/wp\/v2\/posts\/16382\/revisions\/16383"}],"wp:featuredmedia":[{"embeddable":true,"href":"https:\/\/www.visionweb.com.ar\/index.php?rest_route=\/wp\/v2\/media\/6772"}],"wp:attachment":[{"href":"https:\/\/www.visionweb.com.ar\/index.php?rest_route=%2Fwp%2Fv2%2Fmedia&parent=16382"}],"wp:term":[{"taxonomy":"category","embeddable":true,"href":"https:\/\/www.visionweb.com.ar\/index.php?rest_route=%2Fwp%2Fv2%2Fcategories&post=16382"},{"taxonomy":"post_tag","embeddable":true,"href":"https:\/\/www.visionweb.com.ar\/index.php?rest_route=%2Fwp%2Fv2%2Ftags&post=16382"}],"curies":[{"name":"wp","href":"https:\/\/api.w.org\/{rel}","templated":true}]}}