{"id":16372,"date":"2024-11-08T15:41:43","date_gmt":"2024-11-08T18:41:43","guid":{"rendered":"https:\/\/www.visionweb.com.ar\/?p=16372"},"modified":"2024-11-08T15:41:43","modified_gmt":"2024-11-08T18:41:43","slug":"provincia-proyecto-del-pro-propone-examenes-de-idoneidad-para-los-empleados-publicos","status":"publish","type":"post","link":"https:\/\/www.visionweb.com.ar\/?p=16372","title":{"rendered":"Provincia: Proyecto del PRO propone ex\u00e1menes de idoneidad para los empleados p\u00fablicos"},"content":{"rendered":"<p><em><strong>El diputado Mart\u00edn Endere impulsa un proyecto que propone ex\u00e1menes de idoneidad para los aspirantes a la administraci\u00f3n p\u00fablica bonaerense, en l\u00ednea con Milei.<\/strong><\/em><!--more--><\/p>\n<p><strong> <img loading=\"lazy\" decoding=\"async\" class=\"size-medium wp-image-4615 alignright\" src=\"https:\/\/www.visionweb.com.ar\/wp-content\/uploads\/2022\/02\/CASA-DE-GOBIERNO-PBA-300x195.png\" alt=\"\" width=\"300\" height=\"195\" srcset=\"https:\/\/www.visionweb.com.ar\/wp-content\/uploads\/2022\/02\/CASA-DE-GOBIERNO-PBA-300x195.png 300w, https:\/\/www.visionweb.com.ar\/wp-content\/uploads\/2022\/02\/CASA-DE-GOBIERNO-PBA-768x498.png 768w, https:\/\/www.visionweb.com.ar\/wp-content\/uploads\/2022\/02\/CASA-DE-GOBIERNO-PBA.png 800w\" sizes=\"auto, (max-width: 300px) 100vw, 300px\" \/>\u00a0\u00a0 E<\/strong>l diputado <strong>Mart\u00edn Endere (PRO)<\/strong> present\u00f3 un proyecto de ley\u00a0que propone implementar un<strong> examen de idoneidad obligatorio para los aspirantes a trabajar en la administraci\u00f3n p\u00fablica de la Provincia.<\/strong><\/p>\n<p>El proyecto establece que los ex\u00e1menes contemplar\u00e1n \u201cconocimientos y competencias generales\u201d para todos aquellos que aspiren a ingresar al Estado provincial, con la excepci\u00f3n de quienes se postulen para puestos que ya tienen un proceso de selecci\u00f3n propio, como los cargos en la polic\u00eda, los penitenciarios, los docentes y el personal m\u00e9dico, entre otros.<\/p>\n<p>En declaraciones al respecto,\u00a0<strong>Endere\u00a0<\/strong>explic\u00f3 que la propuesta responde a la \u201cnecesidad indudable\u201d de modernizar la estructura del Estado bonaerense, y que el objetivo es contar con una \u201cplanta m\u00e1s eficiente y de libre acceso para todos los vecinos\u201d, expres\u00f3.<\/p>\n<p>Una de las particularidades de este proyecto es que<strong> propone que los ex\u00e1menes sean an\u00f3nimos, <\/strong>lo que significa que <strong>el desempe\u00f1o de los aspirantes ser\u00e1 lo \u00fanico que determine su ingreso, eliminando cualquier posibilidad de discriminaci\u00f3n o favoritismo<\/strong>.<\/p>\n<p>\u00abLos partidos gobernantes suelen utilizar las gestiones para otorgar cargos a sus militantes, sin importar en algunos casos cu\u00e1n preparados o capacitados se encuentren\u00bb, se\u00f1al\u00f3 el diputado.<\/p>\n<p>Adem\u00e1s,\u00a0<strong>Endere<\/strong>\u00a0explic\u00f3 que el objetivo de esta medida es asegurar que las posibilidades de hacer carrera en el sector p\u00fablico sean abiertas para todos los trabajadores, y no solo para aquellos favorecidos por su vinculaci\u00f3n pol\u00edtica. \u201c<strong>Hoy, la planta de la administraci\u00f3n p\u00fablica tiene alrededor de 500 mil empleados, y en muchos casos, las designaciones responden m\u00e1s a razones pol\u00edticas<\/strong> que a la verdadera capacidad de los aspirantes\u201d, critic\u00f3.<\/p>\n<p>El proyecto tambi\u00e9n establece que los responsables de recursos humanos de cada unidad ser\u00e1n los encargados de recopilar la informaci\u00f3n sobre los aspirantes que rindan el examen. Estos datos ser\u00e1n consignados en un expediente personal, y la evaluaci\u00f3n ser\u00e1 determinante para definir las incorporaciones a la administraci\u00f3n p\u00fablica provincial.<\/p>\n<p>Con esta medida,\u00a0<strong>Endere<\/strong>\u00a0busca poner fin a lo que considera una \u201cfalta de profesionalizaci\u00f3n\u201d en el empleo estatal, dando paso a un sistema m\u00e1s transparente y meritocr\u00e1tico. <strong>(VW)<\/strong><\/p>\n<p>&nbsp;<\/p>\n","protected":false},"excerpt":{"rendered":"<p>El diputado Mart\u00edn Endere impulsa un proyecto que propone ex\u00e1menes de idoneidad para los aspirantes a la administraci\u00f3n p\u00fablica bonaerense, en l\u00ednea con Milei.<\/p>\n","protected":false},"author":4,"featured_media":4615,"comment_status":"closed","ping_status":"closed","sticky":false,"template":"","format":"standard","meta":{"_monsterinsights_skip_tracking":false,"_monsterinsights_sitenote_active":false,"_monsterinsights_sitenote_note":"","_monsterinsights_sitenote_category":0,"footnotes":""},"categories":[4],"tags":[6920,6922,545,6921],"class_list":["post-16372","post","type-post","status-publish","format-standard","has-post-thumbnail","hentry","category-politica","tag-diputado-bonaerense","tag-examen-a-empleados-publicos","tag-pro","tag-prooyecto"],"_links":{"self":[{"href":"https:\/\/www.visionweb.com.ar\/index.php?rest_route=\/wp\/v2\/posts\/16372","targetHints":{"allow":["GET"]}}],"collection":[{"href":"https:\/\/www.visionweb.com.ar\/index.php?rest_route=\/wp\/v2\/posts"}],"about":[{"href":"https:\/\/www.visionweb.com.ar\/index.php?rest_route=\/wp\/v2\/types\/post"}],"author":[{"embeddable":true,"href":"https:\/\/www.visionweb.com.ar\/index.php?rest_route=\/wp\/v2\/users\/4"}],"replies":[{"embeddable":true,"href":"https:\/\/www.visionweb.com.ar\/index.php?rest_route=%2Fwp%2Fv2%2Fcomments&post=16372"}],"version-history":[{"count":1,"href":"https:\/\/www.visionweb.com.ar\/index.php?rest_route=\/wp\/v2\/posts\/16372\/revisions"}],"predecessor-version":[{"id":16373,"href":"https:\/\/www.visionweb.com.ar\/index.php?rest_route=\/wp\/v2\/posts\/16372\/revisions\/16373"}],"wp:featuredmedia":[{"embeddable":true,"href":"https:\/\/www.visionweb.com.ar\/index.php?rest_route=\/wp\/v2\/media\/4615"}],"wp:attachment":[{"href":"https:\/\/www.visionweb.com.ar\/index.php?rest_route=%2Fwp%2Fv2%2Fmedia&parent=16372"}],"wp:term":[{"taxonomy":"category","embeddable":true,"href":"https:\/\/www.visionweb.com.ar\/index.php?rest_route=%2Fwp%2Fv2%2Fcategories&post=16372"},{"taxonomy":"post_tag","embeddable":true,"href":"https:\/\/www.visionweb.com.ar\/index.php?rest_route=%2Fwp%2Fv2%2Ftags&post=16372"}],"curies":[{"name":"wp","href":"https:\/\/api.w.org\/{rel}","templated":true}]}}