{"id":16366,"date":"2024-11-08T09:12:20","date_gmt":"2024-11-08T12:12:20","guid":{"rendered":"https:\/\/www.visionweb.com.ar\/?p=16366"},"modified":"2024-11-08T09:12:20","modified_gmt":"2024-11-08T12:12:20","slug":"la-provincia-lanza-la-red-buenos-aires-coopera","status":"publish","type":"post","link":"https:\/\/www.visionweb.com.ar\/?p=16366","title":{"rendered":"La Provincia lanza la red Buenos Aires Coopera"},"content":{"rendered":"<p><strong><em>La iniciativa busca fomentar la internacionalizaci\u00f3n de los municipios de la provincia. En este primer encuentro participaron representantes de trece municipios.<\/em><\/strong><!--more--><\/p>\n<p><img loading=\"lazy\" decoding=\"async\" class=\"size-medium wp-image-16367 alignright\" src=\"https:\/\/www.visionweb.com.ar\/wp-content\/uploads\/2024\/11\/INTENDENTES-300x140.png\" alt=\"\" width=\"300\" height=\"140\" srcset=\"https:\/\/www.visionweb.com.ar\/wp-content\/uploads\/2024\/11\/INTENDENTES-300x140.png 300w, https:\/\/www.visionweb.com.ar\/wp-content\/uploads\/2024\/11\/INTENDENTES-520x245.png 520w, https:\/\/www.visionweb.com.ar\/wp-content\/uploads\/2024\/11\/INTENDENTES.png 640w\" sizes=\"auto, (max-width: 300px) 100vw, 300px\" \/>Autoridades del Ministerio de Gobierno de la Provincia y de las \u00e1reas de relaciones internacionales de diversos municipios bonaerenses pusieron en marcha este jueves, la red Buenos Aires Coopera, una iniciativa destinada a impulsar la internacionalizaci\u00f3n de los gobiernos locales.<\/p>\n<p>El encuentro, que tuvo lugar en La Plata, fue encabezado por subsecretario de Relaciones Internacionales e Interjurisdiccionales, Juan Manuel Pad\u00edn, quien se\u00f1al\u00f3: \u201cLos convocamos a construir una agenda bonaerense de cooperaci\u00f3n internacional que potencie los intereses de nuestra provincia y nos permita consolidar la experiencia adquirida a fin de multiplicar las oportunidades de desarrollo\u00bb, consiganaron fuentes cercanas a la reuni\u00f3n.<\/p>\n<p>A su turno, el director provincial de Planeamiento y Cooperaci\u00f3n Internacional, Mariano Barrios, el director de Planeamiento Estrat\u00e9gico y Formaci\u00f3n, Dami\u00e1n Paik\u00edn, y la directora de Asuntos Consulares, Micaela Palacios, expusieron ante las y los participantes las l\u00edneas de trabajo de las respectivas \u00e1reas. Luego, las y los asistentes detallaron sus experiencias y \u00e1reas de inter\u00e9s en vistas de la planificaci\u00f3n de los objetivos de la agenda internacional bonaerense para el a\u00f1o 2025.<\/p>\n<p>De esta primera reuni\u00f3n de la red Buenos Aires Coopera participaron representantes de <strong>los municipios de Almirante Brown, Avellaneda, Berisso, Chascom\u00fas, General Rodr\u00edguez, Lomas de Zamora, Magdalena, Marcos Paz, Merlo, Mor\u00f3n, Pilar, Quilmes y Suipach<\/strong>a<strong>(VW)<\/strong>.<\/p>\n<p>&nbsp;<\/p>\n","protected":false},"excerpt":{"rendered":"<p>La iniciativa busca fomentar la internacionalizaci\u00f3n de los municipios de la provincia. En este primer encuentro participaron representantes de trece municipios.<\/p>\n","protected":false},"author":3,"featured_media":16367,"comment_status":"closed","ping_status":"closed","sticky":false,"template":"","format":"standard","meta":{"_monsterinsights_skip_tracking":false,"_monsterinsights_sitenote_active":false,"_monsterinsights_sitenote_note":"","_monsterinsights_sitenote_category":0,"footnotes":""},"categories":[4],"tags":[40,264,6918],"class_list":["post-16366","post","type-post","status-publish","format-standard","has-post-thumbnail","hentry","category-politica","tag-desarrollo","tag-intendentes","tag-internacionales"],"_links":{"self":[{"href":"https:\/\/www.visionweb.com.ar\/index.php?rest_route=\/wp\/v2\/posts\/16366","targetHints":{"allow":["GET"]}}],"collection":[{"href":"https:\/\/www.visionweb.com.ar\/index.php?rest_route=\/wp\/v2\/posts"}],"about":[{"href":"https:\/\/www.visionweb.com.ar\/index.php?rest_route=\/wp\/v2\/types\/post"}],"author":[{"embeddable":true,"href":"https:\/\/www.visionweb.com.ar\/index.php?rest_route=\/wp\/v2\/users\/3"}],"replies":[{"embeddable":true,"href":"https:\/\/www.visionweb.com.ar\/index.php?rest_route=%2Fwp%2Fv2%2Fcomments&post=16366"}],"version-history":[{"count":1,"href":"https:\/\/www.visionweb.com.ar\/index.php?rest_route=\/wp\/v2\/posts\/16366\/revisions"}],"predecessor-version":[{"id":16368,"href":"https:\/\/www.visionweb.com.ar\/index.php?rest_route=\/wp\/v2\/posts\/16366\/revisions\/16368"}],"wp:featuredmedia":[{"embeddable":true,"href":"https:\/\/www.visionweb.com.ar\/index.php?rest_route=\/wp\/v2\/media\/16367"}],"wp:attachment":[{"href":"https:\/\/www.visionweb.com.ar\/index.php?rest_route=%2Fwp%2Fv2%2Fmedia&parent=16366"}],"wp:term":[{"taxonomy":"category","embeddable":true,"href":"https:\/\/www.visionweb.com.ar\/index.php?rest_route=%2Fwp%2Fv2%2Fcategories&post=16366"},{"taxonomy":"post_tag","embeddable":true,"href":"https:\/\/www.visionweb.com.ar\/index.php?rest_route=%2Fwp%2Fv2%2Ftags&post=16366"}],"curies":[{"name":"wp","href":"https:\/\/api.w.org\/{rel}","templated":true}]}}