{"id":16363,"date":"2024-11-08T09:00:09","date_gmt":"2024-11-08T12:00:09","guid":{"rendered":"https:\/\/www.visionweb.com.ar\/?p=16363"},"modified":"2024-11-08T09:00:09","modified_gmt":"2024-11-08T12:00:09","slug":"asi-se-vera-la-catedral-de-la-plata-con-nueva-iluminacion","status":"publish","type":"post","link":"https:\/\/www.visionweb.com.ar\/?p=16363","title":{"rendered":"As\u00ed se ver\u00e1 la Catedral de La Plata con nueva iluminaci\u00f3n"},"content":{"rendered":"<p><em><strong>El viernes 15 de noviembre, la Catedral de La Plata estrenar\u00e1 nueva iluminaci\u00f3n junto con el retorno de las campanas. Mir\u00e1 las fotos de lo que se viene.<\/strong><\/em><!--more--><\/p>\n<div id=\"attachment_16364\" style=\"width: 310px\" class=\"wp-caption alignleft\"><img loading=\"lazy\" decoding=\"async\" aria-describedby=\"caption-attachment-16364\" class=\"wp-image-16364 size-medium\" src=\"https:\/\/www.visionweb.com.ar\/wp-content\/uploads\/2024\/11\/CATEDRALO-DE-LA-PLATA-300x225.png\" alt=\"\" width=\"300\" height=\"225\" srcset=\"https:\/\/www.visionweb.com.ar\/wp-content\/uploads\/2024\/11\/CATEDRALO-DE-LA-PLATA-300x225.png 300w, https:\/\/www.visionweb.com.ar\/wp-content\/uploads\/2024\/11\/CATEDRALO-DE-LA-PLATA-320x240.png 320w, https:\/\/www.visionweb.com.ar\/wp-content\/uploads\/2024\/11\/CATEDRALO-DE-LA-PLATA.png 640w\" sizes=\"auto, (max-width: 300px) 100vw, 300px\" \/><p id=\"caption-attachment-16364\" class=\"wp-caption-text\"><em><strong>As\u00ed se ver\u00e1 la Catedral de La Plata, desde el 15 de noviembre por las noches (Imagen: Infocielo)<\/strong><\/em><\/p><\/div>\n<p>El viernes 15 de noviembre, a horas del aniversario n\u00famero 142 de la ciudad,\u00a0<strong>la\u00a0<a id=\"6920_agrupador\" class=\"agrupador\" href=\"https:\/\/infocielo.com\/catedral-a6920\">Catedral<\/a>\u00a0de La Plata celebrar\u00e1 la puesta en funcionamiento de su campanario y estrenar\u00e1 nueva iluminaci\u00f3n,<\/strong>\u00a0gracias a un proyecto impulsado en conjunto por<strong>\u00a0la Provincia de Buenos Aires, la\u00a0<a class=\"agrupador\" href=\"https:\/\/infocielo.com\/municipalidad-la-plata-a6832\" rel=\"6832\">Municipalidad de La Plata<\/a>, la Fundaci\u00f3n Catedral, el Arzobispado de La Plata y\u00a0<a id=\"802_agrupador\" class=\"agrupador\" href=\"https:\/\/infocielo.com\/edelap\">Edelap<\/a>.<\/strong><\/p>\n<p>La cita es a las 19 horas. Habr\u00e1 un show sinf\u00f3nico de\u00a0<strong>Nicol\u00e1s Sor\u00edn<\/strong>, gratuito y abierto a la comunidad, para mostrar una nueva iluminaci\u00f3n exterior eficiente, junto a un sistema inform\u00e1tico que pondr\u00e1 otra vez en funcionamiento su campanario.<\/p>\n<p>El proyecto promovido por la distribuidora de energ\u00eda local, denominado \u201cL\u00famina: luz, patrimonio e identidad\u201d, tiene como prop\u00f3sito poner en valor edificios, monumentos y espacios p\u00fablicos que forman parte del patrimonio platense.<\/p>\n<p>Hoy, la Catedral de La Plata -un impresionante templo neog\u00f3tico con secretos arquitect\u00f3nicos incre\u00edbles- solo cuenta con una iluminaci\u00f3n exterior general sobre todo su per\u00edmetro sin diferenciar ning\u00fan aspecto constructivo o simb\u00f3lico que permita hacer un reconocimiento de toda su riqueza arquitect\u00f3nica y ling\u00fc\u00edstica. Esa precariedad est\u00e1 a punto de tocar a su fin.<\/p>\n<p>El nuevo proyecto, del que trascendieron las primeras fotos, busca centrar la atenci\u00f3n en la Puesta en Valor del Templo Catedralicio con una mirada nocturna, que pueda ser reconocida a la distancia, desde cualquier punto de la ciudad, y que promueva el realce de las l\u00edneas propias del estilo neog\u00f3tico.<\/p>\n<p>En lo que respecta al campanario, su sistema de automatizaci\u00f3n hab\u00eda dejado de funcionar en diciembre de 2016 a causa de una descarga atmosf\u00e9rica que provoc\u00f3 que se borraran la totalidad de las melod\u00edas grabadas.<\/p>\n<p>El actual proyecto de puesta en valor fue liderado por dos expertos en preservaci\u00f3n de monumentos hist\u00f3ricos, Teresa de Anchorena y Fabio Grementieri, en conjunto con la comisi\u00f3n de Infraestructura de la Fundaci\u00f3n Catedral, Edelap y proveedores locales.<\/p>\n<p>El mismo implic\u00f3 la renovaci\u00f3n integral de la instalaci\u00f3n el\u00e9ctrica externa y la colocaci\u00f3n de 210 reflectores LED eficientes. Tambi\u00e9n la recuperaci\u00f3n de la operaci\u00f3n de los electropercutores que hacen funcionar las 25 campanas que integran el campanario sinf\u00f3nico, capaz de ejecutar decenas de melod\u00edas.<\/p>\n<p>Hemos recuperado la belleza y el esplendor por las noches de nuestra querida Catedral, el mayor templo neog\u00f3tico de Am\u00e9rica del Sur y un edificio emblema de nuestra ciudad que nos enorgullece por sus caracter\u00edsticas \u00fanicas\u201d, destac\u00f3 el intendente Julio Alak, y agreg\u00f3: \u201cLa Plata es una ciudad excepcional y estamos trabajando en recuperar su enorme patrimonio\u201d.<\/p>\n<p>Cabe destacar que durante el show inaugural, el m\u00fasico y compositor Nicol\u00e1s Sor\u00edn interpretar\u00e1 Sinfon\u00eda Ant\u00e1rtica, una obra inspirada en sus vivencias en el continente blanco y comprometida con la preservaci\u00f3n ambiental. Tras el espect\u00e1culo, se encender\u00e1 por primera vez el nuevo sistema de iluminaci\u00f3n junto al del campanario, para volver a ver a la Catedral llena de luz y m\u00fasica.(VW)<\/p>\n<p><strong>Fuente: Infocielo<\/strong><\/p>\n","protected":false},"excerpt":{"rendered":"<p>El viernes 15 de noviembre, la Catedral de La Plata estrenar\u00e1 nueva iluminaci\u00f3n junto con el retorno de las campanas. Mir\u00e1 las fotos de lo que se viene.<\/p>\n","protected":false},"author":3,"featured_media":16364,"comment_status":"closed","ping_status":"closed","sticky":false,"template":"","format":"standard","meta":{"_monsterinsights_skip_tracking":false,"_monsterinsights_sitenote_active":false,"_monsterinsights_sitenote_note":"","_monsterinsights_sitenote_category":0,"footnotes":""},"categories":[7,8],"tags":[2516,6917,95],"class_list":["post-16363","post","type-post","status-publish","format-standard","has-post-thumbnail","hentry","category-educacion-y-cultura","category-interes-general","tag-catedral","tag-iluminacion","tag-la-plata"],"_links":{"self":[{"href":"https:\/\/www.visionweb.com.ar\/index.php?rest_route=\/wp\/v2\/posts\/16363","targetHints":{"allow":["GET"]}}],"collection":[{"href":"https:\/\/www.visionweb.com.ar\/index.php?rest_route=\/wp\/v2\/posts"}],"about":[{"href":"https:\/\/www.visionweb.com.ar\/index.php?rest_route=\/wp\/v2\/types\/post"}],"author":[{"embeddable":true,"href":"https:\/\/www.visionweb.com.ar\/index.php?rest_route=\/wp\/v2\/users\/3"}],"replies":[{"embeddable":true,"href":"https:\/\/www.visionweb.com.ar\/index.php?rest_route=%2Fwp%2Fv2%2Fcomments&post=16363"}],"version-history":[{"count":1,"href":"https:\/\/www.visionweb.com.ar\/index.php?rest_route=\/wp\/v2\/posts\/16363\/revisions"}],"predecessor-version":[{"id":16365,"href":"https:\/\/www.visionweb.com.ar\/index.php?rest_route=\/wp\/v2\/posts\/16363\/revisions\/16365"}],"wp:featuredmedia":[{"embeddable":true,"href":"https:\/\/www.visionweb.com.ar\/index.php?rest_route=\/wp\/v2\/media\/16364"}],"wp:attachment":[{"href":"https:\/\/www.visionweb.com.ar\/index.php?rest_route=%2Fwp%2Fv2%2Fmedia&parent=16363"}],"wp:term":[{"taxonomy":"category","embeddable":true,"href":"https:\/\/www.visionweb.com.ar\/index.php?rest_route=%2Fwp%2Fv2%2Fcategories&post=16363"},{"taxonomy":"post_tag","embeddable":true,"href":"https:\/\/www.visionweb.com.ar\/index.php?rest_route=%2Fwp%2Fv2%2Ftags&post=16363"}],"curies":[{"name":"wp","href":"https:\/\/api.w.org\/{rel}","templated":true}]}}